{"id":4104,"date":"2019-12-10T10:43:15","date_gmt":"2019-12-10T09:43:15","guid":{"rendered":"https:\/\/fontenilles-vtt.fr\/wp\/?p=4104"},"modified":"2019-12-10T10:43:23","modified_gmt":"2019-12-10T09:43:23","slug":"retour-aux-basiques","status":"publish","type":"post","link":"https:\/\/fontenilles-vtt.fr\/wp\/?p=4104","title":{"rendered":"Retour aux basiques"},"content":{"rendered":"\n<p>Ce dimanche, nous sommes retourn\u00e9 aux bases, la pluie ayant un peu diminu\u00e9 durant la semaine. Nous f\u00fbment tr\u00e8s nombreux au stade pour un tour vers Bonrepos, la voie romaine, le bois de Saigu\u00e8de, une balade dans le ruisseau puis retour par les coteaux. Il y avait plein de nouveaux (Fabrice, Florian, Julien et 2 de ses potes ).<\/p>\n<p>La sortie fut mouvement\u00e9e. J&rsquo;ai explos\u00e9 mon pneu (avec mon vieux stump mal entretenu) et plong\u00e9 dans le ruisseau, Seb a cass\u00e9 une patte de d\u00e9railleur, Fabrice a eu des probl\u00e8mes de vitesse. Bref la m\u00e9canique a souffert.<\/p>\n<p>Mais ce fut un plaisir de rouler avec tant de passionn\u00e9s.<\/p>\n<p><a href=\"https:\/\/i0.wp.com\/fontenilles-vtt.fr\/wp\/wp-content\/uploads\/2019\/12\/2019-12-08-09.27.19-scaled.jpg?ssl=1\"><img data-recalc-dims=\"1\" loading=\"lazy\" decoding=\"async\" data-attachment-id=\"4105\" data-permalink=\"https:\/\/fontenilles-vtt.fr\/wp\/?attachment_id=4105\" data-orig-file=\"https:\/\/i0.wp.com\/fontenilles-vtt.fr\/wp\/wp-content\/uploads\/2019\/12\/2019-12-08-09.27.19-scaled.jpg?fit=2560%2C1920&amp;ssl=1\" data-orig-size=\"2560,1920\" data-comments-opened=\"1\" data-image-meta=\"{&quot;aperture&quot;:&quot;2.4&quot;,&quot;credit&quot;:&quot;&quot;,&quot;camera&quot;:&quot;SM-G960F&quot;,&quot;caption&quot;:&quot;&quot;,&quot;created_timestamp&quot;:&quot;1575797239&quot;,&quot;copyright&quot;:&quot;&quot;,&quot;focal_length&quot;:&quot;4.3&quot;,&quot;iso&quot;:&quot;50&quot;,&quot;shutter_speed&quot;:&quot;0.0047169811320755&quot;,&quot;title&quot;:&quot;&quot;,&quot;orientation&quot;:&quot;1&quot;}\" data-image-title=\"2019-12-08 09.27.19\" data-image-description=\"\" data-image-caption=\"\" data-medium-file=\"https:\/\/i0.wp.com\/fontenilles-vtt.fr\/wp\/wp-content\/uploads\/2019\/12\/2019-12-08-09.27.19-scaled.jpg?fit=300%2C225&amp;ssl=1\" data-large-file=\"https:\/\/i0.wp.com\/fontenilles-vtt.fr\/wp\/wp-content\/uploads\/2019\/12\/2019-12-08-09.27.19-scaled.jpg?fit=590%2C443&amp;ssl=1\" class=\"aligncenter size-medium wp-image-4105\" src=\"https:\/\/i0.wp.com\/fontenilles-vtt.fr\/wp\/wp-content\/uploads\/2019\/12\/2019-12-08-09.27.19.jpg?resize=300%2C225&#038;ssl=1\" alt=\"\" width=\"300\" height=\"225\" srcset=\"https:\/\/i0.wp.com\/fontenilles-vtt.fr\/wp\/wp-content\/uploads\/2019\/12\/2019-12-08-09.27.19-scaled.jpg?resize=300%2C225&amp;ssl=1 300w, https:\/\/i0.wp.com\/fontenilles-vtt.fr\/wp\/wp-content\/uploads\/2019\/12\/2019-12-08-09.27.19-scaled.jpg?resize=1024%2C768&amp;ssl=1 1024w, https:\/\/i0.wp.com\/fontenilles-vtt.fr\/wp\/wp-content\/uploads\/2019\/12\/2019-12-08-09.27.19-scaled.jpg?resize=768%2C576&amp;ssl=1 768w, https:\/\/i0.wp.com\/fontenilles-vtt.fr\/wp\/wp-content\/uploads\/2019\/12\/2019-12-08-09.27.19-scaled.jpg?resize=1536%2C1152&amp;ssl=1 1536w, https:\/\/i0.wp.com\/fontenilles-vtt.fr\/wp\/wp-content\/uploads\/2019\/12\/2019-12-08-09.27.19-scaled.jpg?resize=2048%2C1536&amp;ssl=1 2048w, https:\/\/i0.wp.com\/fontenilles-vtt.fr\/wp\/wp-content\/uploads\/2019\/12\/2019-12-08-09.27.19-scaled.jpg?w=1180&amp;ssl=1 1180w, https:\/\/i0.wp.com\/fontenilles-vtt.fr\/wp\/wp-content\/uploads\/2019\/12\/2019-12-08-09.27.19-scaled.jpg?w=1770&amp;ssl=1 1770w\" sizes=\"(max-width: 300px) 100vw, 300px\" \/><\/a><a href=\"https:\/\/i0.wp.com\/fontenilles-vtt.fr\/wp\/wp-content\/uploads\/2019\/12\/IMG-20191208-WA0001.jpg?ssl=1\"><img data-recalc-dims=\"1\" loading=\"lazy\" decoding=\"async\" data-attachment-id=\"4106\" data-permalink=\"https:\/\/fontenilles-vtt.fr\/wp\/?attachment_id=4106\" data-orig-file=\"https:\/\/i0.wp.com\/fontenilles-vtt.fr\/wp\/wp-content\/uploads\/2019\/12\/IMG-20191208-WA0001.jpg?fit=768%2C1024&amp;ssl=1\" data-orig-size=\"768,1024\" data-comments-opened=\"1\" data-image-meta=\"{&quot;aperture&quot;:&quot;0&quot;,&quot;credit&quot;:&quot;&quot;,&quot;camera&quot;:&quot;&quot;,&quot;caption&quot;:&quot;&quot;,&quot;created_timestamp&quot;:&quot;0&quot;,&quot;copyright&quot;:&quot;&quot;,&quot;focal_length&quot;:&quot;0&quot;,&quot;iso&quot;:&quot;0&quot;,&quot;shutter_speed&quot;:&quot;0&quot;,&quot;title&quot;:&quot;&quot;,&quot;orientation&quot;:&quot;0&quot;}\" data-image-title=\"IMG-20191208-WA0001\" data-image-description=\"\" data-image-caption=\"\" data-medium-file=\"https:\/\/i0.wp.com\/fontenilles-vtt.fr\/wp\/wp-content\/uploads\/2019\/12\/IMG-20191208-WA0001.jpg?fit=180%2C240&amp;ssl=1\" data-large-file=\"https:\/\/i0.wp.com\/fontenilles-vtt.fr\/wp\/wp-content\/uploads\/2019\/12\/IMG-20191208-WA0001.jpg?fit=576%2C768&amp;ssl=1\" class=\"aligncenter size-medium wp-image-4106\" src=\"https:\/\/i0.wp.com\/fontenilles-vtt.fr\/wp\/wp-content\/uploads\/2019\/12\/IMG-20191208-WA0001.jpg?resize=180%2C240&#038;ssl=1\" alt=\"\" width=\"180\" height=\"240\" srcset=\"https:\/\/i0.wp.com\/fontenilles-vtt.fr\/wp\/wp-content\/uploads\/2019\/12\/IMG-20191208-WA0001.jpg?resize=180%2C240&amp;ssl=1 180w, https:\/\/i0.wp.com\/fontenilles-vtt.fr\/wp\/wp-content\/uploads\/2019\/12\/IMG-20191208-WA0001.jpg?resize=576%2C768&amp;ssl=1 576w, https:\/\/i0.wp.com\/fontenilles-vtt.fr\/wp\/wp-content\/uploads\/2019\/12\/IMG-20191208-WA0001.jpg?w=768&amp;ssl=1 768w\" sizes=\"(max-width: 180px) 100vw, 180px\" \/><\/a> <a href=\"https:\/\/i0.wp.com\/fontenilles-vtt.fr\/wp\/wp-content\/uploads\/2019\/12\/IMG-20191208-WA0002.jpg?ssl=1\"><img data-recalc-dims=\"1\" loading=\"lazy\" decoding=\"async\" data-attachment-id=\"4107\" data-permalink=\"https:\/\/fontenilles-vtt.fr\/wp\/?attachment_id=4107\" data-orig-file=\"https:\/\/i0.wp.com\/fontenilles-vtt.fr\/wp\/wp-content\/uploads\/2019\/12\/IMG-20191208-WA0002.jpg?fit=1024%2C768&amp;ssl=1\" data-orig-size=\"1024,768\" data-comments-opened=\"1\" data-image-meta=\"{&quot;aperture&quot;:&quot;0&quot;,&quot;credit&quot;:&quot;&quot;,&quot;camera&quot;:&quot;&quot;,&quot;caption&quot;:&quot;&quot;,&quot;created_timestamp&quot;:&quot;0&quot;,&quot;copyright&quot;:&quot;&quot;,&quot;focal_length&quot;:&quot;0&quot;,&quot;iso&quot;:&quot;0&quot;,&quot;shutter_speed&quot;:&quot;0&quot;,&quot;title&quot;:&quot;&quot;,&quot;orientation&quot;:&quot;0&quot;}\" data-image-title=\"IMG-20191208-WA0002\" data-image-description=\"\" data-image-caption=\"\" data-medium-file=\"https:\/\/i0.wp.com\/fontenilles-vtt.fr\/wp\/wp-content\/uploads\/2019\/12\/IMG-20191208-WA0002.jpg?fit=300%2C225&amp;ssl=1\" data-large-file=\"https:\/\/i0.wp.com\/fontenilles-vtt.fr\/wp\/wp-content\/uploads\/2019\/12\/IMG-20191208-WA0002.jpg?fit=590%2C443&amp;ssl=1\" class=\"aligncenter size-medium wp-image-4107\" src=\"https:\/\/i0.wp.com\/fontenilles-vtt.fr\/wp\/wp-content\/uploads\/2019\/12\/IMG-20191208-WA0002.jpg?resize=300%2C225&#038;ssl=1\" alt=\"\" width=\"300\" height=\"225\" srcset=\"https:\/\/i0.wp.com\/fontenilles-vtt.fr\/wp\/wp-content\/uploads\/2019\/12\/IMG-20191208-WA0002.jpg?resize=300%2C225&amp;ssl=1 300w, https:\/\/i0.wp.com\/fontenilles-vtt.fr\/wp\/wp-content\/uploads\/2019\/12\/IMG-20191208-WA0002.jpg?w=1024&amp;ssl=1 1024w, https:\/\/i0.wp.com\/fontenilles-vtt.fr\/wp\/wp-content\/uploads\/2019\/12\/IMG-20191208-WA0002.jpg?resize=768%2C576&amp;ssl=1 768w\" sizes=\"(max-width: 300px) 100vw, 300px\" \/><\/a><\/p>\n","protected":false},"excerpt":{"rendered":"<p>Ce dimanche, nous sommes retourn\u00e9 aux bases, la pluie ayant un peu diminu\u00e9 durant la semaine. Nous f\u00fbment tr\u00e8s nombreux au stade pour un tour vers Bonrepos, la voie romaine,&#8230; <\/p>\n<div class=\"read-more\"><a href=\"https:\/\/fontenilles-vtt.fr\/wp\/?p=4104\">Lire la suite<\/a><\/div>\n","protected":false},"author":1,"featured_media":0,"comment_status":"open","ping_status":"closed","sticky":false,"template":"","format":"standard","meta":{"om_disable_all_campaigns":false,"_monsterinsights_skip_tracking":false,"_monsterinsights_sitenote_active":false,"_monsterinsights_sitenote_note":"","_monsterinsights_sitenote_category":0,"ngg_post_thumbnail":0,"jetpack_post_was_ever_published":false,"_jetpack_newsletter_access":"","_jetpack_dont_email_post_to_subs":false,"_jetpack_newsletter_tier_id":0,"_jetpack_memberships_contains_paywalled_content":false,"_jetpack_memberships_contains_paid_content":false,"footnotes":"","jetpack_publicize_message":"","jetpack_publicize_feature_enabled":true,"jetpack_social_post_already_shared":true,"jetpack_social_options":{"image_generator_settings":{"template":"highway","enabled":false},"version":2}},"categories":[4],"tags":[],"jetpack_publicize_connections":[],"aioseo_notices":[],"jetpack_featured_media_url":"","jetpack_sharing_enabled":true,"jetpack_shortlink":"https:\/\/wp.me\/p9SYmx-14c","jetpack-related-posts":[],"post_mailing_queue_ids":[],"_links":{"self":[{"href":"https:\/\/fontenilles-vtt.fr\/wp\/index.php?rest_route=\/wp\/v2\/posts\/4104"}],"collection":[{"href":"https:\/\/fontenilles-vtt.fr\/wp\/index.php?rest_route=\/wp\/v2\/posts"}],"about":[{"href":"https:\/\/fontenilles-vtt.fr\/wp\/index.php?rest_route=\/wp\/v2\/types\/post"}],"author":[{"embeddable":true,"href":"https:\/\/fontenilles-vtt.fr\/wp\/index.php?rest_route=\/wp\/v2\/users\/1"}],"replies":[{"embeddable":true,"href":"https:\/\/fontenilles-vtt.fr\/wp\/index.php?rest_route=%2Fwp%2Fv2%2Fcomments&post=4104"}],"version-history":[{"count":1,"href":"https:\/\/fontenilles-vtt.fr\/wp\/index.php?rest_route=\/wp\/v2\/posts\/4104\/revisions"}],"predecessor-version":[{"id":4108,"href":"https:\/\/fontenilles-vtt.fr\/wp\/index.php?rest_route=\/wp\/v2\/posts\/4104\/revisions\/4108"}],"wp:attachment":[{"href":"https:\/\/fontenilles-vtt.fr\/wp\/index.php?rest_route=%2Fwp%2Fv2%2Fmedia&parent=4104"}],"wp:term":[{"taxonomy":"category","embeddable":true,"href":"https:\/\/fontenilles-vtt.fr\/wp\/index.php?rest_route=%2Fwp%2Fv2%2Fcategories&post=4104"},{"taxonomy":"post_tag","embeddable":true,"href":"https:\/\/fontenilles-vtt.fr\/wp\/index.php?rest_route=%2Fwp%2Fv2%2Ftags&post=4104"}],"curies":[{"name":"wp","href":"https:\/\/api.w.org\/{rel}","templated":true}]}}