{"id":4168,"date":"2020-02-27T17:54:58","date_gmt":"2020-02-27T16:54:58","guid":{"rendered":"https:\/\/fontenilles-vtt.fr\/wp\/?p=4168"},"modified":"2020-02-27T17:55:06","modified_gmt":"2020-02-27T16:55:06","slug":"moins-darticles-mais-toujours-quelques-sorties-cet-hiver","status":"publish","type":"post","link":"https:\/\/fontenilles-vtt.fr\/wp\/?p=4168","title":{"rendered":"Moins d&rsquo;articles, mais toujours quelques sorties cet hiver"},"content":{"rendered":"\n<p>Cet hiver, le club est moins loquace sur le site, car les sorties sont plus locales, bien que nous soyons aussi sortis vers Gruissan ou Bruniquel.<\/p>\n<p>Voici un compte-rendu parmi d&rsquo;autres d&rsquo;une sortie locale:<\/p>\n<p>Nous nous retrouvons \u00e0 5 pour tester la boue sur une locale ( Jean-Luc, Julien, un revenant Seb Piel, un autre Seb (Da Silva) qui a envisag\u00e9 un temps de rouler avec une seule roue, et Daniel).<\/p>\n<p>Apr\u00e8s que Seb DS soit reparti chez lui chercher la roue qui lui manquait pour le montage de son Vtt au stade, nous d\u00e9marrons direction mont\u00e9e des Magnolias puis remont\u00e9e vers Lias et croisons 3 Vttistes roulant sur la boucle des CG45 ( 1 des 3 est d&rsquo;ailleurs un ancien coll\u00e8gue de Castor), un petit crochet en bas de chez ex. Castor et nous faisons un tchic tchac pour remonter la conduite de gaz puis direction Pujaudran avec 2 mont\u00e9es.<\/p>\n<p>Retour vers Lias en passant par le moulin puis direction Laprade<\/p>\n<p>Mis \u00e0 part en bas de Lias, c&rsquo;est praticable.<\/p>\n<p>&nbsp;Jean -Luc a visiblement un probl\u00e8me de puissance de batterie.<\/p>\n<p>Apr\u00e8s Laprade, le groupe se s\u00e9pare en 2 ( Seb P. , Jean-Luc et Julien rentrent sur Fontenilles ), pendant que Seb DS et Daniel partons sur une boucle vers la voie romaine, passage devant les ruches et retour via Bois de Goujon.<\/p>\n<p>Le vent de face ( glacial et fort) nous oblige \u00e0 nous relayer pour rentrer sur Fontenilles.<\/p>\n<p>Au final , boucle sympa, boue acceptable<\/p>\n","protected":false},"excerpt":{"rendered":"<p>Cet hiver, le club est moins loquace sur le site, car les sorties sont plus locales, bien que nous soyons aussi sortis vers Gruissan ou Bruniquel. Voici un compte-rendu parmi&#8230; <\/p>\n<div class=\"read-more\"><a href=\"https:\/\/fontenilles-vtt.fr\/wp\/?p=4168\">Lire la suite<\/a><\/div>\n","protected":false},"author":1,"featured_media":0,"comment_status":"open","ping_status":"closed","sticky":false,"template":"","format":"standard","meta":{"om_disable_all_campaigns":false,"_monsterinsights_skip_tracking":false,"_monsterinsights_sitenote_active":false,"_monsterinsights_sitenote_note":"","_monsterinsights_sitenote_category":0,"ngg_post_thumbnail":0,"jetpack_post_was_ever_published":false,"_jetpack_newsletter_access":"","_jetpack_dont_email_post_to_subs":false,"_jetpack_newsletter_tier_id":0,"_jetpack_memberships_contains_paywalled_content":false,"_jetpack_memberships_contains_paid_content":false,"footnotes":"","jetpack_publicize_message":"","jetpack_publicize_feature_enabled":true,"jetpack_social_post_already_shared":true,"jetpack_social_options":{"image_generator_settings":{"template":"highway","enabled":false},"version":2}},"categories":[4],"tags":[],"jetpack_publicize_connections":[],"aioseo_notices":[],"jetpack_featured_media_url":"","jetpack_sharing_enabled":true,"jetpack_shortlink":"https:\/\/wp.me\/p9SYmx-15e","jetpack-related-posts":[],"post_mailing_queue_ids":[],"_links":{"self":[{"href":"https:\/\/fontenilles-vtt.fr\/wp\/index.php?rest_route=\/wp\/v2\/posts\/4168"}],"collection":[{"href":"https:\/\/fontenilles-vtt.fr\/wp\/index.php?rest_route=\/wp\/v2\/posts"}],"about":[{"href":"https:\/\/fontenilles-vtt.fr\/wp\/index.php?rest_route=\/wp\/v2\/types\/post"}],"author":[{"embeddable":true,"href":"https:\/\/fontenilles-vtt.fr\/wp\/index.php?rest_route=\/wp\/v2\/users\/1"}],"replies":[{"embeddable":true,"href":"https:\/\/fontenilles-vtt.fr\/wp\/index.php?rest_route=%2Fwp%2Fv2%2Fcomments&post=4168"}],"version-history":[{"count":1,"href":"https:\/\/fontenilles-vtt.fr\/wp\/index.php?rest_route=\/wp\/v2\/posts\/4168\/revisions"}],"predecessor-version":[{"id":4169,"href":"https:\/\/fontenilles-vtt.fr\/wp\/index.php?rest_route=\/wp\/v2\/posts\/4168\/revisions\/4169"}],"wp:attachment":[{"href":"https:\/\/fontenilles-vtt.fr\/wp\/index.php?rest_route=%2Fwp%2Fv2%2Fmedia&parent=4168"}],"wp:term":[{"taxonomy":"category","embeddable":true,"href":"https:\/\/fontenilles-vtt.fr\/wp\/index.php?rest_route=%2Fwp%2Fv2%2Fcategories&post=4168"},{"taxonomy":"post_tag","embeddable":true,"href":"https:\/\/fontenilles-vtt.fr\/wp\/index.php?rest_route=%2Fwp%2Fv2%2Ftags&post=4168"}],"curies":[{"name":"wp","href":"https:\/\/api.w.org\/{rel}","templated":true}]}}