{"id":428,"date":"2010-05-30T21:56:40","date_gmt":"2010-05-30T19:56:40","guid":{"rendered":"http:\/\/fontenillesvtt.fr\/wp\/?p=428"},"modified":"2010-05-30T21:56:40","modified_gmt":"2010-05-30T19:56:40","slug":"reco-de-la-boucle-du-raid","status":"publish","type":"post","link":"https:\/\/fontenilles-vtt.fr\/wp\/?p=428","title":{"rendered":"Reco de la boucle du raid"},"content":{"rendered":"<p style=\"text-align: justify;\"><a href=\"https:\/\/i0.wp.com\/fontenillesvtt.fr\/wp\/wp-content\/uploads\/2010\/05\/reco_raid.jpg\"><img data-recalc-dims=\"1\" loading=\"lazy\" decoding=\"async\" data-attachment-id=\"430\" data-permalink=\"https:\/\/fontenilles-vtt.fr\/wp\/?attachment_id=430\" data-orig-file=\"https:\/\/i0.wp.com\/fontenilles-vtt.fr\/wp\/wp-content\/uploads\/2010\/05\/reco_raid.jpg?fit=1024%2C320&amp;ssl=1\" data-orig-size=\"1024,320\" data-comments-opened=\"1\" data-image-meta=\"{&quot;aperture&quot;:&quot;0&quot;,&quot;credit&quot;:&quot;&quot;,&quot;camera&quot;:&quot;&quot;,&quot;caption&quot;:&quot;&quot;,&quot;created_timestamp&quot;:&quot;0&quot;,&quot;copyright&quot;:&quot;&quot;,&quot;focal_length&quot;:&quot;0&quot;,&quot;iso&quot;:&quot;0&quot;,&quot;shutter_speed&quot;:&quot;0&quot;,&quot;title&quot;:&quot;&quot;}\" data-image-title=\"Reco du raid 2010\" data-image-description=\"\" data-image-caption=\"\" data-medium-file=\"https:\/\/i0.wp.com\/fontenilles-vtt.fr\/wp\/wp-content\/uploads\/2010\/05\/reco_raid.jpg?fit=300%2C93&amp;ssl=1\" data-large-file=\"https:\/\/i0.wp.com\/fontenilles-vtt.fr\/wp\/wp-content\/uploads\/2010\/05\/reco_raid.jpg?fit=590%2C184&amp;ssl=1\" class=\"alignnone size-full wp-image-430\" title=\"Reco du raid 2010\" src=\"https:\/\/i0.wp.com\/fontenillesvtt.fr\/wp\/wp-content\/uploads\/2010\/05\/reco_raid.jpg?resize=590%2C184\" alt=\"\" width=\"590\" height=\"184\" srcset=\"https:\/\/i0.wp.com\/fontenilles-vtt.fr\/wp\/wp-content\/uploads\/2010\/05\/reco_raid.jpg?w=1024&amp;ssl=1 1024w, https:\/\/i0.wp.com\/fontenilles-vtt.fr\/wp\/wp-content\/uploads\/2010\/05\/reco_raid.jpg?resize=300%2C93&amp;ssl=1 300w\" sizes=\"(max-width: 590px) 100vw, 590px\" \/><\/a><\/p>\n<p style=\"text-align: justify;\">Et oui 8 courageux ce matin au rendez-vous de Lasserre: Nico, J\u00e9r\u00f4me , Thomas, Philippe, Lionel, Castor, Bruno et votre secretaire qui, du coup, se sent  oblig\u00e9 de faire un petit CRDD objectif : la boucle extr\u00eame du raid 30kms pour voir un peu le boulot qui nous  attend.<\/p>\n<ul style=\"text-align: justify;\">\n<li>Un petit nettoyage au d\u00e9part de lasserre<\/li>\n<li>Pour les abeilles \u00e7a devrait passer avec quelques panneaux  indicateurs<\/li>\n<li>A la sortie du chemin un petit nettoyage et un gros pour redescendre  jusqu&rsquo;au ruisseau (voir Castor si il \u00a0 peut trouver le ou les proprio  du champ pour un coup de gyrobroyeur)<\/li>\n<li>La travers\u00e9e du ruisseau \u00e0 nettoyer ainsi que la sortie sur la route<\/li>\n<li>Un petit nettoyage dans le single qui remonte jusqu&rsquo;au chevaux<\/li>\n<li>Quelques coups de tron\u00e7onneuse dans le bois apr\u00e8s les chevaux<\/li>\n<li>Le plus gros du travail c&rsquo;est le champ avant le lac (on aurait  surement perdu petit Rami tellement l&rsquo;herbe est haute)<\/li>\n<li>Un gros nettoyage pour contourner le lac par le bois<\/li>\n<li>Ensuite apr\u00e8s les cochons bio le long du ruisseau idem gyrobroyeur<\/li>\n<li>No soucis jusqu&rsquo;\u00e0 la sortie du bois du Cast\u00e9ra (\u00e0 part que la sortie  est beaucoup plus loin que la trace propos\u00e9 par GG)<\/li>\n<li>Dans la 1\u00b0 descente et remont\u00e9e vers le village du Cast\u00e9ra nettoyage  \u00e0 pr\u00e9voir<\/li>\n<li>Dans la 2\u00b0 descente et remont\u00e9e jusqu&rsquo;au village Castor connait le  cantonnier car il y du travail la aussi<\/li>\n<li>\u00e7a roule ensuite jusqu&rsquo;\u00e0 la fin de la boucle<\/li>\n<\/ul>\n<p style=\"text-align: justify;\">Donc 32 kms, 780m de D+ 3H de roulage et 1H00 de tergiversation<span style=\"font-family: Arial;\"><strong><\/strong><\/span>, pas pour tout le monde car Thomas (est tu bien rentr\u00e9 ou on d\u00e9clenche le  plan ORSEC ? ) un peu nase nous a quitt\u00e9 avant le lac et Nico chaussure HS  nous a quitt\u00e9 \u00e0 la ferme Bio des ch\u00e8vres ou les proprio nous ont  gentiment laiss\u00e9 passer car le GG avait d\u00e9j\u00e0 us\u00e9 de son charme au pare \u00e0  vent ou au pare \u00e0 sol (aupr\u00e8s des ch\u00e8vres?)<\/p>\n<p style=\"text-align: justify;\">J\u00e9r\u00f4me nous a fait gouter, au retour, \u00a0la bi\u00e8re belge( petite pens\u00e9e  pour DDP qui fait Ol\u00e9 en Espagne)\u00a0 et tout le monde est rentr\u00e9, un peu  tard dans ses p\u00e9nattes, pour la f\u00eate des m\u00e8res (si quelqu&rsquo;un \u00e0 besoin d&rsquo;un  mot d&rsquo;excuse?)<\/p>\n<p style=\"text-align: justify;\">Du boulot en perspective, mais un super trac\u00e9 qui fera plaisir au courageux raideurs qui s&rsquo;engageront de bonne heure sur le trac\u00e9 du 73km, qui une fois nettoy\u00e9 sera un peu plus facile, mais les c\u00f4tes seront toujours l\u00e0.<\/p>\n<p style=\"text-align: justify;\"><a href=\"https:\/\/i0.wp.com\/fontenillesvtt.fr\/wp\/wp-content\/uploads\/2010\/05\/P1040057.jpg\"><img data-recalc-dims=\"1\" loading=\"lazy\" decoding=\"async\" data-attachment-id=\"433\" data-permalink=\"https:\/\/fontenilles-vtt.fr\/wp\/?attachment_id=433\" data-orig-file=\"https:\/\/i0.wp.com\/fontenilles-vtt.fr\/wp\/wp-content\/uploads\/2010\/05\/P1040057-e1275249027673.jpg?fit=1024%2C768&amp;ssl=1\" data-orig-size=\"1024,768\" data-comments-opened=\"1\" data-image-meta=\"{&quot;aperture&quot;:&quot;3.1&quot;,&quot;credit&quot;:&quot;&quot;,&quot;camera&quot;:&quot;DMC-LZ7&quot;,&quot;caption&quot;:&quot;&quot;,&quot;created_timestamp&quot;:&quot;1275199977&quot;,&quot;copyright&quot;:&quot;&quot;,&quot;focal_length&quot;:&quot;9.9&quot;,&quot;iso&quot;:&quot;100&quot;,&quot;shutter_speed&quot;:&quot;0.003125&quot;,&quot;title&quot;:&quot;&quot;}\" data-image-title=\"P1040057\" data-image-description=\"\" data-image-caption=\"\" data-medium-file=\"https:\/\/i0.wp.com\/fontenilles-vtt.fr\/wp\/wp-content\/uploads\/2010\/05\/P1040057-e1275249027673.jpg?fit=300%2C225&amp;ssl=1\" data-large-file=\"https:\/\/i0.wp.com\/fontenilles-vtt.fr\/wp\/wp-content\/uploads\/2010\/05\/P1040057-e1275249027673.jpg?fit=590%2C443&amp;ssl=1\" class=\"alignnone size-thumbnail wp-image-433\" title=\"P1040057\" src=\"https:\/\/i0.wp.com\/fontenillesvtt.fr\/wp\/wp-content\/uploads\/2010\/05\/P1040057-150x120.jpg?resize=150%2C120\" alt=\"\" width=\"150\" height=\"120\" \/><\/a> <a href=\"https:\/\/i0.wp.com\/fontenillesvtt.fr\/wp\/wp-content\/uploads\/2010\/05\/P1040062.jpg\"><img data-recalc-dims=\"1\" loading=\"lazy\" decoding=\"async\" data-attachment-id=\"434\" data-permalink=\"https:\/\/fontenilles-vtt.fr\/wp\/?attachment_id=434\" data-orig-file=\"https:\/\/i0.wp.com\/fontenilles-vtt.fr\/wp\/wp-content\/uploads\/2010\/05\/P1040062-e1275249090423.jpg?fit=1024%2C768&amp;ssl=1\" data-orig-size=\"1024,768\" data-comments-opened=\"1\" data-image-meta=\"{&quot;aperture&quot;:&quot;2.9&quot;,&quot;credit&quot;:&quot;&quot;,&quot;camera&quot;:&quot;DMC-LZ7&quot;,&quot;caption&quot;:&quot;&quot;,&quot;created_timestamp&quot;:&quot;1275201275&quot;,&quot;copyright&quot;:&quot;&quot;,&quot;focal_length&quot;:&quot;7&quot;,&quot;iso&quot;:&quot;400&quot;,&quot;shutter_speed&quot;:&quot;0.05&quot;,&quot;title&quot;:&quot;&quot;}\" data-image-title=\"P1040062\" data-image-description=\"\" data-image-caption=\"\" data-medium-file=\"https:\/\/i0.wp.com\/fontenilles-vtt.fr\/wp\/wp-content\/uploads\/2010\/05\/P1040062-e1275249090423.jpg?fit=300%2C225&amp;ssl=1\" data-large-file=\"https:\/\/i0.wp.com\/fontenilles-vtt.fr\/wp\/wp-content\/uploads\/2010\/05\/P1040062-e1275249090423.jpg?fit=590%2C443&amp;ssl=1\" class=\"alignnone size-thumbnail wp-image-434\" title=\"P1040062\" src=\"https:\/\/i0.wp.com\/fontenillesvtt.fr\/wp\/wp-content\/uploads\/2010\/05\/P1040062-150x120.jpg?resize=150%2C120\" alt=\"\" width=\"150\" height=\"120\" \/><\/a> <a href=\"https:\/\/i0.wp.com\/fontenillesvtt.fr\/wp\/wp-content\/uploads\/2010\/05\/P1040069.jpg\"><img data-recalc-dims=\"1\" loading=\"lazy\" decoding=\"async\" data-attachment-id=\"435\" data-permalink=\"https:\/\/fontenilles-vtt.fr\/wp\/?attachment_id=435\" data-orig-file=\"https:\/\/i0.wp.com\/fontenilles-vtt.fr\/wp\/wp-content\/uploads\/2010\/05\/P1040069-e1275249143238.jpg?fit=1024%2C768&amp;ssl=1\" data-orig-size=\"1024,768\" data-comments-opened=\"1\" data-image-meta=\"{&quot;aperture&quot;:&quot;2.8&quot;,&quot;credit&quot;:&quot;&quot;,&quot;camera&quot;:&quot;DMC-LZ7&quot;,&quot;caption&quot;:&quot;&quot;,&quot;created_timestamp&quot;:&quot;1275203359&quot;,&quot;copyright&quot;:&quot;&quot;,&quot;focal_length&quot;:&quot;6.1&quot;,&quot;iso&quot;:&quot;100&quot;,&quot;shutter_speed&quot;:&quot;0.008&quot;,&quot;title&quot;:&quot;&quot;}\" data-image-title=\"P1040069\" data-image-description=\"\" data-image-caption=\"\" data-medium-file=\"https:\/\/i0.wp.com\/fontenilles-vtt.fr\/wp\/wp-content\/uploads\/2010\/05\/P1040069-e1275249143238.jpg?fit=300%2C225&amp;ssl=1\" data-large-file=\"https:\/\/i0.wp.com\/fontenilles-vtt.fr\/wp\/wp-content\/uploads\/2010\/05\/P1040069-e1275249143238.jpg?fit=590%2C443&amp;ssl=1\" class=\"alignnone size-thumbnail wp-image-435\" title=\"P1040069\" src=\"https:\/\/i0.wp.com\/fontenillesvtt.fr\/wp\/wp-content\/uploads\/2010\/05\/P1040069-150x120.jpg?resize=150%2C120\" alt=\"\" width=\"150\" height=\"120\" \/><\/a> <a href=\"https:\/\/i0.wp.com\/fontenillesvtt.fr\/wp\/wp-content\/uploads\/2010\/05\/P1040072.jpg\"><img data-recalc-dims=\"1\" loading=\"lazy\" decoding=\"async\" data-attachment-id=\"436\" data-permalink=\"https:\/\/fontenilles-vtt.fr\/wp\/?attachment_id=436\" data-orig-file=\"https:\/\/i0.wp.com\/fontenilles-vtt.fr\/wp\/wp-content\/uploads\/2010\/05\/P1040072-e1275249190144.jpg?fit=1024%2C768&amp;ssl=1\" data-orig-size=\"1024,768\" data-comments-opened=\"1\" data-image-meta=\"{&quot;aperture&quot;:&quot;3.4&quot;,&quot;credit&quot;:&quot;&quot;,&quot;camera&quot;:&quot;DMC-LZ7&quot;,&quot;caption&quot;:&quot;&quot;,&quot;created_timestamp&quot;:&quot;1275205156&quot;,&quot;copyright&quot;:&quot;&quot;,&quot;focal_length&quot;:&quot;14.5&quot;,&quot;iso&quot;:&quot;100&quot;,&quot;shutter_speed&quot;:&quot;0.004&quot;,&quot;title&quot;:&quot;&quot;}\" data-image-title=\"P1040072\" data-image-description=\"\" data-image-caption=\"\" data-medium-file=\"https:\/\/i0.wp.com\/fontenilles-vtt.fr\/wp\/wp-content\/uploads\/2010\/05\/P1040072-e1275249190144.jpg?fit=300%2C225&amp;ssl=1\" data-large-file=\"https:\/\/i0.wp.com\/fontenilles-vtt.fr\/wp\/wp-content\/uploads\/2010\/05\/P1040072-e1275249190144.jpg?fit=590%2C443&amp;ssl=1\" class=\"alignnone size-thumbnail wp-image-436\" title=\"P1040072\" src=\"https:\/\/i0.wp.com\/fontenillesvtt.fr\/wp\/wp-content\/uploads\/2010\/05\/P1040072-150x120.jpg?resize=150%2C120\" alt=\"\" width=\"150\" height=\"120\" \/><\/a> <a href=\"https:\/\/i0.wp.com\/fontenillesvtt.fr\/wp\/wp-content\/uploads\/2010\/05\/P1040077.jpg\"><img data-recalc-dims=\"1\" loading=\"lazy\" decoding=\"async\" data-attachment-id=\"437\" data-permalink=\"https:\/\/fontenilles-vtt.fr\/wp\/?attachment_id=437\" data-orig-file=\"https:\/\/i0.wp.com\/fontenilles-vtt.fr\/wp\/wp-content\/uploads\/2010\/05\/P1040077-e1275249238951.jpg?fit=1024%2C768&amp;ssl=1\" data-orig-size=\"1024,768\" data-comments-opened=\"1\" data-image-meta=\"{&quot;aperture&quot;:&quot;2.8&quot;,&quot;credit&quot;:&quot;&quot;,&quot;camera&quot;:&quot;DMC-LZ7&quot;,&quot;caption&quot;:&quot;&quot;,&quot;created_timestamp&quot;:&quot;1275212609&quot;,&quot;copyright&quot;:&quot;&quot;,&quot;focal_length&quot;:&quot;6.1&quot;,&quot;iso&quot;:&quot;100&quot;,&quot;shutter_speed&quot;:&quot;0.00625&quot;,&quot;title&quot;:&quot;&quot;}\" data-image-title=\"P1040077\" data-image-description=\"\" data-image-caption=\"\" data-medium-file=\"https:\/\/i0.wp.com\/fontenilles-vtt.fr\/wp\/wp-content\/uploads\/2010\/05\/P1040077-e1275249238951.jpg?fit=300%2C225&amp;ssl=1\" data-large-file=\"https:\/\/i0.wp.com\/fontenilles-vtt.fr\/wp\/wp-content\/uploads\/2010\/05\/P1040077-e1275249238951.jpg?fit=590%2C443&amp;ssl=1\" class=\"alignnone size-thumbnail wp-image-437\" title=\"P1040077\" src=\"https:\/\/i0.wp.com\/fontenillesvtt.fr\/wp\/wp-content\/uploads\/2010\/05\/P1040077-150x120.jpg?resize=150%2C120\" alt=\"\" width=\"150\" height=\"120\" \/><\/a><\/p>\n","protected":false},"excerpt":{"rendered":"<p>Et oui 8 courageux ce matin au rendez-vous de Lasserre: Nico, J\u00e9r\u00f4me , Thomas, Philippe, Lionel, Castor, Bruno et votre secretaire qui, du coup, se sent oblig\u00e9 de faire un&#8230; <\/p>\n<div class=\"read-more\"><a href=\"https:\/\/fontenilles-vtt.fr\/wp\/?p=428\">Lire la suite<\/a><\/div>\n","protected":false},"author":1,"featured_media":0,"comment_status":"open","ping_status":"closed","sticky":false,"template":"","format":"standard","meta":{"om_disable_all_campaigns":false,"_monsterinsights_skip_tracking":false,"_monsterinsights_sitenote_active":false,"_monsterinsights_sitenote_note":"","_monsterinsights_sitenote_category":0,"ngg_post_thumbnail":0,"jetpack_post_was_ever_published":false,"_jetpack_newsletter_access":"","_jetpack_dont_email_post_to_subs":false,"_jetpack_newsletter_tier_id":0,"_jetpack_memberships_contains_paywalled_content":false,"_jetpack_memberships_contains_paid_content":false,"footnotes":"","jetpack_publicize_message":"","jetpack_publicize_feature_enabled":true,"jetpack_social_post_already_shared":false,"jetpack_social_options":{"image_generator_settings":{"template":"highway","enabled":false},"version":2}},"categories":[4,5,3],"tags":[9,20,17,45,15,16],"jetpack_publicize_connections":[],"aioseo_notices":[],"jetpack_featured_media_url":"","jetpack_sharing_enabled":true,"jetpack_shortlink":"https:\/\/wp.me\/p9SYmx-6U","jetpack-related-posts":[],"post_mailing_queue_ids":[],"_links":{"self":[{"href":"https:\/\/fontenilles-vtt.fr\/wp\/index.php?rest_route=\/wp\/v2\/posts\/428"}],"collection":[{"href":"https:\/\/fontenilles-vtt.fr\/wp\/index.php?rest_route=\/wp\/v2\/posts"}],"about":[{"href":"https:\/\/fontenilles-vtt.fr\/wp\/index.php?rest_route=\/wp\/v2\/types\/post"}],"author":[{"embeddable":true,"href":"https:\/\/fontenilles-vtt.fr\/wp\/index.php?rest_route=\/wp\/v2\/users\/1"}],"replies":[{"embeddable":true,"href":"https:\/\/fontenilles-vtt.fr\/wp\/index.php?rest_route=%2Fwp%2Fv2%2Fcomments&post=428"}],"version-history":[{"count":5,"href":"https:\/\/fontenilles-vtt.fr\/wp\/index.php?rest_route=\/wp\/v2\/posts\/428\/revisions"}],"predecessor-version":[{"id":439,"href":"https:\/\/fontenilles-vtt.fr\/wp\/index.php?rest_route=\/wp\/v2\/posts\/428\/revisions\/439"}],"wp:attachment":[{"href":"https:\/\/fontenilles-vtt.fr\/wp\/index.php?rest_route=%2Fwp%2Fv2%2Fmedia&parent=428"}],"wp:term":[{"taxonomy":"category","embeddable":true,"href":"https:\/\/fontenilles-vtt.fr\/wp\/index.php?rest_route=%2Fwp%2Fv2%2Fcategories&post=428"},{"taxonomy":"post_tag","embeddable":true,"href":"https:\/\/fontenilles-vtt.fr\/wp\/index.php?rest_route=%2Fwp%2Fv2%2Ftags&post=428"}],"curies":[{"name":"wp","href":"https:\/\/api.w.org\/{rel}","templated":true}]}}