{"id":4314,"date":"2020-08-03T13:51:39","date_gmt":"2020-08-03T11:51:39","guid":{"rendered":"https:\/\/fontenilles-vtt.fr\/wp\/?p=4314"},"modified":"2020-08-03T13:51:44","modified_gmt":"2020-08-03T11:51:44","slug":"week-end-club-a-lesponne","status":"publish","type":"post","link":"https:\/\/fontenilles-vtt.fr\/wp\/?p=4314","title":{"rendered":"Week-End Club \u00e0 Lesponne"},"content":{"rendered":"\n<p>D\u00e9but juillet, le club s&rsquo;est donn\u00e9 rendez-vous autour de Bagn\u00e8res de Bigorre pour 3 jours intenses. Nous \u00e9tions une grosse vingtaine, m\u00fbs par la m\u00eame soif de sommets, de descentes (de bi\u00e8re et de montagne) et de bons repas.<\/p>\n<p>Nous avons \u00e9t\u00e9 gat\u00e9s: vendredi avec 1200m de D+ sur les hauteurs de Bagn\u00e8res, puis samedi 1700m de D+ autour du lac de Payolle, et enfin dimanche sur le Pic de midi, voitures d\u00e9pos\u00e9es \u00e0 Artigues en partie, au Tourmalet pour le reste, pour pouvoir monter en VTT au pic, et surtout faire 1500m de D- dans un paysage magnifique.<\/p>\n<p>Je vous laisse admirer la descente:<\/p>\n<p><a href=\"https:\/\/youtu.be\/tqw37iVdWSA\">https:\/\/youtu.be\/tqw37iVdWSA<\/a><\/p>\n<p>&nbsp;<\/p>\n","protected":false},"excerpt":{"rendered":"<p>D\u00e9but juillet, le club s&rsquo;est donn\u00e9 rendez-vous autour de Bagn\u00e8res de Bigorre pour 3 jours intenses. Nous \u00e9tions une grosse vingtaine, m\u00fbs par la m\u00eame soif de sommets, de descentes&#8230; <\/p>\n<div class=\"read-more\"><a href=\"https:\/\/fontenilles-vtt.fr\/wp\/?p=4314\">Lire la suite<\/a><\/div>\n","protected":false},"author":1,"featured_media":0,"comment_status":"open","ping_status":"closed","sticky":false,"template":"","format":"standard","meta":{"om_disable_all_campaigns":false,"_monsterinsights_skip_tracking":false,"_monsterinsights_sitenote_active":false,"_monsterinsights_sitenote_note":"","_monsterinsights_sitenote_category":0,"ngg_post_thumbnail":0,"jetpack_post_was_ever_published":false,"_jetpack_newsletter_access":"","_jetpack_dont_email_post_to_subs":false,"_jetpack_newsletter_tier_id":0,"_jetpack_memberships_contains_paywalled_content":false,"_jetpack_memberships_contains_paid_content":false,"footnotes":"","jetpack_publicize_message":"","jetpack_publicize_feature_enabled":true,"jetpack_social_post_already_shared":true,"jetpack_social_options":{"image_generator_settings":{"template":"highway","enabled":false},"version":2}},"categories":[4],"tags":[],"jetpack_publicize_connections":[],"aioseo_notices":[],"jetpack_featured_media_url":"","jetpack_sharing_enabled":true,"jetpack_shortlink":"https:\/\/wp.me\/p9SYmx-17A","jetpack-related-posts":[],"post_mailing_queue_ids":[],"_links":{"self":[{"href":"https:\/\/fontenilles-vtt.fr\/wp\/index.php?rest_route=\/wp\/v2\/posts\/4314"}],"collection":[{"href":"https:\/\/fontenilles-vtt.fr\/wp\/index.php?rest_route=\/wp\/v2\/posts"}],"about":[{"href":"https:\/\/fontenilles-vtt.fr\/wp\/index.php?rest_route=\/wp\/v2\/types\/post"}],"author":[{"embeddable":true,"href":"https:\/\/fontenilles-vtt.fr\/wp\/index.php?rest_route=\/wp\/v2\/users\/1"}],"replies":[{"embeddable":true,"href":"https:\/\/fontenilles-vtt.fr\/wp\/index.php?rest_route=%2Fwp%2Fv2%2Fcomments&post=4314"}],"version-history":[{"count":1,"href":"https:\/\/fontenilles-vtt.fr\/wp\/index.php?rest_route=\/wp\/v2\/posts\/4314\/revisions"}],"predecessor-version":[{"id":4316,"href":"https:\/\/fontenilles-vtt.fr\/wp\/index.php?rest_route=\/wp\/v2\/posts\/4314\/revisions\/4316"}],"wp:attachment":[{"href":"https:\/\/fontenilles-vtt.fr\/wp\/index.php?rest_route=%2Fwp%2Fv2%2Fmedia&parent=4314"}],"wp:term":[{"taxonomy":"category","embeddable":true,"href":"https:\/\/fontenilles-vtt.fr\/wp\/index.php?rest_route=%2Fwp%2Fv2%2Fcategories&post=4314"},{"taxonomy":"post_tag","embeddable":true,"href":"https:\/\/fontenilles-vtt.fr\/wp\/index.php?rest_route=%2Fwp%2Fv2%2Ftags&post=4314"}],"curies":[{"name":"wp","href":"https:\/\/api.w.org\/{rel}","templated":true}]}}