{"id":4355,"date":"2020-09-07T11:56:01","date_gmt":"2020-09-07T09:56:01","guid":{"rendered":"https:\/\/fontenilles-vtt.fr\/wp\/?p=4355"},"modified":"2020-09-07T11:57:25","modified_gmt":"2020-09-07T09:57:25","slug":"les-cotes-gasconnes-2020-se-preparent-dernieres-infos-covid-19","status":"publish","type":"post","link":"https:\/\/fontenilles-vtt.fr\/wp\/?p=4355","title":{"rendered":"Les C\u00f4tes Gasconnes 2020 se pr\u00e9parent. Derni\u00e8res infos COVID-19&#8230;"},"content":{"rendered":"\n<p>Tout le club se mobilise comme chaque ann\u00e9e pour vous pr\u00e9parer la randonn\u00e9e la plus gourmande de la r\u00e9gion ! Malgr\u00e9 le contexte sanitaire, nous avons maintenue la randonn\u00e9e mais <strong>nous vous demandons de bien prendre en compte les quelques contraintes COVID-19<\/strong> et les autres informations sur la page suivante :&nbsp; <a href=\"https:\/\/fontenilles-vtt.fr\/wp\/?page_id=3273\">Toutes les infos sur l&rsquo;Edition 2020<\/a><\/p>\n<p>On compte sur votre participation le dimanche 20 Septembre et parlez en autour de vous !<\/p>\n","protected":false},"excerpt":{"rendered":"<p>Tout le club se mobilise comme chaque ann\u00e9e pour vous pr\u00e9parer la randonn\u00e9e la plus gourmande de la r\u00e9gion ! Malgr\u00e9 le contexte sanitaire, nous avons maintenue la randonn\u00e9e mais&#8230; <\/p>\n<div class=\"read-more\"><a href=\"https:\/\/fontenilles-vtt.fr\/wp\/?p=4355\">Lire la suite<\/a><\/div>\n","protected":false},"author":1,"featured_media":0,"comment_status":"open","ping_status":"closed","sticky":false,"template":"","format":"standard","meta":{"om_disable_all_campaigns":false,"_monsterinsights_skip_tracking":false,"_monsterinsights_sitenote_active":false,"_monsterinsights_sitenote_note":"","_monsterinsights_sitenote_category":0,"ngg_post_thumbnail":0,"jetpack_post_was_ever_published":false,"_jetpack_newsletter_access":"","_jetpack_dont_email_post_to_subs":false,"_jetpack_newsletter_tier_id":0,"_jetpack_memberships_contains_paywalled_content":false,"_jetpack_memberships_contains_paid_content":false,"footnotes":"","jetpack_publicize_message":"","jetpack_publicize_feature_enabled":true,"jetpack_social_post_already_shared":true,"jetpack_social_options":{"image_generator_settings":{"template":"highway","enabled":false},"version":2}},"categories":[4],"tags":[],"jetpack_publicize_connections":[],"aioseo_notices":[],"jetpack_featured_media_url":"","jetpack_sharing_enabled":true,"jetpack_shortlink":"https:\/\/wp.me\/p9SYmx-18f","jetpack-related-posts":[],"post_mailing_queue_ids":[],"_links":{"self":[{"href":"https:\/\/fontenilles-vtt.fr\/wp\/index.php?rest_route=\/wp\/v2\/posts\/4355"}],"collection":[{"href":"https:\/\/fontenilles-vtt.fr\/wp\/index.php?rest_route=\/wp\/v2\/posts"}],"about":[{"href":"https:\/\/fontenilles-vtt.fr\/wp\/index.php?rest_route=\/wp\/v2\/types\/post"}],"author":[{"embeddable":true,"href":"https:\/\/fontenilles-vtt.fr\/wp\/index.php?rest_route=\/wp\/v2\/users\/1"}],"replies":[{"embeddable":true,"href":"https:\/\/fontenilles-vtt.fr\/wp\/index.php?rest_route=%2Fwp%2Fv2%2Fcomments&post=4355"}],"version-history":[{"count":4,"href":"https:\/\/fontenilles-vtt.fr\/wp\/index.php?rest_route=\/wp\/v2\/posts\/4355\/revisions"}],"predecessor-version":[{"id":4378,"href":"https:\/\/fontenilles-vtt.fr\/wp\/index.php?rest_route=\/wp\/v2\/posts\/4355\/revisions\/4378"}],"wp:attachment":[{"href":"https:\/\/fontenilles-vtt.fr\/wp\/index.php?rest_route=%2Fwp%2Fv2%2Fmedia&parent=4355"}],"wp:term":[{"taxonomy":"category","embeddable":true,"href":"https:\/\/fontenilles-vtt.fr\/wp\/index.php?rest_route=%2Fwp%2Fv2%2Fcategories&post=4355"},{"taxonomy":"post_tag","embeddable":true,"href":"https:\/\/fontenilles-vtt.fr\/wp\/index.php?rest_route=%2Fwp%2Fv2%2Ftags&post=4355"}],"curies":[{"name":"wp","href":"https:\/\/api.w.org\/{rel}","templated":true}]}}