{"id":4487,"date":"2020-10-15T10:22:45","date_gmt":"2020-10-15T08:22:45","guid":{"rendered":"https:\/\/fontenilles-vtt.fr\/wp\/?p=4487"},"modified":"2020-10-15T10:22:50","modified_gmt":"2020-10-15T08:22:50","slug":"fin-de-semaine-club-a-quillan-oct-2020-le-plaisir-et-leffort","status":"publish","type":"post","link":"https:\/\/fontenilles-vtt.fr\/wp\/?p=4487","title":{"rendered":"Fin-de-semaine club \u00e0 Quillan, Oct 2020, le plaisir et l&rsquo;effort"},"content":{"rendered":"\n<p>Du 9 au 11 octobre 2020, une partie du club s&rsquo;est retrouv\u00e9 de nouveau pour f\u00eater le VTT dans la joie et l&rsquo;all\u00e9gresse. Destination: Quillan et ses \u00ab\u00a0collines\u00a0\u00bb;<\/p>\n<p>Florent et Martin nous ont concoct\u00e9 3 parcours magnifiques pendant que nous logions au camping de la Sapinette, dans des bungalows tr\u00e8s confortables.<\/p>\n<p>Arriv\u00e9e classique vendredi vers 11h00 au camping. Il fait plut\u00f4t beau et bon, nous nous installons rapidement, puis repas sur le pouce avant d&rsquo;enfourcher nos montures direction le Nord . rapidement, nous grimpons sur les hauteurs de ces \u00ab\u00a0collines\u00a0\u00bb pyr\u00e9n\u00e9ennes. Ca fait d\u00e9j\u00e0 mal aux pattes d&rsquo;entr\u00e9e, mais le terrain est sec, accrocheur, et le plaisir dans la descente, les paysages et la compagnie. \u00ab\u00a0L&rsquo;essentiel est d&rsquo;\u00eatre ensemble\u00a0\u00bb nous martellera Greg qui souffrait dans la premi\u00e8re ascension. Rapidement, nous sommes rejoints par un compagnon \u00e0 4 pattes qui nous accompagnera jusqu&rsquo;au camping sur plus de 20 bornes. boucle vers l&rsquo;ouest, encore une belle mont\u00e9e pour rejoindre le col, un peu de route histoire de mettre une laisse improvis\u00e9e au chien, puis la r\u00e9compense dans la descente finale, raide comme il le faut, technique \u00e0 souhait. Apr\u00e8s l&rsquo;effort, le r\u00e9comfort, et apr\u00e8s quelques courses nous nous jetons sur les bi\u00e8res artisanales de Kanette avant de se r\u00e9galer du rougail saucisse de Phil\/Laurence.<\/p>\n<p>Samedi, r\u00e9veil \u00e0 7h30 pour la sortie la plus costaude, vers le sud autour de Quirbajou et Axat. 3 boucles splendides s&rsquo;enchainent, avec 2 \u00e9normes mont\u00e9es de 800m de D+ qui n&rsquo;en finissent pas. Le groupe se s\u00e9pare en 2 \u00e0 Quirbajou. L&rsquo;un fera 2100 m de D+ au total, l&rsquo;autre \u00ab\u00a0que\u00a0\u00bb 1500. La descente de Quirbajou est g\u00e9niale, la remont\u00e9e par la route interminable, et le final, ludique et technique \u00e0 souhait n&rsquo;en finit pas. On croit en avoir termin\u00e9 apr\u00e8s la grande descente, mais non, on enchaine ensuite des petites bosses qui demandent un effort mental \u00e9norme pour les vttistes au bord des crampes que sont Greg, Phil, Steph, Lionel et Seb; Enfin, nous en terminons, heureux d&rsquo;avoir tout boucl\u00e9, et nous retrouvons Martin et Christophe qui avaient coup\u00e9 la fin, et l&rsquo;\u00e9quipe du \u00ab\u00a0petit\u00a0\u00bb groupe. La bi\u00e8re nous r\u00e9hydrate, puis nous nous autorisons un restaurant en centre ville qui simplifie la logistique. Tr\u00e8s bon repas localo\/asiatique.<\/p>\n<p>Le dimanche, les jambes sont vraiment tr\u00e8s lourdes, mais nous repartons pour une trentaine de km vers l&rsquo;Est cette fois, avec un passage sur les 3 quilles pour les plus robustes. Encore 2 belles mont\u00e9es et les descentes au poil. Petit arr\u00eat \u00e0 St Ferriol pour appr\u00e9cier l&rsquo;architecture et se prot\u00e9ger de la pluie qui nous g\u00eale, puis nous terminons avec une s\u00e9paration en 2 groupes. Respect pour ceux qui ont fait la derni\u00e8re ascension, la r\u00e9compense \u00e9tait dans la descente dans le schiste.<\/p>\n<p>Enfin, dernier repas au camping avec des p\u00e2tes Castor\/Tony, puis retour \u00e0 la maison, fourbus mais heureux.<\/p>\n<p>Promis, le prochain WE Club sera plus adaptatif, mais ce que \u00e7a fait du bien de se faire mal:)<\/p>\n<p>Vous retrouverez les photos sur le site<\/p>\n<p><a href=\"https:\/\/www.flickr.com\/photos\/fontenilles-vtt\/sets\/72157716356925581\/\">https:\/\/www.flickr.com\/photos\/fontenilles-vtt\/sets\/72157716356925581\/<\/a><\/p>\n<p>et bient\u00f4t une video.<\/p>\n","protected":false},"excerpt":{"rendered":"<p>Du 9 au 11 octobre 2020, une partie du club s&rsquo;est retrouv\u00e9 de nouveau pour f\u00eater le VTT dans la joie et l&rsquo;all\u00e9gresse. Destination: Quillan et ses \u00ab\u00a0collines\u00a0\u00bb; Florent et&#8230; <\/p>\n<div class=\"read-more\"><a href=\"https:\/\/fontenilles-vtt.fr\/wp\/?p=4487\">Lire la suite<\/a><\/div>\n","protected":false},"author":1,"featured_media":0,"comment_status":"open","ping_status":"closed","sticky":false,"template":"","format":"standard","meta":{"om_disable_all_campaigns":false,"_monsterinsights_skip_tracking":false,"_monsterinsights_sitenote_active":false,"_monsterinsights_sitenote_note":"","_monsterinsights_sitenote_category":0,"ngg_post_thumbnail":0,"jetpack_post_was_ever_published":false,"_jetpack_newsletter_access":"","_jetpack_dont_email_post_to_subs":false,"_jetpack_newsletter_tier_id":0,"_jetpack_memberships_contains_paywalled_content":false,"_jetpack_memberships_contains_paid_content":false,"footnotes":"","jetpack_publicize_message":"","jetpack_publicize_feature_enabled":true,"jetpack_social_post_already_shared":true,"jetpack_social_options":{"image_generator_settings":{"template":"highway","enabled":false},"version":2}},"categories":[4],"tags":[],"jetpack_publicize_connections":[],"aioseo_notices":[],"jetpack_featured_media_url":"","jetpack_sharing_enabled":true,"jetpack_shortlink":"https:\/\/wp.me\/p9SYmx-1an","jetpack-related-posts":[],"post_mailing_queue_ids":[],"_links":{"self":[{"href":"https:\/\/fontenilles-vtt.fr\/wp\/index.php?rest_route=\/wp\/v2\/posts\/4487"}],"collection":[{"href":"https:\/\/fontenilles-vtt.fr\/wp\/index.php?rest_route=\/wp\/v2\/posts"}],"about":[{"href":"https:\/\/fontenilles-vtt.fr\/wp\/index.php?rest_route=\/wp\/v2\/types\/post"}],"author":[{"embeddable":true,"href":"https:\/\/fontenilles-vtt.fr\/wp\/index.php?rest_route=\/wp\/v2\/users\/1"}],"replies":[{"embeddable":true,"href":"https:\/\/fontenilles-vtt.fr\/wp\/index.php?rest_route=%2Fwp%2Fv2%2Fcomments&post=4487"}],"version-history":[{"count":2,"href":"https:\/\/fontenilles-vtt.fr\/wp\/index.php?rest_route=\/wp\/v2\/posts\/4487\/revisions"}],"predecessor-version":[{"id":4500,"href":"https:\/\/fontenilles-vtt.fr\/wp\/index.php?rest_route=\/wp\/v2\/posts\/4487\/revisions\/4500"}],"wp:attachment":[{"href":"https:\/\/fontenilles-vtt.fr\/wp\/index.php?rest_route=%2Fwp%2Fv2%2Fmedia&parent=4487"}],"wp:term":[{"taxonomy":"category","embeddable":true,"href":"https:\/\/fontenilles-vtt.fr\/wp\/index.php?rest_route=%2Fwp%2Fv2%2Fcategories&post=4487"},{"taxonomy":"post_tag","embeddable":true,"href":"https:\/\/fontenilles-vtt.fr\/wp\/index.php?rest_route=%2Fwp%2Fv2%2Ftags&post=4487"}],"curies":[{"name":"wp","href":"https:\/\/api.w.org\/{rel}","templated":true}]}}