{"id":4865,"date":"2022-08-04T10:14:11","date_gmt":"2022-08-04T08:14:11","guid":{"rendered":"https:\/\/fontenilles-vtt.fr\/wp\/?p=4865"},"modified":"2022-08-04T10:19:56","modified_gmt":"2022-08-04T08:19:56","slug":"les-18iemes-cotes-gasconnes-18-septembre-2022-ca-se-prepare","status":"publish","type":"post","link":"https:\/\/fontenilles-vtt.fr\/wp\/?p=4865","title":{"rendered":"LES 18iemes C\u00d4TES GASCONNES (18 SEPTEMBRE 2022), \u00c7A SE PR\u00c9PARE !"},"content":{"rendered":"\n\n\n<p>Tout le club se mobilise comme chaque ann\u00e9e pour vous pr\u00e9parer la randonn\u00e9e la plus gourmande de la r\u00e9gion !<a href=\"https:\/\/i0.wp.com\/fontenilles-vtt.fr\/wp\/wp-content\/uploads\/2022\/08\/WhatsApp-Image-2022-07-28-at-11.52.53.jpeg?ssl=1\"><img data-recalc-dims=\"1\" loading=\"lazy\" decoding=\"async\" data-attachment-id=\"4868\" data-permalink=\"https:\/\/fontenilles-vtt.fr\/wp\/?attachment_id=4868\" data-orig-file=\"https:\/\/i0.wp.com\/fontenilles-vtt.fr\/wp\/wp-content\/uploads\/2022\/08\/WhatsApp-Image-2022-07-28-at-11.52.53.jpeg?fit=1013%2C2048&amp;ssl=1\" data-orig-size=\"1013,2048\" data-comments-opened=\"1\" data-image-meta=\"{&quot;aperture&quot;:&quot;0&quot;,&quot;credit&quot;:&quot;&quot;,&quot;camera&quot;:&quot;&quot;,&quot;caption&quot;:&quot;&quot;,&quot;created_timestamp&quot;:&quot;0&quot;,&quot;copyright&quot;:&quot;&quot;,&quot;focal_length&quot;:&quot;0&quot;,&quot;iso&quot;:&quot;0&quot;,&quot;shutter_speed&quot;:&quot;0&quot;,&quot;title&quot;:&quot;&quot;,&quot;orientation&quot;:&quot;0&quot;}\" data-image-title=\"WhatsApp Image 2022-07-28 at 11.52.53\" data-image-description=\"\" data-image-caption=\"\" data-medium-file=\"https:\/\/i0.wp.com\/fontenilles-vtt.fr\/wp\/wp-content\/uploads\/2022\/08\/WhatsApp-Image-2022-07-28-at-11.52.53.jpeg?fit=119%2C240&amp;ssl=1\" data-large-file=\"https:\/\/i0.wp.com\/fontenilles-vtt.fr\/wp\/wp-content\/uploads\/2022\/08\/WhatsApp-Image-2022-07-28-at-11.52.53.jpeg?fit=380%2C768&amp;ssl=1\" class=\"aligncenter  wp-image-4868\" src=\"https:\/\/i0.wp.com\/fontenilles-vtt.fr\/wp\/wp-content\/uploads\/2022\/08\/WhatsApp-Image-2022-07-28-at-11.52.53.jpeg?resize=229%2C463&#038;ssl=1\" alt=\"\" width=\"229\" height=\"463\" srcset=\"https:\/\/i0.wp.com\/fontenilles-vtt.fr\/wp\/wp-content\/uploads\/2022\/08\/WhatsApp-Image-2022-07-28-at-11.52.53.jpeg?w=1013&amp;ssl=1 1013w, https:\/\/i0.wp.com\/fontenilles-vtt.fr\/wp\/wp-content\/uploads\/2022\/08\/WhatsApp-Image-2022-07-28-at-11.52.53.jpeg?resize=119%2C240&amp;ssl=1 119w, https:\/\/i0.wp.com\/fontenilles-vtt.fr\/wp\/wp-content\/uploads\/2022\/08\/WhatsApp-Image-2022-07-28-at-11.52.53.jpeg?resize=380%2C768&amp;ssl=1 380w, https:\/\/i0.wp.com\/fontenilles-vtt.fr\/wp\/wp-content\/uploads\/2022\/08\/WhatsApp-Image-2022-07-28-at-11.52.53.jpeg?resize=768%2C1553&amp;ssl=1 768w, https:\/\/i0.wp.com\/fontenilles-vtt.fr\/wp\/wp-content\/uploads\/2022\/08\/WhatsApp-Image-2022-07-28-at-11.52.53.jpeg?resize=760%2C1536&amp;ssl=1 760w\" sizes=\"(max-width: 229px) 100vw, 229px\" \/><\/a><\/p>\n<p>N&rsquo;h\u00e9sitez pas \u00e0 privil\u00e9gier l&rsquo;inscription en ligne pour le VTT. Vous gagnerez du temps au d\u00e9part \ud83d\ude09<\/p>\n<p>Tous les renseignements sont l\u00e0 :&nbsp; <a href=\"https:\/\/fontenilles-vtt.fr\/wp\/?page_id=4553\">C\u00f4tes Gasconnes 2022<\/a>.&nbsp; On compte sur votre participation et parlez en autour de vous !<\/p>\n","protected":false},"excerpt":{"rendered":"<p>Tout le club se mobilise comme chaque ann\u00e9e pour vous pr\u00e9parer la randonn\u00e9e la plus gourmande de la r\u00e9gion ! N&rsquo;h\u00e9sitez pas \u00e0 privil\u00e9gier l&rsquo;inscription en ligne pour le VTT&#8230;. <\/p>\n<div class=\"read-more\"><a href=\"https:\/\/fontenilles-vtt.fr\/wp\/?p=4865\">Lire la suite<\/a><\/div>\n","protected":false},"author":1,"featured_media":0,"comment_status":"open","ping_status":"closed","sticky":false,"template":"","format":"standard","meta":{"om_disable_all_campaigns":false,"_monsterinsights_skip_tracking":false,"_monsterinsights_sitenote_active":false,"_monsterinsights_sitenote_note":"","_monsterinsights_sitenote_category":0,"ngg_post_thumbnail":0,"jetpack_post_was_ever_published":false,"_jetpack_newsletter_access":"","_jetpack_dont_email_post_to_subs":false,"_jetpack_newsletter_tier_id":0,"_jetpack_memberships_contains_paywalled_content":false,"_jetpack_memberships_contains_paid_content":false,"footnotes":"","jetpack_publicize_message":"","jetpack_publicize_feature_enabled":true,"jetpack_social_post_already_shared":true,"jetpack_social_options":{"image_generator_settings":{"template":"highway","enabled":false},"version":2}},"categories":[4],"tags":[],"jetpack_publicize_connections":[],"aioseo_notices":[],"jetpack_featured_media_url":"","jetpack_sharing_enabled":true,"jetpack_shortlink":"https:\/\/wp.me\/p9SYmx-1gt","jetpack-related-posts":[],"post_mailing_queue_ids":[],"_links":{"self":[{"href":"https:\/\/fontenilles-vtt.fr\/wp\/index.php?rest_route=\/wp\/v2\/posts\/4865"}],"collection":[{"href":"https:\/\/fontenilles-vtt.fr\/wp\/index.php?rest_route=\/wp\/v2\/posts"}],"about":[{"href":"https:\/\/fontenilles-vtt.fr\/wp\/index.php?rest_route=\/wp\/v2\/types\/post"}],"author":[{"embeddable":true,"href":"https:\/\/fontenilles-vtt.fr\/wp\/index.php?rest_route=\/wp\/v2\/users\/1"}],"replies":[{"embeddable":true,"href":"https:\/\/fontenilles-vtt.fr\/wp\/index.php?rest_route=%2Fwp%2Fv2%2Fcomments&post=4865"}],"version-history":[{"count":3,"href":"https:\/\/fontenilles-vtt.fr\/wp\/index.php?rest_route=\/wp\/v2\/posts\/4865\/revisions"}],"predecessor-version":[{"id":4870,"href":"https:\/\/fontenilles-vtt.fr\/wp\/index.php?rest_route=\/wp\/v2\/posts\/4865\/revisions\/4870"}],"wp:attachment":[{"href":"https:\/\/fontenilles-vtt.fr\/wp\/index.php?rest_route=%2Fwp%2Fv2%2Fmedia&parent=4865"}],"wp:term":[{"taxonomy":"category","embeddable":true,"href":"https:\/\/fontenilles-vtt.fr\/wp\/index.php?rest_route=%2Fwp%2Fv2%2Fcategories&post=4865"},{"taxonomy":"post_tag","embeddable":true,"href":"https:\/\/fontenilles-vtt.fr\/wp\/index.php?rest_route=%2Fwp%2Fv2%2Ftags&post=4865"}],"curies":[{"name":"wp","href":"https:\/\/api.w.org\/{rel}","templated":true}]}}