{"id":4905,"date":"2022-09-14T15:21:35","date_gmt":"2022-09-14T13:21:35","guid":{"rendered":"https:\/\/fontenilles-vtt.fr\/wp\/?p=4905"},"modified":"2022-09-14T15:23:50","modified_gmt":"2022-09-14T13:23:50","slug":"point-sur-les-derniers-week-end-club","status":"publish","type":"post","link":"https:\/\/fontenilles-vtt.fr\/wp\/?p=4905","title":{"rendered":"Point sur les derniers week-end club"},"content":{"rendered":"\n<p>Manque de motivation, de temps, nous n&rsquo;avons pas fait de compte-rendu de Week-End club depuis le Week-End club \u00e0 Quillan en 2020.<\/p>\n<p>Cela ne veut pas dire que nous avons \u00e9t\u00e9 passifs. Au contraire, nous avons enchain\u00e9 de nombreux week-end:<\/p>\n<ul>\n<li>en 2021, nous nous sommes faits plaisir en allant\n<ul>\n<li>\u00e0 la Clape en juin 2021, dans le plus bel h\u00e9bergement que nous ayons eu, au bord de la mer, de la montagne, enchainant, dans l&rsquo;ordre, bi\u00e8re, vtt, d\u00e9gustation de vins, repas, revtt, rebi\u00e8re, etc., le tout agr\u00e9ment\u00e9 de quelques soleils m\u00e9morables de nos nouveaux, peu habitu\u00e9s \u00e0 la caillasse, et de baignades bien m\u00e9rit\u00e9es.&nbsp;<\/li>\n<li>\u00e0 Ainsa, avec un retour pour la 3e fois dans la Zona Zero, toujours aussi m\u00e9morable, dure et ludique, mais certains ont enfin r\u00e9ussi la cr\u00eate de l&rsquo;enfer (enfin sauf le poignet de Florent), et tous ont appr\u00e9ci\u00e9 ce lieu magique parfum\u00e9 au VTT<\/li>\n<\/ul>\n<\/li>\n<li>en 2022, les destinations ont encore vari\u00e9\n<ul>\n<li>\u00e0 Saint-Chinian tout d&rsquo;abord, avec un site extr\u00eamement ludique dans un logement pas si d\u00e9sagr\u00e9able si nous ne l&rsquo;avions partag\u00e9 avec une fanfare qui nous a tenu \u00e9veill\u00e9 jusqu&rsquo;\u00e0 5h du matin le samedi soir. Bref dur dur le dimanche, mais des chemins qui m\u00e9ritent le d\u00e9placement, rocailleux mais pas trop, enchainement de beaux paysages et de grandes descentes, pour finir, comme souvent, par une visite des caves. Quel bonheur.<\/li>\n<li>\u00e0 Matemale, pr\u00e8s de la station des Angles. Logement en refuge bien \u00e9quip\u00e9, paysages pyr\u00e9n\u00e9ens, avec de longues mont\u00e9es \u00e9puisantes, des passages sur les plateaux un peu rock&rsquo;n roll (enfin surtout rock, qui fait que le portage fut fr\u00e9quent), puis des descentes ludiques, dont celle du bike parc au sommet des Angles tr\u00e8s appr\u00e9ci\u00e9e.<\/li>\n<\/ul>\n<\/li>\n<\/ul>\n<p>Donc m\u00eame si les articles se font moins fr\u00e9quents, les sorties n&rsquo;en restent pas moins tr\u00e8s chouette au sein du club.<\/p>\n<p>Et maintenant, les 18e C\u00f4tes Gasconnes vous attendent.&nbsp;<\/p>\n","protected":false},"excerpt":{"rendered":"<p>Manque de motivation, de temps, nous n&rsquo;avons pas fait de compte-rendu de Week-End club depuis le Week-End club \u00e0 Quillan en 2020. Cela ne veut pas dire que nous avons&#8230; <\/p>\n<div class=\"read-more\"><a href=\"https:\/\/fontenilles-vtt.fr\/wp\/?p=4905\">Lire la suite<\/a><\/div>\n","protected":false},"author":1,"featured_media":0,"comment_status":"open","ping_status":"closed","sticky":false,"template":"","format":"standard","meta":{"om_disable_all_campaigns":false,"_monsterinsights_skip_tracking":false,"_monsterinsights_sitenote_active":false,"_monsterinsights_sitenote_note":"","_monsterinsights_sitenote_category":0,"ngg_post_thumbnail":0,"jetpack_post_was_ever_published":false,"_jetpack_newsletter_access":"","_jetpack_dont_email_post_to_subs":false,"_jetpack_newsletter_tier_id":0,"_jetpack_memberships_contains_paywalled_content":false,"_jetpack_memberships_contains_paid_content":false,"footnotes":"","jetpack_publicize_message":"","jetpack_publicize_feature_enabled":true,"jetpack_social_post_already_shared":true,"jetpack_social_options":{"image_generator_settings":{"template":"highway","enabled":false},"version":2}},"categories":[4],"tags":[],"jetpack_publicize_connections":[],"aioseo_notices":[],"jetpack_featured_media_url":"","jetpack_sharing_enabled":true,"jetpack_shortlink":"https:\/\/wp.me\/p9SYmx-1h7","jetpack-related-posts":[],"post_mailing_queue_ids":[],"_links":{"self":[{"href":"https:\/\/fontenilles-vtt.fr\/wp\/index.php?rest_route=\/wp\/v2\/posts\/4905"}],"collection":[{"href":"https:\/\/fontenilles-vtt.fr\/wp\/index.php?rest_route=\/wp\/v2\/posts"}],"about":[{"href":"https:\/\/fontenilles-vtt.fr\/wp\/index.php?rest_route=\/wp\/v2\/types\/post"}],"author":[{"embeddable":true,"href":"https:\/\/fontenilles-vtt.fr\/wp\/index.php?rest_route=\/wp\/v2\/users\/1"}],"replies":[{"embeddable":true,"href":"https:\/\/fontenilles-vtt.fr\/wp\/index.php?rest_route=%2Fwp%2Fv2%2Fcomments&post=4905"}],"version-history":[{"count":2,"href":"https:\/\/fontenilles-vtt.fr\/wp\/index.php?rest_route=\/wp\/v2\/posts\/4905\/revisions"}],"predecessor-version":[{"id":4908,"href":"https:\/\/fontenilles-vtt.fr\/wp\/index.php?rest_route=\/wp\/v2\/posts\/4905\/revisions\/4908"}],"wp:attachment":[{"href":"https:\/\/fontenilles-vtt.fr\/wp\/index.php?rest_route=%2Fwp%2Fv2%2Fmedia&parent=4905"}],"wp:term":[{"taxonomy":"category","embeddable":true,"href":"https:\/\/fontenilles-vtt.fr\/wp\/index.php?rest_route=%2Fwp%2Fv2%2Fcategories&post=4905"},{"taxonomy":"post_tag","embeddable":true,"href":"https:\/\/fontenilles-vtt.fr\/wp\/index.php?rest_route=%2Fwp%2Fv2%2Ftags&post=4905"}],"curies":[{"name":"wp","href":"https:\/\/api.w.org\/{rel}","templated":true}]}}