{"id":5013,"date":"2023-09-13T08:50:02","date_gmt":"2023-09-13T06:50:02","guid":{"rendered":"https:\/\/fontenilles-vtt.fr\/wp\/?p=5013"},"modified":"2023-09-13T09:39:04","modified_gmt":"2023-09-13T07:39:04","slug":"cotes-gasconnes-a-fontenilles-le-17-septembre-derniere-ligne-droite","status":"publish","type":"post","link":"https:\/\/fontenilles-vtt.fr\/wp\/?p=5013","title":{"rendered":"Cotes Gasconnes \u00e0 Fontenilles le 17 septembre, Derni\u00e8re ligne droite"},"content":{"rendered":"\n<p>Nous sommes \u00e0 4 jours des Cotes Gasconnes. La m\u00e9t\u00e9o devrait finalement \u00eatre favorable.<\/p>\n<p>L&rsquo;\u00e9quipe est \u00e0 pied d&rsquo;\u0153uvre pour finaliser l&rsquo;organisation et nettoyer les chemins dont quelques <strong>nouveaut\u00e9s&nbsp;<\/strong>\u00ab\u00a0<em>comme il faut<\/em>\u00ab\u00a0&#x1f929;.<\/p>\n<p><a href=\"https:\/\/i0.wp.com\/fontenilles-vtt.fr\/wp\/wp-content\/uploads\/2023\/09\/image002.png?ssl=1\"><img data-recalc-dims=\"1\" loading=\"lazy\" decoding=\"async\" data-attachment-id=\"5018\" data-permalink=\"https:\/\/fontenilles-vtt.fr\/wp\/?attachment_id=5018\" data-orig-file=\"https:\/\/i0.wp.com\/fontenilles-vtt.fr\/wp\/wp-content\/uploads\/2023\/09\/image002.png?fit=479%2C269&amp;ssl=1\" data-orig-size=\"479,269\" data-comments-opened=\"1\" data-image-meta=\"{&quot;aperture&quot;:&quot;0&quot;,&quot;credit&quot;:&quot;&quot;,&quot;camera&quot;:&quot;&quot;,&quot;caption&quot;:&quot;&quot;,&quot;created_timestamp&quot;:&quot;0&quot;,&quot;copyright&quot;:&quot;&quot;,&quot;focal_length&quot;:&quot;0&quot;,&quot;iso&quot;:&quot;0&quot;,&quot;shutter_speed&quot;:&quot;0&quot;,&quot;title&quot;:&quot;&quot;,&quot;orientation&quot;:&quot;0&quot;}\" data-image-title=\"image002\" data-image-description=\"\" data-image-caption=\"\" data-medium-file=\"https:\/\/i0.wp.com\/fontenilles-vtt.fr\/wp\/wp-content\/uploads\/2023\/09\/image002.png?fit=300%2C168&amp;ssl=1\" data-large-file=\"https:\/\/i0.wp.com\/fontenilles-vtt.fr\/wp\/wp-content\/uploads\/2023\/09\/image002.png?fit=479%2C269&amp;ssl=1\" class=\"aligncenter size-full wp-image-5018\" src=\"https:\/\/i0.wp.com\/fontenilles-vtt.fr\/wp\/wp-content\/uploads\/2023\/09\/image002.png?resize=479%2C269&#038;ssl=1\" alt=\"\" width=\"479\" height=\"269\" srcset=\"https:\/\/i0.wp.com\/fontenilles-vtt.fr\/wp\/wp-content\/uploads\/2023\/09\/image002.png?w=479&amp;ssl=1 479w, https:\/\/i0.wp.com\/fontenilles-vtt.fr\/wp\/wp-content\/uploads\/2023\/09\/image002.png?resize=300%2C168&amp;ssl=1 300w\" sizes=\"(max-width: 479px) 100vw, 479px\" \/><\/a><\/p>\n<p>Sur ce lien&nbsp;<strong><a href=\"https:\/\/fontenilles-vtt.fr\/wp\/?page_id=4553\">C\u00f4tes Gasconnes 2023<\/a><\/strong>, vous trouverez les derniers&nbsp;<strong>kilom\u00e9trages&nbsp;<\/strong>et&nbsp;<strong>d\u00e9nivel\u00e9s<\/strong>, nous essayons d&rsquo;\u00eatre le plus pr\u00e9cis possible mais cela peut d\u00e9vier un peu.<\/p>\n<p>Pour les&nbsp;<strong>inscriptions<\/strong>, ceux qui l&rsquo;auront faite via&nbsp;<a href=\"https:\/\/www.helloasso.com\/associations\/vtt-fontenilles\/evenements\/randonnee-fontenilles-vtt-les-cotes-gasconnes-2023\">Helloasso&nbsp;<\/a>(en ligne) auront une file prioritaire.<\/p>\n<p>Nouveaut\u00e9 cette ann\u00e9e, le paiement CB sur place est possible.<\/p>\n<p><strong><a href=\"https:\/\/i0.wp.com\/fontenilles-vtt.fr\/wp\/wp-content\/uploads\/2023\/09\/image004.png?ssl=1\"><img data-recalc-dims=\"1\" loading=\"lazy\" decoding=\"async\" data-attachment-id=\"5019\" data-permalink=\"https:\/\/fontenilles-vtt.fr\/wp\/?attachment_id=5019\" data-orig-file=\"https:\/\/i0.wp.com\/fontenilles-vtt.fr\/wp\/wp-content\/uploads\/2023\/09\/image004.png?fit=184%2C185&amp;ssl=1\" data-orig-size=\"184,185\" data-comments-opened=\"1\" data-image-meta=\"{&quot;aperture&quot;:&quot;0&quot;,&quot;credit&quot;:&quot;&quot;,&quot;camera&quot;:&quot;&quot;,&quot;caption&quot;:&quot;&quot;,&quot;created_timestamp&quot;:&quot;0&quot;,&quot;copyright&quot;:&quot;&quot;,&quot;focal_length&quot;:&quot;0&quot;,&quot;iso&quot;:&quot;0&quot;,&quot;shutter_speed&quot;:&quot;0&quot;,&quot;title&quot;:&quot;&quot;,&quot;orientation&quot;:&quot;0&quot;}\" data-image-title=\"image004\" data-image-description=\"\" data-image-caption=\"\" data-medium-file=\"https:\/\/i0.wp.com\/fontenilles-vtt.fr\/wp\/wp-content\/uploads\/2023\/09\/image004.png?fit=184%2C185&amp;ssl=1\" data-large-file=\"https:\/\/i0.wp.com\/fontenilles-vtt.fr\/wp\/wp-content\/uploads\/2023\/09\/image004.png?fit=184%2C185&amp;ssl=1\" class=\"aligncenter size-full wp-image-5019\" src=\"https:\/\/i0.wp.com\/fontenilles-vtt.fr\/wp\/wp-content\/uploads\/2023\/09\/image004.png?resize=184%2C185&#038;ssl=1\" alt=\"\" width=\"184\" height=\"185\"><\/a><\/strong><\/p>\n<p>Comme promis pour le parcours Gravel (63km), les traces GPS sont t\u00e9l\u00e9chargeables sur cette page&nbsp;<strong><a href=\"https:\/\/fontenilles-vtt.fr\/wp\/?page_id=4553\">C\u00f4tes Gasconnes 2023<\/a><\/strong><\/p>\n<p><strong>Pour les autres parcours, nous enverrons les traces Samedi apr\u00e8s midi \u00e0 ceux qui se sont inscrits en ligne UNIQUEMENT.<\/strong><\/p>\n<p>Un petit rappel pour les gobelets&#8230; plus d&rsquo;excuse c&rsquo;est marqu\u00e9 dessus&nbsp;&#x1f642;<\/p>\n<p><a href=\"https:\/\/i0.wp.com\/fontenilles-vtt.fr\/wp\/wp-content\/uploads\/2023\/09\/image005.png?ssl=1\"><img data-recalc-dims=\"1\" loading=\"lazy\" decoding=\"async\" data-attachment-id=\"5020\" data-permalink=\"https:\/\/fontenilles-vtt.fr\/wp\/?attachment_id=5020\" data-orig-file=\"https:\/\/i0.wp.com\/fontenilles-vtt.fr\/wp\/wp-content\/uploads\/2023\/09\/image005.png?fit=431%2C326&amp;ssl=1\" data-orig-size=\"431,326\" data-comments-opened=\"1\" data-image-meta=\"{&quot;aperture&quot;:&quot;0&quot;,&quot;credit&quot;:&quot;&quot;,&quot;camera&quot;:&quot;&quot;,&quot;caption&quot;:&quot;&quot;,&quot;created_timestamp&quot;:&quot;0&quot;,&quot;copyright&quot;:&quot;&quot;,&quot;focal_length&quot;:&quot;0&quot;,&quot;iso&quot;:&quot;0&quot;,&quot;shutter_speed&quot;:&quot;0&quot;,&quot;title&quot;:&quot;&quot;,&quot;orientation&quot;:&quot;0&quot;}\" data-image-title=\"image005\" data-image-description=\"\" data-image-caption=\"\" data-medium-file=\"https:\/\/i0.wp.com\/fontenilles-vtt.fr\/wp\/wp-content\/uploads\/2023\/09\/image005.png?fit=300%2C227&amp;ssl=1\" data-large-file=\"https:\/\/i0.wp.com\/fontenilles-vtt.fr\/wp\/wp-content\/uploads\/2023\/09\/image005.png?fit=431%2C326&amp;ssl=1\" class=\"aligncenter size-full wp-image-5020\" src=\"https:\/\/i0.wp.com\/fontenilles-vtt.fr\/wp\/wp-content\/uploads\/2023\/09\/image005.png?resize=431%2C326&#038;ssl=1\" alt=\"\" width=\"431\" height=\"326\" srcset=\"https:\/\/i0.wp.com\/fontenilles-vtt.fr\/wp\/wp-content\/uploads\/2023\/09\/image005.png?w=431&amp;ssl=1 431w, https:\/\/i0.wp.com\/fontenilles-vtt.fr\/wp\/wp-content\/uploads\/2023\/09\/image005.png?resize=300%2C227&amp;ssl=1 300w\" sizes=\"(max-width: 431px) 100vw, 431px\" \/><\/a><\/p>\n<p>A dimanche!<\/p>\n<p>&nbsp;<\/p>\n<p>&nbsp;<\/p>\n<p>&nbsp;<\/p>\n<p>&nbsp;<\/p>\n","protected":false},"excerpt":{"rendered":"<p>Nous sommes \u00e0 4 jours des Cotes Gasconnes. La m\u00e9t\u00e9o devrait finalement \u00eatre favorable. L&rsquo;\u00e9quipe est \u00e0 pied d&rsquo;\u0153uvre pour finaliser l&rsquo;organisation et nettoyer les chemins dont quelques nouveaut\u00e9s&nbsp;\u00ab\u00a0comme il&#8230; <\/p>\n<div class=\"read-more\"><a href=\"https:\/\/fontenilles-vtt.fr\/wp\/?p=5013\">Lire la suite<\/a><\/div>\n","protected":false},"author":1,"featured_media":0,"comment_status":"open","ping_status":"closed","sticky":false,"template":"","format":"standard","meta":{"om_disable_all_campaigns":false,"_monsterinsights_skip_tracking":false,"_monsterinsights_sitenote_active":false,"_monsterinsights_sitenote_note":"","_monsterinsights_sitenote_category":0,"ngg_post_thumbnail":0,"jetpack_post_was_ever_published":false,"_jetpack_newsletter_access":"","_jetpack_dont_email_post_to_subs":false,"_jetpack_newsletter_tier_id":0,"_jetpack_memberships_contains_paywalled_content":false,"_jetpack_memberships_contains_paid_content":false,"footnotes":"","jetpack_publicize_message":"","jetpack_publicize_feature_enabled":true,"jetpack_social_post_already_shared":true,"jetpack_social_options":{"image_generator_settings":{"template":"highway","enabled":false},"version":2}},"categories":[4],"tags":[],"jetpack_publicize_connections":[],"aioseo_notices":[],"jetpack_featured_media_url":"","jetpack_sharing_enabled":true,"jetpack_shortlink":"https:\/\/wp.me\/p9SYmx-1iR","jetpack-related-posts":[],"post_mailing_queue_ids":[],"_links":{"self":[{"href":"https:\/\/fontenilles-vtt.fr\/wp\/index.php?rest_route=\/wp\/v2\/posts\/5013"}],"collection":[{"href":"https:\/\/fontenilles-vtt.fr\/wp\/index.php?rest_route=\/wp\/v2\/posts"}],"about":[{"href":"https:\/\/fontenilles-vtt.fr\/wp\/index.php?rest_route=\/wp\/v2\/types\/post"}],"author":[{"embeddable":true,"href":"https:\/\/fontenilles-vtt.fr\/wp\/index.php?rest_route=\/wp\/v2\/users\/1"}],"replies":[{"embeddable":true,"href":"https:\/\/fontenilles-vtt.fr\/wp\/index.php?rest_route=%2Fwp%2Fv2%2Fcomments&post=5013"}],"version-history":[{"count":3,"href":"https:\/\/fontenilles-vtt.fr\/wp\/index.php?rest_route=\/wp\/v2\/posts\/5013\/revisions"}],"predecessor-version":[{"id":5021,"href":"https:\/\/fontenilles-vtt.fr\/wp\/index.php?rest_route=\/wp\/v2\/posts\/5013\/revisions\/5021"}],"wp:attachment":[{"href":"https:\/\/fontenilles-vtt.fr\/wp\/index.php?rest_route=%2Fwp%2Fv2%2Fmedia&parent=5013"}],"wp:term":[{"taxonomy":"category","embeddable":true,"href":"https:\/\/fontenilles-vtt.fr\/wp\/index.php?rest_route=%2Fwp%2Fv2%2Fcategories&post=5013"},{"taxonomy":"post_tag","embeddable":true,"href":"https:\/\/fontenilles-vtt.fr\/wp\/index.php?rest_route=%2Fwp%2Fv2%2Ftags&post=5013"}],"curies":[{"name":"wp","href":"https:\/\/api.w.org\/{rel}","templated":true}]}}