{"id":5039,"date":"2023-10-26T11:54:48","date_gmt":"2023-10-26T09:54:48","guid":{"rendered":"https:\/\/fontenilles-vtt.fr\/wp\/?p=5039"},"modified":"2023-10-26T17:55:41","modified_gmt":"2023-10-26T15:55:41","slug":"les-oranges-au-roc","status":"publish","type":"post","link":"https:\/\/fontenilles-vtt.fr\/wp\/?p=5039","title":{"rendered":"Les Oranges au Roc"},"content":{"rendered":"\n\n\n\n\n<p>D\u00e9but octobre, le Roc d&rsquo;Azur a fait du pied \u00e0 un petit groupe de VTTistes fontenillois. Nous \u00e9tions 5 \u00e0 nous y rendre. Greg en famille, dont l&rsquo;objectif \u00e9tait le Roc Marathon d&rsquo;un c\u00f4t\u00e9, et le groupe Seb, Chris, Tony, Lio d&rsquo;un autre c\u00f4t\u00e9, avec un programme plus calme: Roc Odissey,&nbsp; Village du Roc puis Roc d&rsquo;Azur.<\/p>\n<p>C\u00f4t\u00e9 Greg, je ne m&rsquo;\u00e9tendrai pas trop, mais il a roul\u00e9 le vendredi sur 92km, sur un parcours magnifique et exigeant, avec une temp\u00e9rature chaude et un temps magnifique. Nous le croiserons \u00e0 l&rsquo;arriv\u00e9e du Roc Odissey puis mangerons avec lui et sa femme qui faisait le Roc e-Odissey le soir devant le match de la France du soir au restaurant du camping.<\/p>\n<p>De notre c\u00f4t\u00e9, voyage en deux temps avec pause le jeudi soir \u00e0 Montpellier, puis route le matin vers Fr\u00e9jus pour arriver \u00e0 la bourre (vive les accidents) au camping de l&rsquo;Etoile d&rsquo;Argens qui n&rsquo;avait pas encore pr\u00e9par\u00e9 le mobile home. Pique nique et \u00e9quipement dans le parc, puis nous retrouvons Vincent et Pascal (2 amis) pour aller sur la Roc Odissey. D\u00e9part \u00e0 14h15 pour 35 km de d\u00e9couverte d&rsquo;une partie du Roc d&rsquo;Azur. Premi\u00e8re mont\u00e9e longue et physique avant de redescendre par chemin, puis 2e mont\u00e9e qui nous ouvre cette fois-ci de plus belles descentes avec de jolis passages techniques et retour par le sentier des douaniers.<\/p>\n<p>Belle entr\u00e9e en mati\u00e8re pour laquelle nous sommes rest\u00e9s group\u00e9s (enfin, aux ravitos) . T-shirt \u00e0 l&rsquo;arriv\u00e9e et petit sac \u00e0 dos en cadeau d&rsquo;inscription.<\/p>\n<p>Le samedi, la journ\u00e9e a \u00e9t\u00e9 tranquille, pr\u00e9paration\/r\u00e9paration des montures puis journ\u00e9e sur le village du Roc avec quelques achats sympas, une s\u00e9ance de massage offerte, de belles d\u00e9couvertes de nos futures montures de r\u00eave, puis un tour \u00e0 la piscine avant un repas pasta avec Eric (un ami) qui nous a rejoint.<\/p>\n<p>Dimanche enfin, le Roc d&rsquo;Azur, le vrai, arrive avec des d\u00e9parts \u00e9parpill\u00e9s (9h35, 10h10, 10h35,11h et 11h25).<\/p>\n<p>Grosse mont\u00e9e pour d\u00e9marrer, sous une chaleur infernale, la t\u00eate en tourne, puis descente vers le Fournel, puis regrosse mont\u00e9e pour arriver au point haut du parcours et la plus belle descente que j&rsquo;ai connu au Roc. 400m de D- minimum sur un parcours tr\u00e8s tr\u00e8s technique. Une fois la premi\u00e8re partie super raide franchie (et les gars \u00e0 pied \u00e9cart\u00e9s), j&rsquo;ai pu la faire \u00e0 fond, et en bas, une banane d&rsquo;enfer, des crampes dans les doigts et un d\u00e9but de crampe dans les cuisses.&nbsp;<\/p>\n<p>Beaucoup de moulinage et quelques gels plus tard, les crampes sont pass\u00e9es, et le parcours continue avec de tr\u00e8s belles petites mont\u00e9es et descentes; Arr\u00eats tr\u00e8s brefs sur 2 ravitos (sur 4) sans int\u00e9r\u00eats pour moi, je retrouve Tony et Seb qui a crev\u00e9 et perdu beaucoup de temps \u00e0 r\u00e9parer, puis repars \u00e0 la chasse de Chris. Je me fais le plaisir d&rsquo;une petite chute en mont\u00e9e en tentant de passer un passage rocheux apr\u00e8s le Bourgnon.<\/p>\n<p>Je ne retrouverai Chris qu&rsquo;\u00e0 l&rsquo;arriv\u00e9e o\u00f9 il attendait gentiment en se remplissant les poches de barres \u00e9nerg\u00e9tiques pour tuer le temps. Bi\u00e8res, T-shirt et rechargement des batteries puis Tony et Seb arrivent. \u00ab\u00a0J&rsquo;en ai peut \u00eatre gard\u00e9 un peu trop sous la p\u00e9dale\u00a0\u00bb dira Tony, qui en effet n&rsquo;a pas fait un temps canon :).&nbsp; Nous rentrons au bungalow avec le sourire puis attendons le retour d&rsquo;Eric qui a souffert comme jamais, avant de faire le retour tardif sur Toulouse pour une arriv\u00e9e vers 1h du mat.<\/p>\n<p>C&rsquo;\u00e9tait comme toujours bon et beau, mais il faut vraiment s&rsquo;inscrire le plus t\u00f4t possible pour partir dans les meilleures vagues et \u00e9viter les boulets sur le parcours.<\/p>\n<p><a href=\"https:\/\/i0.wp.com\/fontenilles-vtt.fr\/wp\/wp-content\/uploads\/2023\/10\/WhatsApp-Image-2023-10-06-a-17.25.11_997c061a.jpg?ssl=1\"><img data-recalc-dims=\"1\" loading=\"lazy\" decoding=\"async\" data-attachment-id=\"5046\" data-permalink=\"https:\/\/fontenilles-vtt.fr\/wp\/?attachment_id=5046\" data-orig-file=\"https:\/\/i0.wp.com\/fontenilles-vtt.fr\/wp\/wp-content\/uploads\/2023\/10\/WhatsApp-Image-2023-10-06-a-17.25.11_997c061a.jpg?fit=1024%2C768&amp;ssl=1\" data-orig-size=\"1024,768\" data-comments-opened=\"1\" data-image-meta=\"{&quot;aperture&quot;:&quot;0&quot;,&quot;credit&quot;:&quot;&quot;,&quot;camera&quot;:&quot;&quot;,&quot;caption&quot;:&quot;&quot;,&quot;created_timestamp&quot;:&quot;0&quot;,&quot;copyright&quot;:&quot;&quot;,&quot;focal_length&quot;:&quot;0&quot;,&quot;iso&quot;:&quot;0&quot;,&quot;shutter_speed&quot;:&quot;0&quot;,&quot;title&quot;:&quot;&quot;,&quot;orientation&quot;:&quot;0&quot;}\" data-image-title=\"Equipe des oranges au Roc\" data-image-description=\"\" data-image-caption=\"\" data-medium-file=\"https:\/\/i0.wp.com\/fontenilles-vtt.fr\/wp\/wp-content\/uploads\/2023\/10\/WhatsApp-Image-2023-10-06-a-17.25.11_997c061a.jpg?fit=300%2C225&amp;ssl=1\" data-large-file=\"https:\/\/i0.wp.com\/fontenilles-vtt.fr\/wp\/wp-content\/uploads\/2023\/10\/WhatsApp-Image-2023-10-06-a-17.25.11_997c061a.jpg?fit=590%2C443&amp;ssl=1\" class=\"aligncenter size-full wp-image-5046\" src=\"https:\/\/i0.wp.com\/fontenilles-vtt.fr\/wp\/wp-content\/uploads\/2023\/10\/WhatsApp-Image-2023-10-06-a-17.25.11_997c061a.jpg?resize=590%2C443&#038;ssl=1\" alt=\"\" width=\"590\" height=\"443\" srcset=\"https:\/\/i0.wp.com\/fontenilles-vtt.fr\/wp\/wp-content\/uploads\/2023\/10\/WhatsApp-Image-2023-10-06-a-17.25.11_997c061a.jpg?w=1024&amp;ssl=1 1024w, https:\/\/i0.wp.com\/fontenilles-vtt.fr\/wp\/wp-content\/uploads\/2023\/10\/WhatsApp-Image-2023-10-06-a-17.25.11_997c061a.jpg?resize=300%2C225&amp;ssl=1 300w, https:\/\/i0.wp.com\/fontenilles-vtt.fr\/wp\/wp-content\/uploads\/2023\/10\/WhatsApp-Image-2023-10-06-a-17.25.11_997c061a.jpg?resize=768%2C576&amp;ssl=1 768w\" sizes=\"(max-width: 590px) 100vw, 590px\" \/><\/a><\/p>\n<p><a href=\"https:\/\/i0.wp.com\/fontenilles-vtt.fr\/wp\/wp-content\/uploads\/2023\/10\/WhatsApp-Image-2023-10-06-a-14.09.03_1fd53c8e.jpg?ssl=1\"><img data-recalc-dims=\"1\" loading=\"lazy\" decoding=\"async\" data-attachment-id=\"5043\" data-permalink=\"https:\/\/fontenilles-vtt.fr\/wp\/?attachment_id=5043\" data-orig-file=\"https:\/\/i0.wp.com\/fontenilles-vtt.fr\/wp\/wp-content\/uploads\/2023\/10\/WhatsApp-Image-2023-10-06-a-14.09.03_1fd53c8e.jpg?fit=1024%2C768&amp;ssl=1\" data-orig-size=\"1024,768\" data-comments-opened=\"1\" data-image-meta=\"{&quot;aperture&quot;:&quot;0&quot;,&quot;credit&quot;:&quot;&quot;,&quot;camera&quot;:&quot;&quot;,&quot;caption&quot;:&quot;&quot;,&quot;created_timestamp&quot;:&quot;0&quot;,&quot;copyright&quot;:&quot;&quot;,&quot;focal_length&quot;:&quot;0&quot;,&quot;iso&quot;:&quot;0&quot;,&quot;shutter_speed&quot;:&quot;0&quot;,&quot;title&quot;:&quot;&quot;,&quot;orientation&quot;:&quot;0&quot;}\" data-image-title=\"WhatsApp Image 2023-10-06 \u00e0 14.09.03_1fd53c8e\" data-image-description=\"\" data-image-caption=\"\" data-medium-file=\"https:\/\/i0.wp.com\/fontenilles-vtt.fr\/wp\/wp-content\/uploads\/2023\/10\/WhatsApp-Image-2023-10-06-a-14.09.03_1fd53c8e.jpg?fit=300%2C225&amp;ssl=1\" data-large-file=\"https:\/\/i0.wp.com\/fontenilles-vtt.fr\/wp\/wp-content\/uploads\/2023\/10\/WhatsApp-Image-2023-10-06-a-14.09.03_1fd53c8e.jpg?fit=590%2C443&amp;ssl=1\" class=\"aligncenter size-full wp-image-5043\" src=\"https:\/\/i0.wp.com\/fontenilles-vtt.fr\/wp\/wp-content\/uploads\/2023\/10\/WhatsApp-Image-2023-10-06-a-14.09.03_1fd53c8e.jpg?resize=590%2C443&#038;ssl=1\" alt=\"\" width=\"590\" height=\"443\" srcset=\"https:\/\/i0.wp.com\/fontenilles-vtt.fr\/wp\/wp-content\/uploads\/2023\/10\/WhatsApp-Image-2023-10-06-a-14.09.03_1fd53c8e.jpg?w=1024&amp;ssl=1 1024w, https:\/\/i0.wp.com\/fontenilles-vtt.fr\/wp\/wp-content\/uploads\/2023\/10\/WhatsApp-Image-2023-10-06-a-14.09.03_1fd53c8e.jpg?resize=300%2C225&amp;ssl=1 300w, https:\/\/i0.wp.com\/fontenilles-vtt.fr\/wp\/wp-content\/uploads\/2023\/10\/WhatsApp-Image-2023-10-06-a-14.09.03_1fd53c8e.jpg?resize=768%2C576&amp;ssl=1 768w\" sizes=\"(max-width: 590px) 100vw, 590px\" \/><\/a><a href=\"https:\/\/i0.wp.com\/fontenilles-vtt.fr\/wp\/wp-content\/uploads\/2023\/10\/WhatsApp-Image-2023-10-06-a-14.09.03_5b6978d2.jpg?ssl=1\"><img data-recalc-dims=\"1\" loading=\"lazy\" decoding=\"async\" data-attachment-id=\"5044\" data-permalink=\"https:\/\/fontenilles-vtt.fr\/wp\/?attachment_id=5044\" data-orig-file=\"https:\/\/i0.wp.com\/fontenilles-vtt.fr\/wp\/wp-content\/uploads\/2023\/10\/WhatsApp-Image-2023-10-06-a-14.09.03_5b6978d2.jpg?fit=769%2C1024&amp;ssl=1\" data-orig-size=\"769,1024\" data-comments-opened=\"1\" data-image-meta=\"{&quot;aperture&quot;:&quot;0&quot;,&quot;credit&quot;:&quot;&quot;,&quot;camera&quot;:&quot;&quot;,&quot;caption&quot;:&quot;&quot;,&quot;created_timestamp&quot;:&quot;0&quot;,&quot;copyright&quot;:&quot;&quot;,&quot;focal_length&quot;:&quot;0&quot;,&quot;iso&quot;:&quot;0&quot;,&quot;shutter_speed&quot;:&quot;0&quot;,&quot;title&quot;:&quot;&quot;,&quot;orientation&quot;:&quot;0&quot;}\" data-image-title=\"WhatsApp Image 2023-10-06 \u00e0 14.09.03_5b6978d2\" data-image-description=\"\" data-image-caption=\"\" data-medium-file=\"https:\/\/i0.wp.com\/fontenilles-vtt.fr\/wp\/wp-content\/uploads\/2023\/10\/WhatsApp-Image-2023-10-06-a-14.09.03_5b6978d2.jpg?fit=180%2C240&amp;ssl=1\" data-large-file=\"https:\/\/i0.wp.com\/fontenilles-vtt.fr\/wp\/wp-content\/uploads\/2023\/10\/WhatsApp-Image-2023-10-06-a-14.09.03_5b6978d2.jpg?fit=577%2C768&amp;ssl=1\" class=\"aligncenter size-full wp-image-5044\" src=\"https:\/\/i0.wp.com\/fontenilles-vtt.fr\/wp\/wp-content\/uploads\/2023\/10\/WhatsApp-Image-2023-10-06-a-14.09.03_5b6978d2.jpg?resize=590%2C786&#038;ssl=1\" alt=\"\" width=\"590\" height=\"786\" srcset=\"https:\/\/i0.wp.com\/fontenilles-vtt.fr\/wp\/wp-content\/uploads\/2023\/10\/WhatsApp-Image-2023-10-06-a-14.09.03_5b6978d2.jpg?w=769&amp;ssl=1 769w, https:\/\/i0.wp.com\/fontenilles-vtt.fr\/wp\/wp-content\/uploads\/2023\/10\/WhatsApp-Image-2023-10-06-a-14.09.03_5b6978d2.jpg?resize=180%2C240&amp;ssl=1 180w, https:\/\/i0.wp.com\/fontenilles-vtt.fr\/wp\/wp-content\/uploads\/2023\/10\/WhatsApp-Image-2023-10-06-a-14.09.03_5b6978d2.jpg?resize=577%2C768&amp;ssl=1 577w\" sizes=\"(max-width: 590px) 100vw, 590px\" \/><\/a><a href=\"https:\/\/i0.wp.com\/fontenilles-vtt.fr\/wp\/wp-content\/uploads\/2023\/10\/WhatsApp-Image-2023-10-08-a-09.58.43_b163ca79.jpg?ssl=1\"><img data-recalc-dims=\"1\" loading=\"lazy\" decoding=\"async\" data-attachment-id=\"5048\" data-permalink=\"https:\/\/fontenilles-vtt.fr\/wp\/?attachment_id=5048\" data-orig-file=\"https:\/\/i0.wp.com\/fontenilles-vtt.fr\/wp\/wp-content\/uploads\/2023\/10\/WhatsApp-Image-2023-10-08-a-09.58.43_b163ca79.jpg?fit=1500%2C2000&amp;ssl=1\" data-orig-size=\"1500,2000\" data-comments-opened=\"1\" data-image-meta=\"{&quot;aperture&quot;:&quot;0&quot;,&quot;credit&quot;:&quot;&quot;,&quot;camera&quot;:&quot;&quot;,&quot;caption&quot;:&quot;&quot;,&quot;created_timestamp&quot;:&quot;0&quot;,&quot;copyright&quot;:&quot;&quot;,&quot;focal_length&quot;:&quot;0&quot;,&quot;iso&quot;:&quot;0&quot;,&quot;shutter_speed&quot;:&quot;0&quot;,&quot;title&quot;:&quot;&quot;,&quot;orientation&quot;:&quot;0&quot;}\" data-image-title=\"WhatsApp Image 2023-10-08 \u00e0 09.58.43_b163ca79\" data-image-description=\"\" data-image-caption=\"\" data-medium-file=\"https:\/\/i0.wp.com\/fontenilles-vtt.fr\/wp\/wp-content\/uploads\/2023\/10\/WhatsApp-Image-2023-10-08-a-09.58.43_b163ca79.jpg?fit=180%2C240&amp;ssl=1\" data-large-file=\"https:\/\/i0.wp.com\/fontenilles-vtt.fr\/wp\/wp-content\/uploads\/2023\/10\/WhatsApp-Image-2023-10-08-a-09.58.43_b163ca79.jpg?fit=576%2C768&amp;ssl=1\" class=\"aligncenter size-full wp-image-5048\" src=\"https:\/\/i0.wp.com\/fontenilles-vtt.fr\/wp\/wp-content\/uploads\/2023\/10\/WhatsApp-Image-2023-10-08-a-09.58.43_b163ca79.jpg?resize=590%2C787&#038;ssl=1\" alt=\"\" width=\"590\" height=\"787\" srcset=\"https:\/\/i0.wp.com\/fontenilles-vtt.fr\/wp\/wp-content\/uploads\/2023\/10\/WhatsApp-Image-2023-10-08-a-09.58.43_b163ca79.jpg?w=1500&amp;ssl=1 1500w, https:\/\/i0.wp.com\/fontenilles-vtt.fr\/wp\/wp-content\/uploads\/2023\/10\/WhatsApp-Image-2023-10-08-a-09.58.43_b163ca79.jpg?resize=180%2C240&amp;ssl=1 180w, https:\/\/i0.wp.com\/fontenilles-vtt.fr\/wp\/wp-content\/uploads\/2023\/10\/WhatsApp-Image-2023-10-08-a-09.58.43_b163ca79.jpg?resize=576%2C768&amp;ssl=1 576w, https:\/\/i0.wp.com\/fontenilles-vtt.fr\/wp\/wp-content\/uploads\/2023\/10\/WhatsApp-Image-2023-10-08-a-09.58.43_b163ca79.jpg?resize=768%2C1024&amp;ssl=1 768w, https:\/\/i0.wp.com\/fontenilles-vtt.fr\/wp\/wp-content\/uploads\/2023\/10\/WhatsApp-Image-2023-10-08-a-09.58.43_b163ca79.jpg?resize=1152%2C1536&amp;ssl=1 1152w\" sizes=\"(max-width: 590px) 100vw, 590px\" \/><\/a><a href=\"https:\/\/i0.wp.com\/fontenilles-vtt.fr\/wp\/wp-content\/uploads\/2023\/10\/WhatsApp-Image-2023-10-06-a-16.29.45_14abb219.jpg?ssl=1\"><img data-recalc-dims=\"1\" loading=\"lazy\" decoding=\"async\" data-attachment-id=\"5045\" data-permalink=\"https:\/\/fontenilles-vtt.fr\/wp\/?attachment_id=5045\" data-orig-file=\"https:\/\/i0.wp.com\/fontenilles-vtt.fr\/wp\/wp-content\/uploads\/2023\/10\/WhatsApp-Image-2023-10-06-a-16.29.45_14abb219.jpg?fit=1200%2C1600&amp;ssl=1\" data-orig-size=\"1200,1600\" data-comments-opened=\"1\" data-image-meta=\"{&quot;aperture&quot;:&quot;0&quot;,&quot;credit&quot;:&quot;&quot;,&quot;camera&quot;:&quot;&quot;,&quot;caption&quot;:&quot;&quot;,&quot;created_timestamp&quot;:&quot;0&quot;,&quot;copyright&quot;:&quot;&quot;,&quot;focal_length&quot;:&quot;0&quot;,&quot;iso&quot;:&quot;0&quot;,&quot;shutter_speed&quot;:&quot;0&quot;,&quot;title&quot;:&quot;&quot;,&quot;orientation&quot;:&quot;0&quot;}\" data-image-title=\"WhatsApp Image 2023-10-06 \u00e0 16.29.45_14abb219\" data-image-description=\"\" data-image-caption=\"\" data-medium-file=\"https:\/\/i0.wp.com\/fontenilles-vtt.fr\/wp\/wp-content\/uploads\/2023\/10\/WhatsApp-Image-2023-10-06-a-16.29.45_14abb219.jpg?fit=180%2C240&amp;ssl=1\" data-large-file=\"https:\/\/i0.wp.com\/fontenilles-vtt.fr\/wp\/wp-content\/uploads\/2023\/10\/WhatsApp-Image-2023-10-06-a-16.29.45_14abb219.jpg?fit=576%2C768&amp;ssl=1\" class=\"aligncenter size-full wp-image-5045\" src=\"https:\/\/i0.wp.com\/fontenilles-vtt.fr\/wp\/wp-content\/uploads\/2023\/10\/WhatsApp-Image-2023-10-06-a-16.29.45_14abb219.jpg?resize=590%2C787&#038;ssl=1\" alt=\"\" width=\"590\" height=\"787\" srcset=\"https:\/\/i0.wp.com\/fontenilles-vtt.fr\/wp\/wp-content\/uploads\/2023\/10\/WhatsApp-Image-2023-10-06-a-16.29.45_14abb219.jpg?w=1200&amp;ssl=1 1200w, https:\/\/i0.wp.com\/fontenilles-vtt.fr\/wp\/wp-content\/uploads\/2023\/10\/WhatsApp-Image-2023-10-06-a-16.29.45_14abb219.jpg?resize=180%2C240&amp;ssl=1 180w, https:\/\/i0.wp.com\/fontenilles-vtt.fr\/wp\/wp-content\/uploads\/2023\/10\/WhatsApp-Image-2023-10-06-a-16.29.45_14abb219.jpg?resize=576%2C768&amp;ssl=1 576w, https:\/\/i0.wp.com\/fontenilles-vtt.fr\/wp\/wp-content\/uploads\/2023\/10\/WhatsApp-Image-2023-10-06-a-16.29.45_14abb219.jpg?resize=768%2C1024&amp;ssl=1 768w, https:\/\/i0.wp.com\/fontenilles-vtt.fr\/wp\/wp-content\/uploads\/2023\/10\/WhatsApp-Image-2023-10-06-a-16.29.45_14abb219.jpg?resize=1152%2C1536&amp;ssl=1 1152w\" sizes=\"(max-width: 590px) 100vw, 590px\" \/><\/a><a href=\"https:\/\/i0.wp.com\/fontenilles-vtt.fr\/wp\/wp-content\/uploads\/2023\/10\/WhatsApp-Image-2023-10-06-a-17.25.12_05eb265f.jpg?ssl=1\"><img data-recalc-dims=\"1\" loading=\"lazy\" decoding=\"async\" data-attachment-id=\"5047\" data-permalink=\"https:\/\/fontenilles-vtt.fr\/wp\/?attachment_id=5047\" data-orig-file=\"https:\/\/i0.wp.com\/fontenilles-vtt.fr\/wp\/wp-content\/uploads\/2023\/10\/WhatsApp-Image-2023-10-06-a-17.25.12_05eb265f.jpg?fit=768%2C1024&amp;ssl=1\" data-orig-size=\"768,1024\" data-comments-opened=\"1\" data-image-meta=\"{&quot;aperture&quot;:&quot;0&quot;,&quot;credit&quot;:&quot;&quot;,&quot;camera&quot;:&quot;&quot;,&quot;caption&quot;:&quot;&quot;,&quot;created_timestamp&quot;:&quot;0&quot;,&quot;copyright&quot;:&quot;&quot;,&quot;focal_length&quot;:&quot;0&quot;,&quot;iso&quot;:&quot;0&quot;,&quot;shutter_speed&quot;:&quot;0&quot;,&quot;title&quot;:&quot;&quot;,&quot;orientation&quot;:&quot;0&quot;}\" data-image-title=\"WhatsApp Image 2023-10-06 \u00e0 17.25.12_05eb265f\" data-image-description=\"\" data-image-caption=\"\" data-medium-file=\"https:\/\/i0.wp.com\/fontenilles-vtt.fr\/wp\/wp-content\/uploads\/2023\/10\/WhatsApp-Image-2023-10-06-a-17.25.12_05eb265f.jpg?fit=180%2C240&amp;ssl=1\" data-large-file=\"https:\/\/i0.wp.com\/fontenilles-vtt.fr\/wp\/wp-content\/uploads\/2023\/10\/WhatsApp-Image-2023-10-06-a-17.25.12_05eb265f.jpg?fit=576%2C768&amp;ssl=1\" class=\"aligncenter size-full wp-image-5047\" src=\"https:\/\/i0.wp.com\/fontenilles-vtt.fr\/wp\/wp-content\/uploads\/2023\/10\/WhatsApp-Image-2023-10-06-a-17.25.12_05eb265f.jpg?resize=590%2C787&#038;ssl=1\" alt=\"\" width=\"590\" height=\"787\" srcset=\"https:\/\/i0.wp.com\/fontenilles-vtt.fr\/wp\/wp-content\/uploads\/2023\/10\/WhatsApp-Image-2023-10-06-a-17.25.12_05eb265f.jpg?w=768&amp;ssl=1 768w, https:\/\/i0.wp.com\/fontenilles-vtt.fr\/wp\/wp-content\/uploads\/2023\/10\/WhatsApp-Image-2023-10-06-a-17.25.12_05eb265f.jpg?resize=180%2C240&amp;ssl=1 180w, https:\/\/i0.wp.com\/fontenilles-vtt.fr\/wp\/wp-content\/uploads\/2023\/10\/WhatsApp-Image-2023-10-06-a-17.25.12_05eb265f.jpg?resize=576%2C768&amp;ssl=1 576w\" sizes=\"(max-width: 590px) 100vw, 590px\" \/><\/a><a href=\"https:\/\/i0.wp.com\/fontenilles-vtt.fr\/wp\/wp-content\/uploads\/2023\/10\/WhatsApp-Image-2023-10-08-a-16.01.50_4a2c628c.jpg?ssl=1\"><img data-recalc-dims=\"1\" loading=\"lazy\" decoding=\"async\" data-attachment-id=\"5049\" data-permalink=\"https:\/\/fontenilles-vtt.fr\/wp\/?attachment_id=5049\" data-orig-file=\"https:\/\/i0.wp.com\/fontenilles-vtt.fr\/wp\/wp-content\/uploads\/2023\/10\/WhatsApp-Image-2023-10-08-a-16.01.50_4a2c628c.jpg?fit=1200%2C1600&amp;ssl=1\" data-orig-size=\"1200,1600\" data-comments-opened=\"1\" data-image-meta=\"{&quot;aperture&quot;:&quot;0&quot;,&quot;credit&quot;:&quot;&quot;,&quot;camera&quot;:&quot;&quot;,&quot;caption&quot;:&quot;&quot;,&quot;created_timestamp&quot;:&quot;0&quot;,&quot;copyright&quot;:&quot;&quot;,&quot;focal_length&quot;:&quot;0&quot;,&quot;iso&quot;:&quot;0&quot;,&quot;shutter_speed&quot;:&quot;0&quot;,&quot;title&quot;:&quot;&quot;,&quot;orientation&quot;:&quot;0&quot;}\" data-image-title=\"WhatsApp Image 2023-10-08 \u00e0 16.01.50_4a2c628c\" data-image-description=\"\" data-image-caption=\"\" data-medium-file=\"https:\/\/i0.wp.com\/fontenilles-vtt.fr\/wp\/wp-content\/uploads\/2023\/10\/WhatsApp-Image-2023-10-08-a-16.01.50_4a2c628c.jpg?fit=180%2C240&amp;ssl=1\" data-large-file=\"https:\/\/i0.wp.com\/fontenilles-vtt.fr\/wp\/wp-content\/uploads\/2023\/10\/WhatsApp-Image-2023-10-08-a-16.01.50_4a2c628c.jpg?fit=576%2C768&amp;ssl=1\" class=\"aligncenter size-full wp-image-5049\" src=\"https:\/\/i0.wp.com\/fontenilles-vtt.fr\/wp\/wp-content\/uploads\/2023\/10\/WhatsApp-Image-2023-10-08-a-16.01.50_4a2c628c.jpg?resize=590%2C787&#038;ssl=1\" alt=\"\" width=\"590\" height=\"787\" srcset=\"https:\/\/i0.wp.com\/fontenilles-vtt.fr\/wp\/wp-content\/uploads\/2023\/10\/WhatsApp-Image-2023-10-08-a-16.01.50_4a2c628c.jpg?w=1200&amp;ssl=1 1200w, https:\/\/i0.wp.com\/fontenilles-vtt.fr\/wp\/wp-content\/uploads\/2023\/10\/WhatsApp-Image-2023-10-08-a-16.01.50_4a2c628c.jpg?resize=180%2C240&amp;ssl=1 180w, https:\/\/i0.wp.com\/fontenilles-vtt.fr\/wp\/wp-content\/uploads\/2023\/10\/WhatsApp-Image-2023-10-08-a-16.01.50_4a2c628c.jpg?resize=576%2C768&amp;ssl=1 576w, https:\/\/i0.wp.com\/fontenilles-vtt.fr\/wp\/wp-content\/uploads\/2023\/10\/WhatsApp-Image-2023-10-08-a-16.01.50_4a2c628c.jpg?resize=768%2C1024&amp;ssl=1 768w, https:\/\/i0.wp.com\/fontenilles-vtt.fr\/wp\/wp-content\/uploads\/2023\/10\/WhatsApp-Image-2023-10-08-a-16.01.50_4a2c628c.jpg?resize=1152%2C1536&amp;ssl=1 1152w\" sizes=\"(max-width: 590px) 100vw, 590px\" \/><\/a><\/p>\n","protected":false},"excerpt":{"rendered":"<p>D\u00e9but octobre, le Roc d&rsquo;Azur a fait du pied \u00e0 un petit groupe de VTTistes fontenillois. Nous \u00e9tions 5 \u00e0 nous y rendre. Greg en famille, dont l&rsquo;objectif \u00e9tait le&#8230; <\/p>\n<div class=\"read-more\"><a href=\"https:\/\/fontenilles-vtt.fr\/wp\/?p=5039\">Lire la suite<\/a><\/div>\n","protected":false},"author":1,"featured_media":0,"comment_status":"open","ping_status":"closed","sticky":false,"template":"","format":"standard","meta":{"om_disable_all_campaigns":false,"_monsterinsights_skip_tracking":false,"_monsterinsights_sitenote_active":false,"_monsterinsights_sitenote_note":"","_monsterinsights_sitenote_category":0,"ngg_post_thumbnail":0,"jetpack_post_was_ever_published":false,"_jetpack_newsletter_access":"","_jetpack_dont_email_post_to_subs":false,"_jetpack_newsletter_tier_id":0,"_jetpack_memberships_contains_paywalled_content":false,"_jetpack_memberships_contains_paid_content":false,"footnotes":"","jetpack_publicize_message":"","jetpack_publicize_feature_enabled":true,"jetpack_social_post_already_shared":true,"jetpack_social_options":{"image_generator_settings":{"template":"highway","enabled":false},"version":2}},"categories":[4],"tags":[],"jetpack_publicize_connections":[],"aioseo_notices":[],"jetpack_featured_media_url":"","jetpack_sharing_enabled":true,"jetpack_shortlink":"https:\/\/wp.me\/p9SYmx-1jh","jetpack-related-posts":[],"post_mailing_queue_ids":[],"_links":{"self":[{"href":"https:\/\/fontenilles-vtt.fr\/wp\/index.php?rest_route=\/wp\/v2\/posts\/5039"}],"collection":[{"href":"https:\/\/fontenilles-vtt.fr\/wp\/index.php?rest_route=\/wp\/v2\/posts"}],"about":[{"href":"https:\/\/fontenilles-vtt.fr\/wp\/index.php?rest_route=\/wp\/v2\/types\/post"}],"author":[{"embeddable":true,"href":"https:\/\/fontenilles-vtt.fr\/wp\/index.php?rest_route=\/wp\/v2\/users\/1"}],"replies":[{"embeddable":true,"href":"https:\/\/fontenilles-vtt.fr\/wp\/index.php?rest_route=%2Fwp%2Fv2%2Fcomments&post=5039"}],"version-history":[{"count":6,"href":"https:\/\/fontenilles-vtt.fr\/wp\/index.php?rest_route=\/wp\/v2\/posts\/5039\/revisions"}],"predecessor-version":[{"id":5057,"href":"https:\/\/fontenilles-vtt.fr\/wp\/index.php?rest_route=\/wp\/v2\/posts\/5039\/revisions\/5057"}],"wp:attachment":[{"href":"https:\/\/fontenilles-vtt.fr\/wp\/index.php?rest_route=%2Fwp%2Fv2%2Fmedia&parent=5039"}],"wp:term":[{"taxonomy":"category","embeddable":true,"href":"https:\/\/fontenilles-vtt.fr\/wp\/index.php?rest_route=%2Fwp%2Fv2%2Fcategories&post=5039"},{"taxonomy":"post_tag","embeddable":true,"href":"https:\/\/fontenilles-vtt.fr\/wp\/index.php?rest_route=%2Fwp%2Fv2%2Ftags&post=5039"}],"curies":[{"name":"wp","href":"https:\/\/api.w.org\/{rel}","templated":true}]}}