{"id":5064,"date":"2023-10-31T14:31:13","date_gmt":"2023-10-31T13:31:13","guid":{"rendered":"https:\/\/fontenilles-vtt.fr\/wp\/?p=5064"},"modified":"2023-11-02T08:00:21","modified_gmt":"2023-11-02T07:00:21","slug":"cotes-gasconnes-2023-compte-rendu","status":"publish","type":"post","link":"https:\/\/fontenilles-vtt.fr\/wp\/?p=5064","title":{"rendered":"Cotes Gasconnes 2023 : Compte rendu"},"content":{"rendered":"\n<p>Pour sa 19\u00b0 \u00e9dition,&nbsp; notre rando a connu son succ\u00e8s habituel avec plus de 700 participants VTTistes et un temps parfait. C&rsquo;est une organisation, maintenant, bien rod\u00e9e.<\/p>\n<p>Nous sommes fiers de pouvoir toujours proposer des parcours techniques, ludiques qui plaisent toujours autant.<\/p>\n<p>Nos ravitaillements toujours aussi fournis ravissent tous les participants, les cr\u00eapes sont toujours autant appr\u00e9ci\u00e9es.<\/p>\n<p>Le gravel est une discipline qui se d\u00e9veloppe de plus en plus.<\/p>\n<p>Le tirage au sort a de nouveau g\u00e2t\u00e9 de nombreux cyclistes gr\u00e2ce aux lots de nos partenaires Jolly Cycles et Velo Station.<\/p>\n<p>Les cotes gasconnes c\u2019est 100 kg de saucisses \u00e0 griller, 900 sandwiches \u00e0 pr\u00e9parer et distribuer, c\u2019est 6 mois de pr\u00e9paration, presque 100km de circuit \u00e0 baliser la veille.<\/p>\n<p>Nous remercions l\u2019association CAF pour leur collaboration et la mairie de Fontenilles pour la mise \u00e0 disposition de la salle et du mat\u00e9riel; ainsi que tous les membres du club qui ont r\u00e9pondu pr\u00e9sents pour que cette journ\u00e9e soit une r\u00e9ussite.<\/p>\n\n\n\n<figure class=\"wp-block-video\"><video controls src=\"https:\/\/fontenilles-vtt.fr\/wp\/wp-content\/uploads\/2023\/11\/CG-23-2.mp4\"><\/video><figcaption class=\"wp-element-caption\">Extrait vid\u00e9o de la rando<\/figcaption><\/figure>\n\n\n\n<figure class=\"wp-block-image size-large\"><img data-recalc-dims=\"1\" loading=\"lazy\" decoding=\"async\" width=\"590\" height=\"396\" data-attachment-id=\"5059\" data-permalink=\"https:\/\/fontenilles-vtt.fr\/wp\/?attachment_id=5059\" data-orig-file=\"https:\/\/i0.wp.com\/fontenilles-vtt.fr\/wp\/wp-content\/uploads\/2023\/10\/Capture-decran-2023-10-31-134617.png?fit=1092%2C733&amp;ssl=1\" data-orig-size=\"1092,733\" data-comments-opened=\"1\" data-image-meta=\"{&quot;aperture&quot;:&quot;0&quot;,&quot;credit&quot;:&quot;&quot;,&quot;camera&quot;:&quot;&quot;,&quot;caption&quot;:&quot;&quot;,&quot;created_timestamp&quot;:&quot;0&quot;,&quot;copyright&quot;:&quot;&quot;,&quot;focal_length&quot;:&quot;0&quot;,&quot;iso&quot;:&quot;0&quot;,&quot;shutter_speed&quot;:&quot;0&quot;,&quot;title&quot;:&quot;&quot;,&quot;orientation&quot;:&quot;0&quot;}\" data-image-title=\"Capture d\u2019\u00e9cran 2023-10-31 134617\" data-image-description=\"\" data-image-caption=\"&lt;p&gt;Staff en pleine concertation&lt;\/p&gt;\n\" data-medium-file=\"https:\/\/i0.wp.com\/fontenilles-vtt.fr\/wp\/wp-content\/uploads\/2023\/10\/Capture-decran-2023-10-31-134617.png?fit=300%2C201&amp;ssl=1\" data-large-file=\"https:\/\/i0.wp.com\/fontenilles-vtt.fr\/wp\/wp-content\/uploads\/2023\/10\/Capture-decran-2023-10-31-134617.png?fit=590%2C396&amp;ssl=1\" src=\"https:\/\/i0.wp.com\/fontenilles-vtt.fr\/wp\/wp-content\/uploads\/2023\/10\/Capture-decran-2023-10-31-134617.png?resize=590%2C396&#038;ssl=1\" alt=\"\" class=\"wp-image-5059\" srcset=\"https:\/\/i0.wp.com\/fontenilles-vtt.fr\/wp\/wp-content\/uploads\/2023\/10\/Capture-decran-2023-10-31-134617.png?resize=1024%2C687&amp;ssl=1 1024w, https:\/\/i0.wp.com\/fontenilles-vtt.fr\/wp\/wp-content\/uploads\/2023\/10\/Capture-decran-2023-10-31-134617.png?resize=300%2C201&amp;ssl=1 300w, https:\/\/i0.wp.com\/fontenilles-vtt.fr\/wp\/wp-content\/uploads\/2023\/10\/Capture-decran-2023-10-31-134617.png?resize=768%2C516&amp;ssl=1 768w, https:\/\/i0.wp.com\/fontenilles-vtt.fr\/wp\/wp-content\/uploads\/2023\/10\/Capture-decran-2023-10-31-134617.png?w=1092&amp;ssl=1 1092w\" sizes=\"(max-width: 590px) 100vw, 590px\" \/><figcaption class=\"wp-element-caption\">Staff en pleine concertation<\/figcaption><\/figure>\n\n\n\n<figure class=\"wp-block-image size-large\"><img data-recalc-dims=\"1\" loading=\"lazy\" decoding=\"async\" width=\"590\" height=\"398\" data-attachment-id=\"5061\" data-permalink=\"https:\/\/fontenilles-vtt.fr\/wp\/?attachment_id=5061\" data-orig-file=\"https:\/\/i0.wp.com\/fontenilles-vtt.fr\/wp\/wp-content\/uploads\/2023\/10\/Capture-decran-2023-10-31-134713.png?fit=1092%2C736&amp;ssl=1\" data-orig-size=\"1092,736\" data-comments-opened=\"1\" data-image-meta=\"{&quot;aperture&quot;:&quot;0&quot;,&quot;credit&quot;:&quot;&quot;,&quot;camera&quot;:&quot;&quot;,&quot;caption&quot;:&quot;&quot;,&quot;created_timestamp&quot;:&quot;0&quot;,&quot;copyright&quot;:&quot;&quot;,&quot;focal_length&quot;:&quot;0&quot;,&quot;iso&quot;:&quot;0&quot;,&quot;shutter_speed&quot;:&quot;0&quot;,&quot;title&quot;:&quot;&quot;,&quot;orientation&quot;:&quot;0&quot;}\" data-image-title=\"Capture d\u2019\u00e9cran 2023-10-31 134713\" data-image-description=\"\" data-image-caption=\"&lt;p&gt;Repos du guerrier apr\u00e8s l&amp;rsquo;effort&lt;\/p&gt;\n\" data-medium-file=\"https:\/\/i0.wp.com\/fontenilles-vtt.fr\/wp\/wp-content\/uploads\/2023\/10\/Capture-decran-2023-10-31-134713.png?fit=300%2C202&amp;ssl=1\" data-large-file=\"https:\/\/i0.wp.com\/fontenilles-vtt.fr\/wp\/wp-content\/uploads\/2023\/10\/Capture-decran-2023-10-31-134713.png?fit=590%2C398&amp;ssl=1\" src=\"https:\/\/i0.wp.com\/fontenilles-vtt.fr\/wp\/wp-content\/uploads\/2023\/10\/Capture-decran-2023-10-31-134713.png?resize=590%2C398&#038;ssl=1\" alt=\"\" class=\"wp-image-5061\" srcset=\"https:\/\/i0.wp.com\/fontenilles-vtt.fr\/wp\/wp-content\/uploads\/2023\/10\/Capture-decran-2023-10-31-134713.png?resize=1024%2C690&amp;ssl=1 1024w, https:\/\/i0.wp.com\/fontenilles-vtt.fr\/wp\/wp-content\/uploads\/2023\/10\/Capture-decran-2023-10-31-134713.png?resize=300%2C202&amp;ssl=1 300w, https:\/\/i0.wp.com\/fontenilles-vtt.fr\/wp\/wp-content\/uploads\/2023\/10\/Capture-decran-2023-10-31-134713.png?resize=768%2C518&amp;ssl=1 768w, https:\/\/i0.wp.com\/fontenilles-vtt.fr\/wp\/wp-content\/uploads\/2023\/10\/Capture-decran-2023-10-31-134713.png?w=1092&amp;ssl=1 1092w\" sizes=\"(max-width: 590px) 100vw, 590px\" \/><figcaption class=\"wp-element-caption\">Repos du guerrier apr\u00e8s l&rsquo;effort<\/figcaption><\/figure>\n\n\n\n<figure class=\"wp-block-image size-large\"><img data-recalc-dims=\"1\" loading=\"lazy\" decoding=\"async\" width=\"590\" height=\"332\" data-attachment-id=\"5071\" data-permalink=\"https:\/\/fontenilles-vtt.fr\/wp\/?attachment_id=5071\" data-orig-file=\"https:\/\/i0.wp.com\/fontenilles-vtt.fr\/wp\/wp-content\/uploads\/2023\/10\/Ravito.png?fit=1920%2C1080&amp;ssl=1\" data-orig-size=\"1920,1080\" data-comments-opened=\"1\" data-image-meta=\"{&quot;aperture&quot;:&quot;0&quot;,&quot;credit&quot;:&quot;&quot;,&quot;camera&quot;:&quot;&quot;,&quot;caption&quot;:&quot;&quot;,&quot;created_timestamp&quot;:&quot;0&quot;,&quot;copyright&quot;:&quot;&quot;,&quot;focal_length&quot;:&quot;0&quot;,&quot;iso&quot;:&quot;0&quot;,&quot;shutter_speed&quot;:&quot;0&quot;,&quot;title&quot;:&quot;&quot;,&quot;orientation&quot;:&quot;0&quot;}\" data-image-title=\"Ravito\" data-image-description=\"\" data-image-caption=\"&lt;p&gt;Ravito 1\/4&lt;\/p&gt;\n\" data-medium-file=\"https:\/\/i0.wp.com\/fontenilles-vtt.fr\/wp\/wp-content\/uploads\/2023\/10\/Ravito.png?fit=300%2C169&amp;ssl=1\" data-large-file=\"https:\/\/i0.wp.com\/fontenilles-vtt.fr\/wp\/wp-content\/uploads\/2023\/10\/Ravito.png?fit=590%2C332&amp;ssl=1\" src=\"https:\/\/i0.wp.com\/fontenilles-vtt.fr\/wp\/wp-content\/uploads\/2023\/10\/Ravito.png?resize=590%2C332&#038;ssl=1\" alt=\"\" class=\"wp-image-5071\" srcset=\"https:\/\/i0.wp.com\/fontenilles-vtt.fr\/wp\/wp-content\/uploads\/2023\/10\/Ravito.png?resize=1024%2C576&amp;ssl=1 1024w, https:\/\/i0.wp.com\/fontenilles-vtt.fr\/wp\/wp-content\/uploads\/2023\/10\/Ravito.png?resize=300%2C169&amp;ssl=1 300w, https:\/\/i0.wp.com\/fontenilles-vtt.fr\/wp\/wp-content\/uploads\/2023\/10\/Ravito.png?resize=768%2C432&amp;ssl=1 768w, https:\/\/i0.wp.com\/fontenilles-vtt.fr\/wp\/wp-content\/uploads\/2023\/10\/Ravito.png?resize=1536%2C864&amp;ssl=1 1536w, https:\/\/i0.wp.com\/fontenilles-vtt.fr\/wp\/wp-content\/uploads\/2023\/10\/Ravito.png?w=1920&amp;ssl=1 1920w, https:\/\/i0.wp.com\/fontenilles-vtt.fr\/wp\/wp-content\/uploads\/2023\/10\/Ravito.png?w=1180&amp;ssl=1 1180w, https:\/\/i0.wp.com\/fontenilles-vtt.fr\/wp\/wp-content\/uploads\/2023\/10\/Ravito.png?w=1770&amp;ssl=1 1770w\" sizes=\"(max-width: 590px) 100vw, 590px\" \/><figcaption class=\"wp-element-caption\">Ravito 1\/4<\/figcaption><\/figure>\n\n\n\n<figure class=\"wp-block-image size-large\"><img data-recalc-dims=\"1\" loading=\"lazy\" decoding=\"async\" width=\"590\" height=\"332\" data-attachment-id=\"5069\" data-permalink=\"https:\/\/fontenilles-vtt.fr\/wp\/?attachment_id=5069\" data-orig-file=\"https:\/\/i0.wp.com\/fontenilles-vtt.fr\/wp\/wp-content\/uploads\/2023\/10\/Snapshot_1.png?fit=1920%2C1080&amp;ssl=1\" data-orig-size=\"1920,1080\" data-comments-opened=\"1\" data-image-meta=\"{&quot;aperture&quot;:&quot;0&quot;,&quot;credit&quot;:&quot;&quot;,&quot;camera&quot;:&quot;&quot;,&quot;caption&quot;:&quot;&quot;,&quot;created_timestamp&quot;:&quot;0&quot;,&quot;copyright&quot;:&quot;&quot;,&quot;focal_length&quot;:&quot;0&quot;,&quot;iso&quot;:&quot;0&quot;,&quot;shutter_speed&quot;:&quot;0&quot;,&quot;title&quot;:&quot;&quot;,&quot;orientation&quot;:&quot;0&quot;}\" data-image-title=\"Snapshot_1\" data-image-description=\"\" data-image-caption=\"&lt;p&gt;Ravito 2&lt;\/p&gt;\n\" data-medium-file=\"https:\/\/i0.wp.com\/fontenilles-vtt.fr\/wp\/wp-content\/uploads\/2023\/10\/Snapshot_1.png?fit=300%2C169&amp;ssl=1\" data-large-file=\"https:\/\/i0.wp.com\/fontenilles-vtt.fr\/wp\/wp-content\/uploads\/2023\/10\/Snapshot_1.png?fit=590%2C332&amp;ssl=1\" src=\"https:\/\/i0.wp.com\/fontenilles-vtt.fr\/wp\/wp-content\/uploads\/2023\/10\/Snapshot_1.png?resize=590%2C332&#038;ssl=1\" alt=\"\" class=\"wp-image-5069\" srcset=\"https:\/\/i0.wp.com\/fontenilles-vtt.fr\/wp\/wp-content\/uploads\/2023\/10\/Snapshot_1.png?resize=1024%2C576&amp;ssl=1 1024w, https:\/\/i0.wp.com\/fontenilles-vtt.fr\/wp\/wp-content\/uploads\/2023\/10\/Snapshot_1.png?resize=300%2C169&amp;ssl=1 300w, https:\/\/i0.wp.com\/fontenilles-vtt.fr\/wp\/wp-content\/uploads\/2023\/10\/Snapshot_1.png?resize=768%2C432&amp;ssl=1 768w, https:\/\/i0.wp.com\/fontenilles-vtt.fr\/wp\/wp-content\/uploads\/2023\/10\/Snapshot_1.png?resize=1536%2C864&amp;ssl=1 1536w, https:\/\/i0.wp.com\/fontenilles-vtt.fr\/wp\/wp-content\/uploads\/2023\/10\/Snapshot_1.png?w=1920&amp;ssl=1 1920w, https:\/\/i0.wp.com\/fontenilles-vtt.fr\/wp\/wp-content\/uploads\/2023\/10\/Snapshot_1.png?w=1180&amp;ssl=1 1180w, https:\/\/i0.wp.com\/fontenilles-vtt.fr\/wp\/wp-content\/uploads\/2023\/10\/Snapshot_1.png?w=1770&amp;ssl=1 1770w\" sizes=\"(max-width: 590px) 100vw, 590px\" \/><figcaption class=\"wp-element-caption\">Ravito 2<\/figcaption><\/figure>\n\n\n\n<figure class=\"wp-block-image size-large\"><img data-recalc-dims=\"1\" loading=\"lazy\" decoding=\"async\" width=\"590\" height=\"332\" data-attachment-id=\"5070\" data-permalink=\"https:\/\/fontenilles-vtt.fr\/wp\/?attachment_id=5070\" data-orig-file=\"https:\/\/i0.wp.com\/fontenilles-vtt.fr\/wp\/wp-content\/uploads\/2023\/10\/Snapshot_2.png?fit=1920%2C1080&amp;ssl=1\" data-orig-size=\"1920,1080\" data-comments-opened=\"1\" data-image-meta=\"{&quot;aperture&quot;:&quot;0&quot;,&quot;credit&quot;:&quot;&quot;,&quot;camera&quot;:&quot;&quot;,&quot;caption&quot;:&quot;&quot;,&quot;created_timestamp&quot;:&quot;0&quot;,&quot;copyright&quot;:&quot;&quot;,&quot;focal_length&quot;:&quot;0&quot;,&quot;iso&quot;:&quot;0&quot;,&quot;shutter_speed&quot;:&quot;0&quot;,&quot;title&quot;:&quot;&quot;,&quot;orientation&quot;:&quot;0&quot;}\" data-image-title=\"Snapshot_2\" data-image-description=\"\" data-image-caption=\"&lt;p&gt;Ravito 3&lt;\/p&gt;\n\" data-medium-file=\"https:\/\/i0.wp.com\/fontenilles-vtt.fr\/wp\/wp-content\/uploads\/2023\/10\/Snapshot_2.png?fit=300%2C169&amp;ssl=1\" data-large-file=\"https:\/\/i0.wp.com\/fontenilles-vtt.fr\/wp\/wp-content\/uploads\/2023\/10\/Snapshot_2.png?fit=590%2C332&amp;ssl=1\" src=\"https:\/\/i0.wp.com\/fontenilles-vtt.fr\/wp\/wp-content\/uploads\/2023\/10\/Snapshot_2.png?resize=590%2C332&#038;ssl=1\" alt=\"\" class=\"wp-image-5070\" srcset=\"https:\/\/i0.wp.com\/fontenilles-vtt.fr\/wp\/wp-content\/uploads\/2023\/10\/Snapshot_2.png?resize=1024%2C576&amp;ssl=1 1024w, https:\/\/i0.wp.com\/fontenilles-vtt.fr\/wp\/wp-content\/uploads\/2023\/10\/Snapshot_2.png?resize=300%2C169&amp;ssl=1 300w, https:\/\/i0.wp.com\/fontenilles-vtt.fr\/wp\/wp-content\/uploads\/2023\/10\/Snapshot_2.png?resize=768%2C432&amp;ssl=1 768w, https:\/\/i0.wp.com\/fontenilles-vtt.fr\/wp\/wp-content\/uploads\/2023\/10\/Snapshot_2.png?resize=1536%2C864&amp;ssl=1 1536w, https:\/\/i0.wp.com\/fontenilles-vtt.fr\/wp\/wp-content\/uploads\/2023\/10\/Snapshot_2.png?w=1920&amp;ssl=1 1920w, https:\/\/i0.wp.com\/fontenilles-vtt.fr\/wp\/wp-content\/uploads\/2023\/10\/Snapshot_2.png?w=1180&amp;ssl=1 1180w, https:\/\/i0.wp.com\/fontenilles-vtt.fr\/wp\/wp-content\/uploads\/2023\/10\/Snapshot_2.png?w=1770&amp;ssl=1 1770w\" sizes=\"(max-width: 590px) 100vw, 590px\" \/><figcaption class=\"wp-element-caption\">Ravito 3<\/figcaption><\/figure>\n\n\n\n<figure class=\"wp-block-image size-large\"><img data-recalc-dims=\"1\" loading=\"lazy\" decoding=\"async\" width=\"590\" height=\"398\" data-attachment-id=\"5062\" data-permalink=\"https:\/\/fontenilles-vtt.fr\/wp\/?attachment_id=5062\" data-orig-file=\"https:\/\/i0.wp.com\/fontenilles-vtt.fr\/wp\/wp-content\/uploads\/2023\/10\/Capture-decran-2023-10-31-134829-Copie.png?fit=1088%2C733&amp;ssl=1\" data-orig-size=\"1088,733\" data-comments-opened=\"1\" data-image-meta=\"{&quot;aperture&quot;:&quot;0&quot;,&quot;credit&quot;:&quot;&quot;,&quot;camera&quot;:&quot;&quot;,&quot;caption&quot;:&quot;&quot;,&quot;created_timestamp&quot;:&quot;0&quot;,&quot;copyright&quot;:&quot;&quot;,&quot;focal_length&quot;:&quot;0&quot;,&quot;iso&quot;:&quot;0&quot;,&quot;shutter_speed&quot;:&quot;0&quot;,&quot;title&quot;:&quot;&quot;,&quot;orientation&quot;:&quot;0&quot;}\" data-image-title=\"Capture d\u2019\u00e9cran 2023-10-31 134829 &#8211; Copie\" data-image-description=\"\" data-image-caption=\"&lt;p&gt;Les ravitaillements&lt;\/p&gt;\n\" data-medium-file=\"https:\/\/i0.wp.com\/fontenilles-vtt.fr\/wp\/wp-content\/uploads\/2023\/10\/Capture-decran-2023-10-31-134829-Copie.png?fit=300%2C202&amp;ssl=1\" data-large-file=\"https:\/\/i0.wp.com\/fontenilles-vtt.fr\/wp\/wp-content\/uploads\/2023\/10\/Capture-decran-2023-10-31-134829-Copie.png?fit=590%2C398&amp;ssl=1\" src=\"https:\/\/i0.wp.com\/fontenilles-vtt.fr\/wp\/wp-content\/uploads\/2023\/10\/Capture-decran-2023-10-31-134829-Copie.png?resize=590%2C398&#038;ssl=1\" alt=\"\" class=\"wp-image-5062\" srcset=\"https:\/\/i0.wp.com\/fontenilles-vtt.fr\/wp\/wp-content\/uploads\/2023\/10\/Capture-decran-2023-10-31-134829-Copie.png?resize=1024%2C690&amp;ssl=1 1024w, https:\/\/i0.wp.com\/fontenilles-vtt.fr\/wp\/wp-content\/uploads\/2023\/10\/Capture-decran-2023-10-31-134829-Copie.png?resize=300%2C202&amp;ssl=1 300w, https:\/\/i0.wp.com\/fontenilles-vtt.fr\/wp\/wp-content\/uploads\/2023\/10\/Capture-decran-2023-10-31-134829-Copie.png?resize=768%2C517&amp;ssl=1 768w, https:\/\/i0.wp.com\/fontenilles-vtt.fr\/wp\/wp-content\/uploads\/2023\/10\/Capture-decran-2023-10-31-134829-Copie.png?w=1088&amp;ssl=1 1088w\" sizes=\"(max-width: 590px) 100vw, 590px\" \/><figcaption class=\"wp-element-caption\">Ravito Marche<\/figcaption><\/figure>\n\n\n\n<figure class=\"wp-block-image size-large\"><img data-recalc-dims=\"1\" loading=\"lazy\" decoding=\"async\" width=\"590\" height=\"394\" data-attachment-id=\"5066\" data-permalink=\"https:\/\/fontenilles-vtt.fr\/wp\/?attachment_id=5066\" data-orig-file=\"https:\/\/i0.wp.com\/fontenilles-vtt.fr\/wp\/wp-content\/uploads\/2023\/10\/Capture-decran-2023-10-31-134751-1.png?fit=1097%2C732&amp;ssl=1\" data-orig-size=\"1097,732\" data-comments-opened=\"1\" data-image-meta=\"{&quot;aperture&quot;:&quot;0&quot;,&quot;credit&quot;:&quot;&quot;,&quot;camera&quot;:&quot;&quot;,&quot;caption&quot;:&quot;&quot;,&quot;created_timestamp&quot;:&quot;0&quot;,&quot;copyright&quot;:&quot;&quot;,&quot;focal_length&quot;:&quot;0&quot;,&quot;iso&quot;:&quot;0&quot;,&quot;shutter_speed&quot;:&quot;0&quot;,&quot;title&quot;:&quot;&quot;,&quot;orientation&quot;:&quot;0&quot;}\" data-image-title=\"Capture-decran-2023-10-31-134751-1\" data-image-description=\"\" data-image-caption=\"\" data-medium-file=\"https:\/\/i0.wp.com\/fontenilles-vtt.fr\/wp\/wp-content\/uploads\/2023\/10\/Capture-decran-2023-10-31-134751-1.png?fit=300%2C200&amp;ssl=1\" data-large-file=\"https:\/\/i0.wp.com\/fontenilles-vtt.fr\/wp\/wp-content\/uploads\/2023\/10\/Capture-decran-2023-10-31-134751-1.png?fit=590%2C394&amp;ssl=1\" src=\"https:\/\/i0.wp.com\/fontenilles-vtt.fr\/wp\/wp-content\/uploads\/2023\/10\/Capture-decran-2023-10-31-134751-1.png?resize=590%2C394&#038;ssl=1\" alt=\"\" class=\"wp-image-5066\" srcset=\"https:\/\/i0.wp.com\/fontenilles-vtt.fr\/wp\/wp-content\/uploads\/2023\/10\/Capture-decran-2023-10-31-134751-1.png?resize=1024%2C683&amp;ssl=1 1024w, https:\/\/i0.wp.com\/fontenilles-vtt.fr\/wp\/wp-content\/uploads\/2023\/10\/Capture-decran-2023-10-31-134751-1.png?resize=300%2C200&amp;ssl=1 300w, https:\/\/i0.wp.com\/fontenilles-vtt.fr\/wp\/wp-content\/uploads\/2023\/10\/Capture-decran-2023-10-31-134751-1.png?resize=768%2C512&amp;ssl=1 768w, https:\/\/i0.wp.com\/fontenilles-vtt.fr\/wp\/wp-content\/uploads\/2023\/10\/Capture-decran-2023-10-31-134751-1.png?w=1097&amp;ssl=1 1097w\" sizes=\"(max-width: 590px) 100vw, 590px\" \/><\/figure>\n","protected":false},"excerpt":{"rendered":"<p>Pour sa 19\u00b0 \u00e9dition,&nbsp; notre rando a connu son succ\u00e8s habituel avec plus de 700 participants VTTistes et un temps parfait. C&rsquo;est une organisation, maintenant, bien rod\u00e9e. Nous sommes fiers&#8230; <\/p>\n<div class=\"read-more\"><a href=\"https:\/\/fontenilles-vtt.fr\/wp\/?p=5064\">Lire la suite<\/a><\/div>\n","protected":false},"author":1,"featured_media":0,"comment_status":"open","ping_status":"closed","sticky":false,"template":"","format":"standard","meta":{"om_disable_all_campaigns":false,"_monsterinsights_skip_tracking":false,"_monsterinsights_sitenote_active":false,"_monsterinsights_sitenote_note":"","_monsterinsights_sitenote_category":0,"ngg_post_thumbnail":0,"jetpack_post_was_ever_published":false,"_jetpack_newsletter_access":"","_jetpack_dont_email_post_to_subs":false,"_jetpack_newsletter_tier_id":0,"_jetpack_memberships_contains_paywalled_content":false,"_jetpack_memberships_contains_paid_content":false,"footnotes":"","jetpack_publicize_message":"","jetpack_publicize_feature_enabled":true,"jetpack_social_post_already_shared":true,"jetpack_social_options":{"image_generator_settings":{"template":"highway","enabled":false},"version":2}},"categories":[4],"tags":[45],"jetpack_publicize_connections":[],"aioseo_notices":[],"jetpack_featured_media_url":"","jetpack_sharing_enabled":true,"jetpack_shortlink":"https:\/\/wp.me\/p9SYmx-1jG","jetpack-related-posts":[],"post_mailing_queue_ids":[],"_links":{"self":[{"href":"https:\/\/fontenilles-vtt.fr\/wp\/index.php?rest_route=\/wp\/v2\/posts\/5064"}],"collection":[{"href":"https:\/\/fontenilles-vtt.fr\/wp\/index.php?rest_route=\/wp\/v2\/posts"}],"about":[{"href":"https:\/\/fontenilles-vtt.fr\/wp\/index.php?rest_route=\/wp\/v2\/types\/post"}],"author":[{"embeddable":true,"href":"https:\/\/fontenilles-vtt.fr\/wp\/index.php?rest_route=\/wp\/v2\/users\/1"}],"replies":[{"embeddable":true,"href":"https:\/\/fontenilles-vtt.fr\/wp\/index.php?rest_route=%2Fwp%2Fv2%2Fcomments&post=5064"}],"version-history":[{"count":3,"href":"https:\/\/fontenilles-vtt.fr\/wp\/index.php?rest_route=\/wp\/v2\/posts\/5064\/revisions"}],"predecessor-version":[{"id":5077,"href":"https:\/\/fontenilles-vtt.fr\/wp\/index.php?rest_route=\/wp\/v2\/posts\/5064\/revisions\/5077"}],"wp:attachment":[{"href":"https:\/\/fontenilles-vtt.fr\/wp\/index.php?rest_route=%2Fwp%2Fv2%2Fmedia&parent=5064"}],"wp:term":[{"taxonomy":"category","embeddable":true,"href":"https:\/\/fontenilles-vtt.fr\/wp\/index.php?rest_route=%2Fwp%2Fv2%2Fcategories&post=5064"},{"taxonomy":"post_tag","embeddable":true,"href":"https:\/\/fontenilles-vtt.fr\/wp\/index.php?rest_route=%2Fwp%2Fv2%2Ftags&post=5064"}],"curies":[{"name":"wp","href":"https:\/\/api.w.org\/{rel}","templated":true}]}}