{"id":5078,"date":"2023-11-06T13:24:38","date_gmt":"2023-11-06T12:24:38","guid":{"rendered":"https:\/\/fontenilles-vtt.fr\/wp\/?p=5078"},"modified":"2023-12-06T16:57:22","modified_gmt":"2023-12-06T15:57:22","slug":"nouvelle-edition-du-telethon-vtt-pour-2023","status":"publish","type":"post","link":"https:\/\/fontenilles-vtt.fr\/wp\/?p=5078","title":{"rendered":"Nouvelle \u00e9dition du T\u00e9l\u00e9thon VTT pour 2023"},"content":{"rendered":"\n\n\n<h3><span style=\"color: #ff6600;\">Tu n&rsquo;as pas peur du noir ni de la boue, alors rejoins-nous pour une sortie nocturne accompagn\u00e9e au profit du T\u00e9l\u00e9thon le 2 D\u00e9cembre \u00e0 19h30 \u00e0 l&rsquo;espace Marcel Clermont \u00e0 Fontenilles.<\/span><\/h3>\n<p>Avis \u00e0 nos lecteurs, cette ann\u00e9e encore, nous pr\u00e9parons l&rsquo;\u00e9v\u00e8nement du T\u00e9l\u00e9thon en participant \u00e0 celui de Fontenilles le samedi 2 d\u00e9cembre.<\/p>\n<p>Au programme cette ann\u00e9e, nous ajoutons \u00e0 la randonn\u00e9e nocturne illumin\u00e9e une randonn\u00e9e familiale\/enfants l&rsquo;apr\u00e8s midi.<\/p>\n<p>Petits ou grands, venez nous rejoindre \u00e0 l&rsquo;espace Marcel Clermont (centre ville de Fontenilles)<\/p>\n<ul>\n<li>d\u00e8s 16h pour la sortie familiale\/jeunes accompagn\u00e9e (parcours adapt\u00e9 aux enfants encadr\u00e9 par des membres de l&rsquo;association),&nbsp; ==&gt; Inscriptions \u00e0 partir de 15h30<\/li>\n<li>\u00e0 20h pour la sortie nocturne (\u00e9quipement lumineux obligatoire, parcours encadr\u00e9 autour de 25 km adaptable en fonction du niveau des participants). ==&gt; Inscriptions \u00e0 partir de 19h30<\/li>\n<\/ul>\n<p>Casque obligatoire pour les deux randos.<\/p>\n<p>Le th\u00e8me de l&rsquo;ann\u00e9e est les Jeux Olympiques, ce qui ouvre un champ des d\u00e9guisements\/\u00e9quipements possibles important.<\/p>\n<p>Comme chaque ann\u00e9e, nous pr\u00e9voirons un chocolat chaud&nbsp; ou vin chaud \u00e0 l&rsquo;arriv\u00e9e.<\/p>\n<p>Tarif recommand\u00e9 5\u20ac minimum par personne, revers\u00e9 \u00e0 100% au T\u00e9l\u00e9thon.<\/p>\n<p>Venez nombreux, qu&rsquo;il pleuve, qu&rsquo;il neige ou qu&rsquo;il vente.<\/p>\n<p><a href=\"https:\/\/i0.wp.com\/fontenilles-vtt.fr\/wp\/wp-content\/uploads\/2023\/11\/316669023_610517277538914_2148283221157997053_n.jpg?ssl=1\"><img data-recalc-dims=\"1\" loading=\"lazy\" decoding=\"async\" data-attachment-id=\"5152\" data-permalink=\"https:\/\/fontenilles-vtt.fr\/wp\/?attachment_id=5152\" data-orig-file=\"https:\/\/i0.wp.com\/fontenilles-vtt.fr\/wp\/wp-content\/uploads\/2023\/11\/316669023_610517277538914_2148283221157997053_n.jpg?fit=2048%2C1536&amp;ssl=1\" data-orig-size=\"2048,1536\" data-comments-opened=\"1\" data-image-meta=\"{&quot;aperture&quot;:&quot;0&quot;,&quot;credit&quot;:&quot;&quot;,&quot;camera&quot;:&quot;&quot;,&quot;caption&quot;:&quot;&quot;,&quot;created_timestamp&quot;:&quot;0&quot;,&quot;copyright&quot;:&quot;&quot;,&quot;focal_length&quot;:&quot;0&quot;,&quot;iso&quot;:&quot;0&quot;,&quot;shutter_speed&quot;:&quot;0&quot;,&quot;title&quot;:&quot;&quot;,&quot;orientation&quot;:&quot;0&quot;}\" data-image-title=\"316669023_610517277538914_2148283221157997053_n\" data-image-description=\"\" data-image-caption=\"\" data-medium-file=\"https:\/\/i0.wp.com\/fontenilles-vtt.fr\/wp\/wp-content\/uploads\/2023\/11\/316669023_610517277538914_2148283221157997053_n.jpg?fit=300%2C225&amp;ssl=1\" data-large-file=\"https:\/\/i0.wp.com\/fontenilles-vtt.fr\/wp\/wp-content\/uploads\/2023\/11\/316669023_610517277538914_2148283221157997053_n.jpg?fit=590%2C443&amp;ssl=1\" class=\"aligncenter size-full wp-image-5152\" src=\"https:\/\/i0.wp.com\/fontenilles-vtt.fr\/wp\/wp-content\/uploads\/2023\/11\/316669023_610517277538914_2148283221157997053_n.jpg?resize=590%2C443&#038;ssl=1\" alt=\"\" width=\"590\" height=\"443\" srcset=\"https:\/\/i0.wp.com\/fontenilles-vtt.fr\/wp\/wp-content\/uploads\/2023\/11\/316669023_610517277538914_2148283221157997053_n.jpg?w=2048&amp;ssl=1 2048w, https:\/\/i0.wp.com\/fontenilles-vtt.fr\/wp\/wp-content\/uploads\/2023\/11\/316669023_610517277538914_2148283221157997053_n.jpg?resize=300%2C225&amp;ssl=1 300w, https:\/\/i0.wp.com\/fontenilles-vtt.fr\/wp\/wp-content\/uploads\/2023\/11\/316669023_610517277538914_2148283221157997053_n.jpg?resize=1024%2C768&amp;ssl=1 1024w, https:\/\/i0.wp.com\/fontenilles-vtt.fr\/wp\/wp-content\/uploads\/2023\/11\/316669023_610517277538914_2148283221157997053_n.jpg?resize=768%2C576&amp;ssl=1 768w, https:\/\/i0.wp.com\/fontenilles-vtt.fr\/wp\/wp-content\/uploads\/2023\/11\/316669023_610517277538914_2148283221157997053_n.jpg?resize=1536%2C1152&amp;ssl=1 1536w, https:\/\/i0.wp.com\/fontenilles-vtt.fr\/wp\/wp-content\/uploads\/2023\/11\/316669023_610517277538914_2148283221157997053_n.jpg?w=1180&amp;ssl=1 1180w, https:\/\/i0.wp.com\/fontenilles-vtt.fr\/wp\/wp-content\/uploads\/2023\/11\/316669023_610517277538914_2148283221157997053_n.jpg?w=1770&amp;ssl=1 1770w\" sizes=\"(max-width: 590px) 100vw, 590px\" \/><\/a><\/p>\n","protected":false},"excerpt":{"rendered":"<p>Tu n&rsquo;as pas peur du noir ni de la boue, alors rejoins-nous pour une sortie nocturne accompagn\u00e9e au profit du T\u00e9l\u00e9thon le 2 D\u00e9cembre \u00e0 19h30 \u00e0 l&rsquo;espace Marcel Clermont&#8230; <\/p>\n<div class=\"read-more\"><a href=\"https:\/\/fontenilles-vtt.fr\/wp\/?p=5078\">Lire la suite<\/a><\/div>\n","protected":false},"author":1,"featured_media":0,"comment_status":"open","ping_status":"closed","sticky":true,"template":"","format":"standard","meta":{"om_disable_all_campaigns":false,"_monsterinsights_skip_tracking":false,"_monsterinsights_sitenote_active":false,"_monsterinsights_sitenote_note":"","_monsterinsights_sitenote_category":0,"ngg_post_thumbnail":0,"jetpack_post_was_ever_published":false,"_jetpack_newsletter_access":"","_jetpack_dont_email_post_to_subs":false,"_jetpack_newsletter_tier_id":0,"_jetpack_memberships_contains_paywalled_content":false,"_jetpack_memberships_contains_paid_content":false,"footnotes":"","jetpack_publicize_message":"","jetpack_publicize_feature_enabled":true,"jetpack_social_post_already_shared":true,"jetpack_social_options":{"image_generator_settings":{"template":"highway","enabled":false},"version":2}},"categories":[73],"tags":[],"jetpack_publicize_connections":[],"aioseo_notices":[],"jetpack_featured_media_url":"","jetpack_sharing_enabled":true,"jetpack_shortlink":"https:\/\/wp.me\/p9SYmx-1jU","jetpack-related-posts":[],"post_mailing_queue_ids":[],"_links":{"self":[{"href":"https:\/\/fontenilles-vtt.fr\/wp\/index.php?rest_route=\/wp\/v2\/posts\/5078"}],"collection":[{"href":"https:\/\/fontenilles-vtt.fr\/wp\/index.php?rest_route=\/wp\/v2\/posts"}],"about":[{"href":"https:\/\/fontenilles-vtt.fr\/wp\/index.php?rest_route=\/wp\/v2\/types\/post"}],"author":[{"embeddable":true,"href":"https:\/\/fontenilles-vtt.fr\/wp\/index.php?rest_route=\/wp\/v2\/users\/1"}],"replies":[{"embeddable":true,"href":"https:\/\/fontenilles-vtt.fr\/wp\/index.php?rest_route=%2Fwp%2Fv2%2Fcomments&post=5078"}],"version-history":[{"count":4,"href":"https:\/\/fontenilles-vtt.fr\/wp\/index.php?rest_route=\/wp\/v2\/posts\/5078\/revisions"}],"predecessor-version":[{"id":5154,"href":"https:\/\/fontenilles-vtt.fr\/wp\/index.php?rest_route=\/wp\/v2\/posts\/5078\/revisions\/5154"}],"wp:attachment":[{"href":"https:\/\/fontenilles-vtt.fr\/wp\/index.php?rest_route=%2Fwp%2Fv2%2Fmedia&parent=5078"}],"wp:term":[{"taxonomy":"category","embeddable":true,"href":"https:\/\/fontenilles-vtt.fr\/wp\/index.php?rest_route=%2Fwp%2Fv2%2Fcategories&post=5078"},{"taxonomy":"post_tag","embeddable":true,"href":"https:\/\/fontenilles-vtt.fr\/wp\/index.php?rest_route=%2Fwp%2Fv2%2Ftags&post=5078"}],"curies":[{"name":"wp","href":"https:\/\/api.w.org\/{rel}","templated":true}]}}