{"id":531,"date":"2010-06-19T16:35:16","date_gmt":"2010-06-19T14:35:16","guid":{"rendered":"http:\/\/fontenillesvtt.fr\/wp\/?p=531"},"modified":"2010-06-21T21:49:57","modified_gmt":"2010-06-21T19:49:57","slug":"les-cotes-gasconnes-j-7-les-news","status":"publish","type":"post","link":"https:\/\/fontenilles-vtt.fr\/wp\/?p=531","title":{"rendered":"Les Cotes Gasconnes J-7: \u00ab\u00a0les news\u00a0\u00bb"},"content":{"rendered":"<p style=\"text-align: center;\"><a href=\"https:\/\/i0.wp.com\/fontenillesvtt.fr\/wp\/wp-content\/uploads\/2010\/06\/castor_tracteur.jpg\"><img data-recalc-dims=\"1\" loading=\"lazy\" decoding=\"async\" data-attachment-id=\"540\" data-permalink=\"https:\/\/fontenilles-vtt.fr\/wp\/?attachment_id=540\" data-orig-file=\"https:\/\/i0.wp.com\/fontenilles-vtt.fr\/wp\/wp-content\/uploads\/2010\/06\/castor_tracteur.jpg?fit=1024%2C314&amp;ssl=1\" data-orig-size=\"1024,314\" data-comments-opened=\"1\" data-image-meta=\"{&quot;aperture&quot;:&quot;0&quot;,&quot;credit&quot;:&quot;&quot;,&quot;camera&quot;:&quot;&quot;,&quot;caption&quot;:&quot;&quot;,&quot;created_timestamp&quot;:&quot;0&quot;,&quot;copyright&quot;:&quot;&quot;,&quot;focal_length&quot;:&quot;0&quot;,&quot;iso&quot;:&quot;0&quot;,&quot;shutter_speed&quot;:&quot;0&quot;,&quot;title&quot;:&quot;&quot;}\" data-image-title=\"Castor et son Kubota vers le Castera\" data-image-description=\"\" data-image-caption=\"\" data-medium-file=\"https:\/\/i0.wp.com\/fontenilles-vtt.fr\/wp\/wp-content\/uploads\/2010\/06\/castor_tracteur.jpg?fit=300%2C91&amp;ssl=1\" data-large-file=\"https:\/\/i0.wp.com\/fontenilles-vtt.fr\/wp\/wp-content\/uploads\/2010\/06\/castor_tracteur.jpg?fit=590%2C181&amp;ssl=1\" class=\"aligncenter size-full wp-image-540\" title=\"Castor et son Kubota vers le Castera\" src=\"https:\/\/i0.wp.com\/fontenillesvtt.fr\/wp\/wp-content\/uploads\/2010\/06\/castor_tracteur.jpg?resize=590%2C181\" alt=\"\" width=\"590\" height=\"181\" srcset=\"https:\/\/i0.wp.com\/fontenilles-vtt.fr\/wp\/wp-content\/uploads\/2010\/06\/castor_tracteur.jpg?w=1024&amp;ssl=1 1024w, https:\/\/i0.wp.com\/fontenilles-vtt.fr\/wp\/wp-content\/uploads\/2010\/06\/castor_tracteur.jpg?resize=300%2C91&amp;ssl=1 300w\" sizes=\"(max-width: 590px) 100vw, 590px\" \/><\/a><\/p>\n<ul>\n<li style=\"text-align: justify;\"><span style=\"font-size: small;\"><span style=\"font-family: verdana,geneva;\">Ce matin malgr\u00e9 la pluie c&rsquo;\u00e9tait s\u00e9ance d\u00e9broussaillage sur le circuit du raid, afin que nos raideurs puissent passer \u00e0 pleine vitesse les 1536m de d\u00e9nivel\u00e9 qui les attendent. Arm\u00e9s de nos outils: nous avons affront\u00e9s la pluie, le terrain humide, pour faucher, couper, tron\u00e7onner etc&#8230;Heureusement que p\u00e8re Castor est arriv\u00e9 avec son Kubota pour fignoler la trace un vrai boulevard apr\u00e8s son passage !<\/span><\/span><\/li>\n<\/ul>\n<p><a href=\"https:\/\/i0.wp.com\/fontenillesvtt.fr\/wp\/wp-content\/uploads\/2010\/06\/DSC00085.jpg\"><img data-recalc-dims=\"1\" loading=\"lazy\" decoding=\"async\" data-attachment-id=\"543\" data-permalink=\"https:\/\/fontenilles-vtt.fr\/wp\/?attachment_id=543\" data-orig-file=\"https:\/\/i0.wp.com\/fontenilles-vtt.fr\/wp\/wp-content\/uploads\/2010\/06\/DSC00085.jpg?fit=1024%2C768&amp;ssl=1\" data-orig-size=\"1024,768\" data-comments-opened=\"1\" data-image-meta=\"{&quot;aperture&quot;:&quot;3&quot;,&quot;credit&quot;:&quot;&quot;,&quot;camera&quot;:&quot;W910i&quot;,&quot;caption&quot;:&quot;&quot;,&quot;created_timestamp&quot;:&quot;1276938326&quot;,&quot;copyright&quot;:&quot;&quot;,&quot;focal_length&quot;:&quot;3.25&quot;,&quot;iso&quot;:&quot;100&quot;,&quot;shutter_speed&quot;:&quot;0.01&quot;,&quot;title&quot;:&quot;&quot;}\" data-image-title=\"D\u00e9chargement de la b\u00eate (le tracteur pas Castor)\" data-image-description=\"\" data-image-caption=\"\" data-medium-file=\"https:\/\/i0.wp.com\/fontenilles-vtt.fr\/wp\/wp-content\/uploads\/2010\/06\/DSC00085.jpg?fit=300%2C225&amp;ssl=1\" data-large-file=\"https:\/\/i0.wp.com\/fontenilles-vtt.fr\/wp\/wp-content\/uploads\/2010\/06\/DSC00085.jpg?fit=590%2C443&amp;ssl=1\" class=\"size-thumbnail wp-image-543  alignnone\" title=\"D\u00e9chargement de la b\u00eate (le tracteur pas Castor)\" src=\"https:\/\/i0.wp.com\/fontenillesvtt.fr\/wp\/wp-content\/uploads\/2010\/06\/DSC00085-150x120.jpg?resize=150%2C120\" alt=\"\" width=\"150\" height=\"120\" srcset=\"https:\/\/i0.wp.com\/fontenilles-vtt.fr\/wp\/wp-content\/uploads\/2010\/06\/DSC00085.jpg?resize=150%2C120&amp;ssl=1 150w, https:\/\/i0.wp.com\/fontenilles-vtt.fr\/wp\/wp-content\/uploads\/2010\/06\/DSC00085.jpg?zoom=2&amp;resize=150%2C120&amp;ssl=1 300w, https:\/\/i0.wp.com\/fontenilles-vtt.fr\/wp\/wp-content\/uploads\/2010\/06\/DSC00085.jpg?zoom=3&amp;resize=150%2C120&amp;ssl=1 450w\" sizes=\"(max-width: 150px) 100vw, 150px\" \/><\/a> <a href=\"https:\/\/i0.wp.com\/fontenillesvtt.fr\/wp\/wp-content\/uploads\/2010\/06\/DSC00086.jpg\"><img data-recalc-dims=\"1\" loading=\"lazy\" decoding=\"async\" data-attachment-id=\"544\" data-permalink=\"https:\/\/fontenilles-vtt.fr\/wp\/?attachment_id=544\" data-orig-file=\"https:\/\/i0.wp.com\/fontenilles-vtt.fr\/wp\/wp-content\/uploads\/2010\/06\/DSC00086.jpg?fit=1024%2C768&amp;ssl=1\" data-orig-size=\"1024,768\" data-comments-opened=\"1\" data-image-meta=\"{&quot;aperture&quot;:&quot;3&quot;,&quot;credit&quot;:&quot;&quot;,&quot;camera&quot;:&quot;W910i&quot;,&quot;caption&quot;:&quot;&quot;,&quot;created_timestamp&quot;:&quot;1276938442&quot;,&quot;copyright&quot;:&quot;&quot;,&quot;focal_length&quot;:&quot;3.25&quot;,&quot;iso&quot;:&quot;125&quot;,&quot;shutter_speed&quot;:&quot;0.01&quot;,&quot;title&quot;:&quot;&quot;}\" data-image-title=\"En avant, GO !\" data-image-description=\"\" data-image-caption=\"\" data-medium-file=\"https:\/\/i0.wp.com\/fontenilles-vtt.fr\/wp\/wp-content\/uploads\/2010\/06\/DSC00086.jpg?fit=300%2C225&amp;ssl=1\" data-large-file=\"https:\/\/i0.wp.com\/fontenilles-vtt.fr\/wp\/wp-content\/uploads\/2010\/06\/DSC00086.jpg?fit=590%2C443&amp;ssl=1\" class=\"alignnone size-thumbnail wp-image-544\" title=\"En avant, GO !\" src=\"https:\/\/i0.wp.com\/fontenillesvtt.fr\/wp\/wp-content\/uploads\/2010\/06\/DSC00086-150x120.jpg?resize=150%2C120\" alt=\"\" width=\"150\" height=\"120\" srcset=\"https:\/\/i0.wp.com\/fontenilles-vtt.fr\/wp\/wp-content\/uploads\/2010\/06\/DSC00086.jpg?resize=150%2C120&amp;ssl=1 150w, https:\/\/i0.wp.com\/fontenilles-vtt.fr\/wp\/wp-content\/uploads\/2010\/06\/DSC00086.jpg?zoom=2&amp;resize=150%2C120&amp;ssl=1 300w, https:\/\/i0.wp.com\/fontenilles-vtt.fr\/wp\/wp-content\/uploads\/2010\/06\/DSC00086.jpg?zoom=3&amp;resize=150%2C120&amp;ssl=1 450w\" sizes=\"(max-width: 150px) 100vw, 150px\" \/><\/a> <a href=\"https:\/\/i0.wp.com\/fontenillesvtt.fr\/wp\/wp-content\/uploads\/2010\/06\/DSC00087.jpg\"><img data-recalc-dims=\"1\" loading=\"lazy\" decoding=\"async\" data-attachment-id=\"545\" data-permalink=\"https:\/\/fontenilles-vtt.fr\/wp\/?attachment_id=545\" data-orig-file=\"https:\/\/i0.wp.com\/fontenilles-vtt.fr\/wp\/wp-content\/uploads\/2010\/06\/DSC00087.jpg?fit=1024%2C768&amp;ssl=1\" data-orig-size=\"1024,768\" data-comments-opened=\"1\" data-image-meta=\"{&quot;aperture&quot;:&quot;3&quot;,&quot;credit&quot;:&quot;&quot;,&quot;camera&quot;:&quot;W910i&quot;,&quot;caption&quot;:&quot;&quot;,&quot;created_timestamp&quot;:&quot;1276938469&quot;,&quot;copyright&quot;:&quot;&quot;,&quot;focal_length&quot;:&quot;3.25&quot;,&quot;iso&quot;:&quot;100&quot;,&quot;shutter_speed&quot;:&quot;0.005&quot;,&quot;title&quot;:&quot;&quot;}\" data-image-title=\"C&amp;rsquo;est Nickel, bravo M.Kubota heu non M.Castor\" data-image-description=\"\" data-image-caption=\"\" data-medium-file=\"https:\/\/i0.wp.com\/fontenilles-vtt.fr\/wp\/wp-content\/uploads\/2010\/06\/DSC00087.jpg?fit=300%2C225&amp;ssl=1\" data-large-file=\"https:\/\/i0.wp.com\/fontenilles-vtt.fr\/wp\/wp-content\/uploads\/2010\/06\/DSC00087.jpg?fit=590%2C443&amp;ssl=1\" class=\"alignnone size-thumbnail wp-image-545\" title=\"C'est Nickel, bravo M.Kubota heu non M.Castor\" src=\"https:\/\/i0.wp.com\/fontenillesvtt.fr\/wp\/wp-content\/uploads\/2010\/06\/DSC00087-150x120.jpg?resize=150%2C120\" alt=\"\" width=\"150\" height=\"120\" srcset=\"https:\/\/i0.wp.com\/fontenilles-vtt.fr\/wp\/wp-content\/uploads\/2010\/06\/DSC00087.jpg?resize=150%2C120&amp;ssl=1 150w, https:\/\/i0.wp.com\/fontenilles-vtt.fr\/wp\/wp-content\/uploads\/2010\/06\/DSC00087.jpg?zoom=2&amp;resize=150%2C120&amp;ssl=1 300w, https:\/\/i0.wp.com\/fontenilles-vtt.fr\/wp\/wp-content\/uploads\/2010\/06\/DSC00087.jpg?zoom=3&amp;resize=150%2C120&amp;ssl=1 450w\" sizes=\"(max-width: 150px) 100vw, 150px\" \/><\/a> <a href=\"https:\/\/i0.wp.com\/fontenillesvtt.fr\/wp\/wp-content\/uploads\/2010\/06\/DSC00088.jpg\"><img data-recalc-dims=\"1\" loading=\"lazy\" decoding=\"async\" data-attachment-id=\"546\" data-permalink=\"https:\/\/fontenilles-vtt.fr\/wp\/?attachment_id=546\" data-orig-file=\"https:\/\/i0.wp.com\/fontenilles-vtt.fr\/wp\/wp-content\/uploads\/2010\/06\/DSC00088.jpg?fit=1024%2C768&amp;ssl=1\" data-orig-size=\"1024,768\" data-comments-opened=\"1\" data-image-meta=\"{&quot;aperture&quot;:&quot;3&quot;,&quot;credit&quot;:&quot;&quot;,&quot;camera&quot;:&quot;W910i&quot;,&quot;caption&quot;:&quot;&quot;,&quot;created_timestamp&quot;:&quot;1276938892&quot;,&quot;copyright&quot;:&quot;&quot;,&quot;focal_length&quot;:&quot;3.25&quot;,&quot;iso&quot;:&quot;200&quot;,&quot;shutter_speed&quot;:&quot;0.008&quot;,&quot;title&quot;:&quot;&quot;}\" data-image-title=\"Les \u00ab\u00a0manuels\u00a0\u00bb en actions! \" data-image-description=\"\" data-image-caption=\"\" data-medium-file=\"https:\/\/i0.wp.com\/fontenilles-vtt.fr\/wp\/wp-content\/uploads\/2010\/06\/DSC00088.jpg?fit=300%2C225&amp;ssl=1\" data-large-file=\"https:\/\/i0.wp.com\/fontenilles-vtt.fr\/wp\/wp-content\/uploads\/2010\/06\/DSC00088.jpg?fit=590%2C443&amp;ssl=1\" class=\"alignnone size-thumbnail wp-image-546\" title=\"Les &quot;manuels&quot; en actions! \" src=\"https:\/\/i0.wp.com\/fontenillesvtt.fr\/wp\/wp-content\/uploads\/2010\/06\/DSC00088-150x120.jpg?resize=150%2C120\" alt=\"\" width=\"150\" height=\"120\" srcset=\"https:\/\/i0.wp.com\/fontenilles-vtt.fr\/wp\/wp-content\/uploads\/2010\/06\/DSC00088.jpg?resize=150%2C120&amp;ssl=1 150w, https:\/\/i0.wp.com\/fontenilles-vtt.fr\/wp\/wp-content\/uploads\/2010\/06\/DSC00088.jpg?zoom=2&amp;resize=150%2C120&amp;ssl=1 300w, https:\/\/i0.wp.com\/fontenilles-vtt.fr\/wp\/wp-content\/uploads\/2010\/06\/DSC00088.jpg?zoom=3&amp;resize=150%2C120&amp;ssl=1 450w\" sizes=\"(max-width: 150px) 100vw, 150px\" \/><\/a><\/p>\n<ul>\n<li style=\"text-align: justify;\"><span style=\"font-size: small;\"><span style=\"font-family: verdana,geneva;\"><strong>Une nouveaut\u00e9 cette  ann\u00e9e avec notre rando qui est renomm\u00e9e depuis 6 ans dans la r\u00e9gion ,  qui a attir\u00e9 ces deux derni\u00e8res ann\u00e9es 600 personnes avec une  organisation de qualit\u00e9, l\u2019Ufolep notre f\u00e9d\u00e9ration a donc d\u00e9cid\u00e9 cette  ann\u00e9e de classer <span style=\"color: #ff6600;\">\u201cLes C\u00f4tes Gasconnes\u201d en \u201cRando Nationale Ufolep\u201d.<\/span><\/strong><\/span><\/span><\/li>\n<li style=\"text-align: justify;\"><span style=\"font-size: small;\"><span style=\"font-family: verdana,geneva;\"><span style=\"color: #ff6600;\"><span style=\"color: #000000;\">Cot\u00e9 m\u00e9t\u00e9o \u00e7a s&rsquo;arrange les jours \u00e0 venir, l&rsquo;\u00e9t\u00e9 revient cette semaine avec un grand beau temps pr\u00e9vu le week.end prochain avec soleil et 27\u00b0c pr\u00e9vu pour le 27 juin !<\/span><\/span><\/span><\/span><\/li>\n<li style=\"text-align: justify;\"><span style=\"font-size: small;\"><span style=\"font-family: verdana,geneva;\"><span style=\"color: #ff6600;\"><span style=\"color: #000000;\">Vous pouvez encore vous pr\u00e9-inscrire en ligne sur <span style=\"font-size: medium;\"><strong><a href=\"http:\/\/cotesgasconnes.free.fr\" target=\"_blank\">http:\/\/cotesgasconnes.free.fr<\/a><\/strong><\/span> pour faciliter votre inscription dimanche prochain et profiter pleinement du petit d\u00e9jeuner en regardant la carte des circuits.<\/span><\/span><\/span><\/span><\/li>\n<li style=\"text-align: justify;\"><span style=\"font-size: small;\"><span style=\"font-family: verdana,geneva;\"><span style=\"color: #ff6600;\"><span style=\"color: #000000;\">Enfin plein de lots pr\u00e9vu au tirage au sort pour les participants VTT (accessoires, bon d&rsquo;achats) offert par <strong><a href=\"http:\/\/fontenillesvtt.fr\/wp\/?page_id=72\">Bouticycle Jolly Cycles La Salevat<\/a><\/strong> sans oublier le gros lot avec le <span style=\"color: #000000;\"><a href=\"http:\/\/www.bouticycle.com\/Avalanche-3-0-Disc\" target=\"_blank\"><strong>VTT GT Avalanche 3.0 (valeur 449\u20ac)<\/strong><\/a><\/span><\/span><\/span><\/span><\/span><\/li>\n<\/ul>\n<p style=\"text-align: center;\"><span style=\"font-size: small;\"><span style=\"font-family: verdana,geneva;\"><span style=\"color: #ff6600;\"><span style=\"color: #000000;\"><span style=\"color: #ff0000;\"><strong><a href=\"https:\/\/i0.wp.com\/fontenillesvtt.fr\/wp\/wp-content\/uploads\/2010\/06\/banniere_lots%2Bv%C3%A9lo.jpg\"><img data-recalc-dims=\"1\" loading=\"lazy\" decoding=\"async\" data-attachment-id=\"552\" data-permalink=\"https:\/\/fontenilles-vtt.fr\/wp\/?attachment_id=552\" data-orig-file=\"https:\/\/i0.wp.com\/fontenilles-vtt.fr\/wp\/wp-content\/uploads\/2010\/06\/banniere_lots%2Bv%C3%A9lo.jpg?fit=1011%2C314&amp;ssl=1\" data-orig-size=\"1011,314\" data-comments-opened=\"1\" data-image-meta=\"{&quot;aperture&quot;:&quot;0&quot;,&quot;credit&quot;:&quot;&quot;,&quot;camera&quot;:&quot;&quot;,&quot;caption&quot;:&quot;&quot;,&quot;created_timestamp&quot;:&quot;0&quot;,&quot;copyright&quot;:&quot;&quot;,&quot;focal_length&quot;:&quot;0&quot;,&quot;iso&quot;:&quot;0&quot;,&quot;shutter_speed&quot;:&quot;0&quot;,&quot;title&quot;:&quot;&quot;}\" data-image-title=\"Pleins de lots offerts par Jolly Cycles\" data-image-description=\"\" data-image-caption=\"\" data-medium-file=\"https:\/\/i0.wp.com\/fontenilles-vtt.fr\/wp\/wp-content\/uploads\/2010\/06\/banniere_lots%2Bv%C3%A9lo.jpg?fit=300%2C93&amp;ssl=1\" data-large-file=\"https:\/\/i0.wp.com\/fontenilles-vtt.fr\/wp\/wp-content\/uploads\/2010\/06\/banniere_lots%2Bv%C3%A9lo.jpg?fit=590%2C183&amp;ssl=1\" class=\"aligncenter size-full wp-image-552\" title=\"Pleins de lots offerts par Jolly Cycles\" src=\"https:\/\/i0.wp.com\/fontenillesvtt.fr\/wp\/wp-content\/uploads\/2010\/06\/banniere_lots%2Bv%C3%A9lo.jpg?resize=590%2C183\" alt=\"\" width=\"590\" height=\"183\" srcset=\"https:\/\/i0.wp.com\/fontenilles-vtt.fr\/wp\/wp-content\/uploads\/2010\/06\/banniere_lots%2Bv%C3%A9lo.jpg?w=1011&amp;ssl=1 1011w, https:\/\/i0.wp.com\/fontenilles-vtt.fr\/wp\/wp-content\/uploads\/2010\/06\/banniere_lots%2Bv%C3%A9lo.jpg?resize=300%2C93&amp;ssl=1 300w\" sizes=\"(max-width: 590px) 100vw, 590px\" \/><\/a><br \/>\n<\/strong><\/span><\/span><\/span><\/span><\/span><\/p>\n<p><span style=\"font-size: small;\"><span style=\"font-family: verdana,geneva;\"><span style=\"color: #ff6600;\"><span style=\"color: #000000;\"> <a href=\"http:\/\/fontenillesvtt.fr\/wp\/wp-content\/uploads\/2010\/05\/gt_avalanche.jpg\"><br \/>\n<\/a><br \/>\n<\/span><\/span><\/span><\/span><\/p>\n","protected":false},"excerpt":{"rendered":"<p>Ce matin malgr\u00e9 la pluie c&rsquo;\u00e9tait s\u00e9ance d\u00e9broussaillage sur le circuit du raid, afin que nos raideurs puissent passer \u00e0 pleine vitesse les 1536m de d\u00e9nivel\u00e9 qui les attendent. Arm\u00e9s&#8230; <\/p>\n<div class=\"read-more\"><a href=\"https:\/\/fontenilles-vtt.fr\/wp\/?p=531\">Lire la suite<\/a><\/div>\n","protected":false},"author":1,"featured_media":0,"comment_status":"open","ping_status":"closed","sticky":false,"template":"","format":"standard","meta":{"om_disable_all_campaigns":false,"_monsterinsights_skip_tracking":false,"_monsterinsights_sitenote_active":false,"_monsterinsights_sitenote_note":"","_monsterinsights_sitenote_category":0,"ngg_post_thumbnail":0,"jetpack_post_was_ever_published":false,"_jetpack_newsletter_access":"","_jetpack_dont_email_post_to_subs":false,"_jetpack_newsletter_tier_id":0,"_jetpack_memberships_contains_paywalled_content":false,"_jetpack_memberships_contains_paid_content":false,"footnotes":"","jetpack_publicize_message":"","jetpack_publicize_feature_enabled":true,"jetpack_social_post_already_shared":false,"jetpack_social_options":{"image_generator_settings":{"template":"highway","enabled":false},"version":2}},"categories":[4,5],"tags":[19,17,45,33,16,29],"jetpack_publicize_connections":[],"aioseo_notices":[],"jetpack_featured_media_url":"","jetpack_sharing_enabled":true,"jetpack_shortlink":"https:\/\/wp.me\/p9SYmx-8z","jetpack-related-posts":[],"post_mailing_queue_ids":[],"_links":{"self":[{"href":"https:\/\/fontenilles-vtt.fr\/wp\/index.php?rest_route=\/wp\/v2\/posts\/531"}],"collection":[{"href":"https:\/\/fontenilles-vtt.fr\/wp\/index.php?rest_route=\/wp\/v2\/posts"}],"about":[{"href":"https:\/\/fontenilles-vtt.fr\/wp\/index.php?rest_route=\/wp\/v2\/types\/post"}],"author":[{"embeddable":true,"href":"https:\/\/fontenilles-vtt.fr\/wp\/index.php?rest_route=\/wp\/v2\/users\/1"}],"replies":[{"embeddable":true,"href":"https:\/\/fontenilles-vtt.fr\/wp\/index.php?rest_route=%2Fwp%2Fv2%2Fcomments&post=531"}],"version-history":[{"count":15,"href":"https:\/\/fontenilles-vtt.fr\/wp\/index.php?rest_route=\/wp\/v2\/posts\/531\/revisions"}],"predecessor-version":[{"id":557,"href":"https:\/\/fontenilles-vtt.fr\/wp\/index.php?rest_route=\/wp\/v2\/posts\/531\/revisions\/557"}],"wp:attachment":[{"href":"https:\/\/fontenilles-vtt.fr\/wp\/index.php?rest_route=%2Fwp%2Fv2%2Fmedia&parent=531"}],"wp:term":[{"taxonomy":"category","embeddable":true,"href":"https:\/\/fontenilles-vtt.fr\/wp\/index.php?rest_route=%2Fwp%2Fv2%2Fcategories&post=531"},{"taxonomy":"post_tag","embeddable":true,"href":"https:\/\/fontenilles-vtt.fr\/wp\/index.php?rest_route=%2Fwp%2Fv2%2Ftags&post=531"}],"curies":[{"name":"wp","href":"https:\/\/api.w.org\/{rel}","templated":true}]}}