{"id":5653,"date":"2025-02-25T18:45:35","date_gmt":"2025-02-25T17:45:35","guid":{"rendered":"https:\/\/fontenilles-vtt.fr\/wp\/?p=5653"},"modified":"2025-04-09T09:46:20","modified_gmt":"2025-04-09T07:46:20","slug":"calendrier-randos-2025","status":"publish","type":"post","link":"https:\/\/fontenilles-vtt.fr\/wp\/?p=5653","title":{"rendered":"Calendrier Randos 2025"},"content":{"rendered":"\n<p>Vous trouverez dans le tableau \u00a0\u00bb <a title=\"Calendrier Randos 2025\" href=\"https:\/\/fontenilles-vtt.fr\/wp\/wp-content\/uploads\/2025\/04\/Listing-randos-2024-2025_9Avril.pdf\">Calendrier Randos 2025<\/a> \u00a0\u00bb toutes les randos \u00e0 moins de 2 heures max de Fontenilles (Except\u00e9 le Roc d&rsquo;Azur).<\/p>\n<p>Ce tableau sera r\u00e9guli\u00e8rement mis \u00e0 jour (derni\u00e8re mise \u00e0 jour : 10 mars)<\/p>\n<p>&nbsp;<\/p>\n","protected":false},"excerpt":{"rendered":"<p>Vous trouverez dans le tableau \u00a0\u00bb Calendrier Randos 2025 \u00a0\u00bb toutes les randos \u00e0 moins de 2 heures max de Fontenilles (Except\u00e9 le Roc d&rsquo;Azur). Ce tableau sera r\u00e9guli\u00e8rement mis&#8230; <\/p>\n<div class=\"read-more\"><a href=\"https:\/\/fontenilles-vtt.fr\/wp\/?p=5653\">Lire la suite<\/a><\/div>\n","protected":false},"author":1,"featured_media":5658,"comment_status":"open","ping_status":"closed","sticky":true,"template":"","format":"standard","meta":{"om_disable_all_campaigns":false,"_monsterinsights_skip_tracking":false,"_monsterinsights_sitenote_active":false,"_monsterinsights_sitenote_note":"","_monsterinsights_sitenote_category":0,"ngg_post_thumbnail":0,"jetpack_post_was_ever_published":false,"_jetpack_newsletter_access":"","_jetpack_dont_email_post_to_subs":false,"_jetpack_newsletter_tier_id":0,"_jetpack_memberships_contains_paywalled_content":false,"_jetpack_memberships_contains_paid_content":false,"footnotes":"","jetpack_publicize_message":"","jetpack_publicize_feature_enabled":true,"jetpack_social_post_already_shared":true,"jetpack_social_options":{"image_generator_settings":{"template":"highway","enabled":false},"version":2}},"categories":[4],"tags":[],"jetpack_publicize_connections":[],"aioseo_notices":[],"jetpack_featured_media_url":"https:\/\/i0.wp.com\/fontenilles-vtt.fr\/wp\/wp-content\/uploads\/2025\/02\/WhatsApp-Image-2024-09-22-a-16.55.57_21d8f35a.jpg?fit=1600%2C1200&ssl=1","jetpack_sharing_enabled":true,"jetpack_shortlink":"https:\/\/wp.me\/p9SYmx-1tb","jetpack-related-posts":[],"post_mailing_queue_ids":[],"_links":{"self":[{"href":"https:\/\/fontenilles-vtt.fr\/wp\/index.php?rest_route=\/wp\/v2\/posts\/5653"}],"collection":[{"href":"https:\/\/fontenilles-vtt.fr\/wp\/index.php?rest_route=\/wp\/v2\/posts"}],"about":[{"href":"https:\/\/fontenilles-vtt.fr\/wp\/index.php?rest_route=\/wp\/v2\/types\/post"}],"author":[{"embeddable":true,"href":"https:\/\/fontenilles-vtt.fr\/wp\/index.php?rest_route=\/wp\/v2\/users\/1"}],"replies":[{"embeddable":true,"href":"https:\/\/fontenilles-vtt.fr\/wp\/index.php?rest_route=%2Fwp%2Fv2%2Fcomments&post=5653"}],"version-history":[{"count":5,"href":"https:\/\/fontenilles-vtt.fr\/wp\/index.php?rest_route=\/wp\/v2\/posts\/5653\/revisions"}],"predecessor-version":[{"id":5668,"href":"https:\/\/fontenilles-vtt.fr\/wp\/index.php?rest_route=\/wp\/v2\/posts\/5653\/revisions\/5668"}],"wp:featuredmedia":[{"embeddable":true,"href":"https:\/\/fontenilles-vtt.fr\/wp\/index.php?rest_route=\/wp\/v2\/media\/5658"}],"wp:attachment":[{"href":"https:\/\/fontenilles-vtt.fr\/wp\/index.php?rest_route=%2Fwp%2Fv2%2Fmedia&parent=5653"}],"wp:term":[{"taxonomy":"category","embeddable":true,"href":"https:\/\/fontenilles-vtt.fr\/wp\/index.php?rest_route=%2Fwp%2Fv2%2Fcategories&post=5653"},{"taxonomy":"post_tag","embeddable":true,"href":"https:\/\/fontenilles-vtt.fr\/wp\/index.php?rest_route=%2Fwp%2Fv2%2Ftags&post=5653"}],"curies":[{"name":"wp","href":"https:\/\/api.w.org\/{rel}","templated":true}]}}