{"id":579,"date":"2010-06-25T22:24:02","date_gmt":"2010-06-25T20:24:02","guid":{"rendered":"http:\/\/fontenillesvtt.fr\/wp\/?p=579"},"modified":"2010-06-26T19:44:11","modified_gmt":"2010-06-26T17:44:11","slug":"pre-inscriptions-closes","status":"publish","type":"post","link":"https:\/\/fontenilles-vtt.fr\/wp\/?p=579","title":{"rendered":"Pr\u00e9-inscriptions closes"},"content":{"rendered":"<p style=\"text-align: justify;\">217 inscrits vendredi soir \u00e0 la cloture, il sera toujours possible de s&rsquo;inscrire d\u00e8s 8h dimanche au <a href=\"http:\/\/fontenillesvtt.fr\/wp\/?page_id=467\">stade de Fontenilles<\/a>, samedi c&rsquo;est balisage et pr\u00e9paration de la grande journ\u00e9e de dimanche.<\/p>\n<p style=\"text-align: justify;\">Pr\u00e9voyez cr\u00e8me solaire, plein d&rsquo;eau dans la poche \u00e0 eau car il fera beau et chaud demain dimanche:<\/p>\n<p style=\"text-align: justify;\"><a href=\"https:\/\/i0.wp.com\/fontenillesvtt.fr\/wp\/wp-content\/uploads\/2010\/06\/m%C3%A9t%C3%A9o_27juin.jpg\"><img data-recalc-dims=\"1\" loading=\"lazy\" decoding=\"async\" data-attachment-id=\"582\" data-permalink=\"https:\/\/fontenilles-vtt.fr\/wp\/?attachment_id=582\" data-orig-file=\"https:\/\/i0.wp.com\/fontenilles-vtt.fr\/wp\/wp-content\/uploads\/2010\/06\/m%C3%A9t%C3%A9o_27juin.jpg?fit=405%2C173&amp;ssl=1\" data-orig-size=\"405,173\" data-comments-opened=\"1\" data-image-meta=\"{&quot;aperture&quot;:&quot;0&quot;,&quot;credit&quot;:&quot;&quot;,&quot;camera&quot;:&quot;&quot;,&quot;caption&quot;:&quot;&quot;,&quot;created_timestamp&quot;:&quot;0&quot;,&quot;copyright&quot;:&quot;&quot;,&quot;focal_length&quot;:&quot;0&quot;,&quot;iso&quot;:&quot;0&quot;,&quot;shutter_speed&quot;:&quot;0&quot;,&quot;title&quot;:&quot;&quot;}\" data-image-title=\"m\u00e9t\u00e9o_27juin\" data-image-description=\"\" data-image-caption=\"\" data-medium-file=\"https:\/\/i0.wp.com\/fontenilles-vtt.fr\/wp\/wp-content\/uploads\/2010\/06\/m%C3%A9t%C3%A9o_27juin.jpg?fit=300%2C128&amp;ssl=1\" data-large-file=\"https:\/\/i0.wp.com\/fontenilles-vtt.fr\/wp\/wp-content\/uploads\/2010\/06\/m%C3%A9t%C3%A9o_27juin.jpg?fit=405%2C173&amp;ssl=1\" class=\"alignnone size-full wp-image-582\" title=\"m\u00e9t\u00e9o_27juin\" src=\"https:\/\/i0.wp.com\/fontenillesvtt.fr\/wp\/wp-content\/uploads\/2010\/06\/m%C3%A9t%C3%A9o_27juin.jpg?resize=405%2C173\" alt=\"\" width=\"405\" height=\"173\" srcset=\"https:\/\/i0.wp.com\/fontenilles-vtt.fr\/wp\/wp-content\/uploads\/2010\/06\/m%C3%A9t%C3%A9o_27juin.jpg?w=405&amp;ssl=1 405w, https:\/\/i0.wp.com\/fontenilles-vtt.fr\/wp\/wp-content\/uploads\/2010\/06\/m%C3%A9t%C3%A9o_27juin.jpg?resize=300%2C128&amp;ssl=1 300w\" sizes=\"(max-width: 405px) 100vw, 405px\" \/><\/a><\/p>\n<p style=\"text-align: justify;\">A dimanche.<\/p>\n<p style=\"text-align: justify;\">Bruno<\/p>\n","protected":false},"excerpt":{"rendered":"<p>217 inscrits vendredi soir \u00e0 la cloture, il sera toujours possible de s&rsquo;inscrire d\u00e8s 8h dimanche au stade de Fontenilles, samedi c&rsquo;est balisage et pr\u00e9paration de la grande journ\u00e9e de&#8230; <\/p>\n<div class=\"read-more\"><a href=\"https:\/\/fontenilles-vtt.fr\/wp\/?p=579\">Lire la suite<\/a><\/div>\n","protected":false},"author":1,"featured_media":0,"comment_status":"open","ping_status":"closed","sticky":false,"template":"","format":"standard","meta":{"om_disable_all_campaigns":false,"_monsterinsights_skip_tracking":false,"_monsterinsights_sitenote_active":false,"_monsterinsights_sitenote_note":"","_monsterinsights_sitenote_category":0,"ngg_post_thumbnail":0,"jetpack_post_was_ever_published":false,"_jetpack_newsletter_access":"","_jetpack_dont_email_post_to_subs":false,"_jetpack_newsletter_tier_id":0,"_jetpack_memberships_contains_paywalled_content":false,"_jetpack_memberships_contains_paid_content":false,"footnotes":"","jetpack_publicize_message":"","jetpack_publicize_feature_enabled":true,"jetpack_social_post_already_shared":false,"jetpack_social_options":{"image_generator_settings":{"template":"highway","enabled":false},"version":2}},"categories":[4,5],"tags":[45,7,29],"jetpack_publicize_connections":[],"aioseo_notices":[],"jetpack_featured_media_url":"","jetpack_sharing_enabled":true,"jetpack_shortlink":"https:\/\/wp.me\/p9SYmx-9l","jetpack-related-posts":[],"post_mailing_queue_ids":[],"_links":{"self":[{"href":"https:\/\/fontenilles-vtt.fr\/wp\/index.php?rest_route=\/wp\/v2\/posts\/579"}],"collection":[{"href":"https:\/\/fontenilles-vtt.fr\/wp\/index.php?rest_route=\/wp\/v2\/posts"}],"about":[{"href":"https:\/\/fontenilles-vtt.fr\/wp\/index.php?rest_route=\/wp\/v2\/types\/post"}],"author":[{"embeddable":true,"href":"https:\/\/fontenilles-vtt.fr\/wp\/index.php?rest_route=\/wp\/v2\/users\/1"}],"replies":[{"embeddable":true,"href":"https:\/\/fontenilles-vtt.fr\/wp\/index.php?rest_route=%2Fwp%2Fv2%2Fcomments&post=579"}],"version-history":[{"count":6,"href":"https:\/\/fontenilles-vtt.fr\/wp\/index.php?rest_route=\/wp\/v2\/posts\/579\/revisions"}],"predecessor-version":[{"id":581,"href":"https:\/\/fontenilles-vtt.fr\/wp\/index.php?rest_route=\/wp\/v2\/posts\/579\/revisions\/581"}],"wp:attachment":[{"href":"https:\/\/fontenilles-vtt.fr\/wp\/index.php?rest_route=%2Fwp%2Fv2%2Fmedia&parent=579"}],"wp:term":[{"taxonomy":"category","embeddable":true,"href":"https:\/\/fontenilles-vtt.fr\/wp\/index.php?rest_route=%2Fwp%2Fv2%2Fcategories&post=579"},{"taxonomy":"post_tag","embeddable":true,"href":"https:\/\/fontenilles-vtt.fr\/wp\/index.php?rest_route=%2Fwp%2Fv2%2Ftags&post=579"}],"curies":[{"name":"wp","href":"https:\/\/api.w.org\/{rel}","templated":true}]}}