{"id":672,"date":"2010-09-01T21:31:08","date_gmt":"2010-09-01T19:31:08","guid":{"rendered":"http:\/\/fontenillesvtt.fr\/wp\/?p=672"},"modified":"2010-09-06T16:52:23","modified_gmt":"2010-09-06T14:52:23","slug":"fin-de-la-treve-avec-le-raid-du-lys","status":"publish","type":"post","link":"https:\/\/fontenilles-vtt.fr\/wp\/?p=672","title":{"rendered":"Fin de la tr\u00e8ve avec le Raid du Lys"},"content":{"rendered":"<p><a href=\"https:\/\/i0.wp.com\/fontenillesvtt.fr\/wp\/wp-content\/uploads\/2010\/09\/raidulys.jpg\"><img data-recalc-dims=\"1\" loading=\"lazy\" decoding=\"async\" data-attachment-id=\"673\" data-permalink=\"https:\/\/fontenilles-vtt.fr\/wp\/?attachment_id=673\" data-orig-file=\"https:\/\/i0.wp.com\/fontenilles-vtt.fr\/wp\/wp-content\/uploads\/2010\/09\/raidulys.jpg?fit=1024%2C360&amp;ssl=1\" data-orig-size=\"1024,360\" data-comments-opened=\"1\" data-image-meta=\"{&quot;aperture&quot;:&quot;0&quot;,&quot;credit&quot;:&quot;&quot;,&quot;camera&quot;:&quot;&quot;,&quot;caption&quot;:&quot;&quot;,&quot;created_timestamp&quot;:&quot;0&quot;,&quot;copyright&quot;:&quot;&quot;,&quot;focal_length&quot;:&quot;0&quot;,&quot;iso&quot;:&quot;0&quot;,&quot;shutter_speed&quot;:&quot;0&quot;,&quot;title&quot;:&quot;&quot;}\" data-image-title=\"Lors des inscriptions au stade de Saint-Lys\" data-image-description=\"\" data-image-caption=\"\" data-medium-file=\"https:\/\/i0.wp.com\/fontenilles-vtt.fr\/wp\/wp-content\/uploads\/2010\/09\/raidulys.jpg?fit=300%2C105&amp;ssl=1\" data-large-file=\"https:\/\/i0.wp.com\/fontenilles-vtt.fr\/wp\/wp-content\/uploads\/2010\/09\/raidulys.jpg?fit=590%2C207&amp;ssl=1\" class=\"alignnone size-full wp-image-673\" title=\"Lors des inscriptions au stade de Saint-Lys\" src=\"https:\/\/i0.wp.com\/fontenillesvtt.fr\/wp\/wp-content\/uploads\/2010\/09\/raidulys.jpg?resize=590%2C207\" alt=\"\" width=\"590\" height=\"207\" srcset=\"https:\/\/i0.wp.com\/fontenilles-vtt.fr\/wp\/wp-content\/uploads\/2010\/09\/raidulys.jpg?w=1024&amp;ssl=1 1024w, https:\/\/i0.wp.com\/fontenilles-vtt.fr\/wp\/wp-content\/uploads\/2010\/09\/raidulys.jpg?resize=300%2C105&amp;ssl=1 300w\" sizes=\"(max-width: 590px) 100vw, 590px\" \/><\/a><\/p>\n<p>Rendez-vous est pris pour quelques un d&rsquo;entre nous pour participer en ce dimanche 29 aout au Raid du Lys \u00e0 Saint-Lys, je pars avec Philippe.P de Bonrepos \u00e0 8h destination le stade de Saint-Lys. Apr\u00e8s quelques kilom\u00e8tre de bitume nous retrouvons au stade J\u00e9rome, puis Patrick et Castor, ces trois dernier s&rsquo;engagent sur le 25km VTT avec les trois kilom\u00e8tres de course \u00e0 pieds \u00e0 suivre. Pour nous c&rsquo;est le raid d&rsquo;Ulysse 45km pr\u00e9vu qui en feront presque 54 mais sans la course \u00e0 pied, nous retrouvons \u00e9galement Lionel avec son Stumjumper \u00e0 peine rod\u00e9 mais pas encore arros\u00e9, d\u00e9part \u00e0 9h pour ce circuit 45km. D\u00e9part group\u00e9, avec une premi\u00e8re portion de circuit sur des chemins connus au nord de la route de Lombez, puis une deuxi\u00e8me partie au sud largement moins connue, le terrain est tr\u00e8s sec (sauf lors des arrosages du ma\u00efs) et peu adh\u00e9rent avec un ravito \u00e0 proximit\u00e9 des douves de Saint-Thomas. Un super trac\u00e9 avec tr\u00e8s peu de bitume et quand m\u00eame presque 1000 m de D+ pour ces 54km qui nous ram\u00e8nera au stade pour la saucisse grill\u00e9 vers 13h. Nous ferons \u00e9galement quelques kilom\u00e8tre avec Guillaume rencontr\u00e9 hors raid au sommet du bois de Goujon qui arrivait du Gers apr\u00e8s une panne de r\u00e9veil. Enfin f\u00e9licitation \u00e0 notre champion du jour:J\u00e9r\u00f4me qui termine deuxi\u00e8me sur le raid d\u00e9couverte, et bravo \u00e0 l&rsquo;\u00e9quipe de Saint-Lys pour ce trac\u00e9 tr\u00e8s agr\u00e9able. <a href=\"http:\/\/fontenillesvtt.fr\/wp\/?page_id=667\">( Le trac\u00e9 est ici)<\/a><\/p>\n<p><strong>Les photos prisent par l&rsquo;organisation:<\/strong><\/p>\n<!-- index.php -->\n<div\n\tclass=\"ngg-galleryoverview\n\t ngg-ajax-pagination-none\t\"\n\tid=\"ngg-gallery-fe6dbe35b304349b09c5b716a3dd47e3-1\">\n\n\t\t<div class=\"slideshowlink\">\n\t\t<a href='https:\/\/fontenilles-vtt.fr\/wp\/index.php\/nggallery\/slideshow?p=672'>[Diaporama]<\/a>\n\t\t\n\t<\/div>\n\t\t\t<!-- Thumbnails -->\n\t\t\t\t<div id=\"ngg-image-0\" class=\"ngg-gallery-thumbnail-box\" \n\t\t\t\t\t\t\t\t\t\t\t>\n\t\t\t\t\t\t<div class=\"ngg-gallery-thumbnail\">\n\t\t\t<a href=\"https:\/\/fontenilles-vtt.fr\/wp\/wp-content\/gallery\/raid-du-lys-2010\/0003.jpg\"\n\t\t\t\ttitle=\"\"\n\t\t\t\tdata-src=\"https:\/\/fontenilles-vtt.fr\/wp\/wp-content\/gallery\/raid-du-lys-2010\/0003.jpg\"\n\t\t\t\tdata-thumbnail=\"https:\/\/fontenilles-vtt.fr\/wp\/wp-content\/gallery\/raid-du-lys-2010\/thumbs\/thumbs_0003.jpg\"\n\t\t\t\tdata-image-id=\"663\"\n\t\t\t\tdata-title=\"OLYMPUS DIGITAL CAMERA\"\n\t\t\t\tdata-description=\"\"\n\t\t\t\tdata-image-slug=\"olympus-digital-camera\"\n\t\t\t\tclass=\"ngg-simplelightbox\" rel=\"fe6dbe35b304349b09c5b716a3dd47e3\">\n\t\t\t\t<img\n\t\t\t\t\ttitle=\"OLYMPUS DIGITAL CAMERA\"\n\t\t\t\t\talt=\"OLYMPUS DIGITAL CAMERA\"\n\t\t\t\t\tsrc=\"https:\/\/fontenilles-vtt.fr\/wp\/wp-content\/gallery\/raid-du-lys-2010\/thumbs\/thumbs_0003.jpg\"\n\t\t\t\t\twidth=\"100\"\n\t\t\t\t\theight=\"75\"\n\t\t\t\t\tstyle=\"max-width:100%;\"\n\t\t\t\t\/>\n\t\t\t<\/a>\n\t\t<\/div>\n\t\t\t\t\t\t\t<\/div> \n\t\t\t\n\t\t\t\t\t\t\t\n\t\t\t\t<div id=\"ngg-image-1\" class=\"ngg-gallery-thumbnail-box\" \n\t\t\t\t\t\t\t\t\t\t\t>\n\t\t\t\t\t\t<div class=\"ngg-gallery-thumbnail\">\n\t\t\t<a href=\"https:\/\/fontenilles-vtt.fr\/wp\/wp-content\/gallery\/raid-du-lys-2010\/001.jpg\"\n\t\t\t\ttitle=\"\"\n\t\t\t\tdata-src=\"https:\/\/fontenilles-vtt.fr\/wp\/wp-content\/gallery\/raid-du-lys-2010\/001.jpg\"\n\t\t\t\tdata-thumbnail=\"https:\/\/fontenilles-vtt.fr\/wp\/wp-content\/gallery\/raid-du-lys-2010\/thumbs\/thumbs_001.jpg\"\n\t\t\t\tdata-image-id=\"664\"\n\t\t\t\tdata-title=\"OLYMPUS DIGITAL CAMERA\"\n\t\t\t\tdata-description=\"\"\n\t\t\t\tdata-image-slug=\"olympus-digital-camera-2\"\n\t\t\t\tclass=\"ngg-simplelightbox\" rel=\"fe6dbe35b304349b09c5b716a3dd47e3\">\n\t\t\t\t<img\n\t\t\t\t\ttitle=\"OLYMPUS DIGITAL CAMERA\"\n\t\t\t\t\talt=\"OLYMPUS DIGITAL CAMERA\"\n\t\t\t\t\tsrc=\"https:\/\/fontenilles-vtt.fr\/wp\/wp-content\/gallery\/raid-du-lys-2010\/thumbs\/thumbs_001.jpg\"\n\t\t\t\t\twidth=\"100\"\n\t\t\t\t\theight=\"75\"\n\t\t\t\t\tstyle=\"max-width:100%;\"\n\t\t\t\t\/>\n\t\t\t<\/a>\n\t\t<\/div>\n\t\t\t\t\t\t\t<\/div> \n\t\t\t\n\t\t\t\t\t\t\t\n\t\t\t\t<div id=\"ngg-image-2\" class=\"ngg-gallery-thumbnail-box\" \n\t\t\t\t\t\t\t\t\t\t\t>\n\t\t\t\t\t\t<div class=\"ngg-gallery-thumbnail\">\n\t\t\t<a href=\"https:\/\/fontenilles-vtt.fr\/wp\/wp-content\/gallery\/raid-du-lys-2010\/002.jpg\"\n\t\t\t\ttitle=\"\"\n\t\t\t\tdata-src=\"https:\/\/fontenilles-vtt.fr\/wp\/wp-content\/gallery\/raid-du-lys-2010\/002.jpg\"\n\t\t\t\tdata-thumbnail=\"https:\/\/fontenilles-vtt.fr\/wp\/wp-content\/gallery\/raid-du-lys-2010\/thumbs\/thumbs_002.jpg\"\n\t\t\t\tdata-image-id=\"665\"\n\t\t\t\tdata-title=\"OLYMPUS DIGITAL CAMERA\"\n\t\t\t\tdata-description=\"\"\n\t\t\t\tdata-image-slug=\"olympus-digital-camera-3\"\n\t\t\t\tclass=\"ngg-simplelightbox\" rel=\"fe6dbe35b304349b09c5b716a3dd47e3\">\n\t\t\t\t<img\n\t\t\t\t\ttitle=\"OLYMPUS DIGITAL CAMERA\"\n\t\t\t\t\talt=\"OLYMPUS DIGITAL CAMERA\"\n\t\t\t\t\tsrc=\"https:\/\/fontenilles-vtt.fr\/wp\/wp-content\/gallery\/raid-du-lys-2010\/thumbs\/thumbs_002.jpg\"\n\t\t\t\t\twidth=\"100\"\n\t\t\t\t\theight=\"75\"\n\t\t\t\t\tstyle=\"max-width:100%;\"\n\t\t\t\t\/>\n\t\t\t<\/a>\n\t\t<\/div>\n\t\t\t\t\t\t\t<\/div> \n\t\t\t\n\t\t\t\t\t\t\t\n\t\t\t\t<div id=\"ngg-image-3\" class=\"ngg-gallery-thumbnail-box\" \n\t\t\t\t\t\t\t\t\t\t\t>\n\t\t\t\t\t\t<div class=\"ngg-gallery-thumbnail\">\n\t\t\t<a href=\"https:\/\/fontenilles-vtt.fr\/wp\/wp-content\/gallery\/raid-du-lys-2010\/004.jpg\"\n\t\t\t\ttitle=\"\"\n\t\t\t\tdata-src=\"https:\/\/fontenilles-vtt.fr\/wp\/wp-content\/gallery\/raid-du-lys-2010\/004.jpg\"\n\t\t\t\tdata-thumbnail=\"https:\/\/fontenilles-vtt.fr\/wp\/wp-content\/gallery\/raid-du-lys-2010\/thumbs\/thumbs_004.jpg\"\n\t\t\t\tdata-image-id=\"666\"\n\t\t\t\tdata-title=\"OLYMPUS DIGITAL CAMERA\"\n\t\t\t\tdata-description=\"\"\n\t\t\t\tdata-image-slug=\"olympus-digital-camera-4\"\n\t\t\t\tclass=\"ngg-simplelightbox\" rel=\"fe6dbe35b304349b09c5b716a3dd47e3\">\n\t\t\t\t<img\n\t\t\t\t\ttitle=\"OLYMPUS DIGITAL CAMERA\"\n\t\t\t\t\talt=\"OLYMPUS DIGITAL CAMERA\"\n\t\t\t\t\tsrc=\"https:\/\/fontenilles-vtt.fr\/wp\/wp-content\/gallery\/raid-du-lys-2010\/thumbs\/thumbs_004.jpg\"\n\t\t\t\t\twidth=\"100\"\n\t\t\t\t\theight=\"75\"\n\t\t\t\t\tstyle=\"max-width:100%;\"\n\t\t\t\t\/>\n\t\t\t<\/a>\n\t\t<\/div>\n\t\t\t\t\t\t\t<\/div> \n\t\t\t\n\t\t\t\t\t\t\t\t\t<br style=\"clear: both\" \/>\n\t\t\t\t\t\n\t\t\t\t<div id=\"ngg-image-4\" class=\"ngg-gallery-thumbnail-box\" \n\t\t\t\t\t\t\t\t\t\t\t>\n\t\t\t\t\t\t<div class=\"ngg-gallery-thumbnail\">\n\t\t\t<a href=\"https:\/\/fontenilles-vtt.fr\/wp\/wp-content\/gallery\/raid-du-lys-2010\/005.jpg\"\n\t\t\t\ttitle=\"\"\n\t\t\t\tdata-src=\"https:\/\/fontenilles-vtt.fr\/wp\/wp-content\/gallery\/raid-du-lys-2010\/005.jpg\"\n\t\t\t\tdata-thumbnail=\"https:\/\/fontenilles-vtt.fr\/wp\/wp-content\/gallery\/raid-du-lys-2010\/thumbs\/thumbs_005.jpg\"\n\t\t\t\tdata-image-id=\"667\"\n\t\t\t\tdata-title=\"OLYMPUS DIGITAL CAMERA\"\n\t\t\t\tdata-description=\"\"\n\t\t\t\tdata-image-slug=\"olympus-digital-camera-5\"\n\t\t\t\tclass=\"ngg-simplelightbox\" rel=\"fe6dbe35b304349b09c5b716a3dd47e3\">\n\t\t\t\t<img\n\t\t\t\t\ttitle=\"OLYMPUS DIGITAL CAMERA\"\n\t\t\t\t\talt=\"OLYMPUS DIGITAL CAMERA\"\n\t\t\t\t\tsrc=\"https:\/\/fontenilles-vtt.fr\/wp\/wp-content\/gallery\/raid-du-lys-2010\/thumbs\/thumbs_005.jpg\"\n\t\t\t\t\twidth=\"100\"\n\t\t\t\t\theight=\"75\"\n\t\t\t\t\tstyle=\"max-width:100%;\"\n\t\t\t\t\/>\n\t\t\t<\/a>\n\t\t<\/div>\n\t\t\t\t\t\t\t<\/div> \n\t\t\t\n\t\t\t\t\t\t\t\n\t\t\t\t<div id=\"ngg-image-5\" class=\"ngg-gallery-thumbnail-box\" \n\t\t\t\t\t\t\t\t\t\t\t>\n\t\t\t\t\t\t<div class=\"ngg-gallery-thumbnail\">\n\t\t\t<a href=\"https:\/\/fontenilles-vtt.fr\/wp\/wp-content\/gallery\/raid-du-lys-2010\/006.jpg\"\n\t\t\t\ttitle=\"\"\n\t\t\t\tdata-src=\"https:\/\/fontenilles-vtt.fr\/wp\/wp-content\/gallery\/raid-du-lys-2010\/006.jpg\"\n\t\t\t\tdata-thumbnail=\"https:\/\/fontenilles-vtt.fr\/wp\/wp-content\/gallery\/raid-du-lys-2010\/thumbs\/thumbs_006.jpg\"\n\t\t\t\tdata-image-id=\"668\"\n\t\t\t\tdata-title=\"OLYMPUS DIGITAL CAMERA\"\n\t\t\t\tdata-description=\"\"\n\t\t\t\tdata-image-slug=\"olympus-digital-camera-6\"\n\t\t\t\tclass=\"ngg-simplelightbox\" rel=\"fe6dbe35b304349b09c5b716a3dd47e3\">\n\t\t\t\t<img\n\t\t\t\t\ttitle=\"OLYMPUS DIGITAL CAMERA\"\n\t\t\t\t\talt=\"OLYMPUS DIGITAL CAMERA\"\n\t\t\t\t\tsrc=\"https:\/\/fontenilles-vtt.fr\/wp\/wp-content\/gallery\/raid-du-lys-2010\/thumbs\/thumbs_006.jpg\"\n\t\t\t\t\twidth=\"100\"\n\t\t\t\t\theight=\"75\"\n\t\t\t\t\tstyle=\"max-width:100%;\"\n\t\t\t\t\/>\n\t\t\t<\/a>\n\t\t<\/div>\n\t\t\t\t\t\t\t<\/div> \n\t\t\t\n\t\t\t\t\t\t\t\n\t\t\t\t<div id=\"ngg-image-6\" class=\"ngg-gallery-thumbnail-box\" \n\t\t\t\t\t\t\t\t\t\t\t>\n\t\t\t\t\t\t<div class=\"ngg-gallery-thumbnail\">\n\t\t\t<a href=\"https:\/\/fontenilles-vtt.fr\/wp\/wp-content\/gallery\/raid-du-lys-2010\/007.jpg\"\n\t\t\t\ttitle=\"\"\n\t\t\t\tdata-src=\"https:\/\/fontenilles-vtt.fr\/wp\/wp-content\/gallery\/raid-du-lys-2010\/007.jpg\"\n\t\t\t\tdata-thumbnail=\"https:\/\/fontenilles-vtt.fr\/wp\/wp-content\/gallery\/raid-du-lys-2010\/thumbs\/thumbs_007.jpg\"\n\t\t\t\tdata-image-id=\"669\"\n\t\t\t\tdata-title=\"OLYMPUS DIGITAL CAMERA\"\n\t\t\t\tdata-description=\"\"\n\t\t\t\tdata-image-slug=\"olympus-digital-camera-7\"\n\t\t\t\tclass=\"ngg-simplelightbox\" rel=\"fe6dbe35b304349b09c5b716a3dd47e3\">\n\t\t\t\t<img\n\t\t\t\t\ttitle=\"OLYMPUS DIGITAL CAMERA\"\n\t\t\t\t\talt=\"OLYMPUS DIGITAL CAMERA\"\n\t\t\t\t\tsrc=\"https:\/\/fontenilles-vtt.fr\/wp\/wp-content\/gallery\/raid-du-lys-2010\/thumbs\/thumbs_007.jpg\"\n\t\t\t\t\twidth=\"100\"\n\t\t\t\t\theight=\"75\"\n\t\t\t\t\tstyle=\"max-width:100%;\"\n\t\t\t\t\/>\n\t\t\t<\/a>\n\t\t<\/div>\n\t\t\t\t\t\t\t<\/div> \n\t\t\t\n\t\t\t\t\t\t\t\n\t\t\t\t<div id=\"ngg-image-7\" class=\"ngg-gallery-thumbnail-box\" \n\t\t\t\t\t\t\t\t\t\t\t>\n\t\t\t\t\t\t<div class=\"ngg-gallery-thumbnail\">\n\t\t\t<a href=\"https:\/\/fontenilles-vtt.fr\/wp\/wp-content\/gallery\/raid-du-lys-2010\/008.jpg\"\n\t\t\t\ttitle=\"\"\n\t\t\t\tdata-src=\"https:\/\/fontenilles-vtt.fr\/wp\/wp-content\/gallery\/raid-du-lys-2010\/008.jpg\"\n\t\t\t\tdata-thumbnail=\"https:\/\/fontenilles-vtt.fr\/wp\/wp-content\/gallery\/raid-du-lys-2010\/thumbs\/thumbs_008.jpg\"\n\t\t\t\tdata-image-id=\"670\"\n\t\t\t\tdata-title=\"OLYMPUS DIGITAL CAMERA\"\n\t\t\t\tdata-description=\"\"\n\t\t\t\tdata-image-slug=\"olympus-digital-camera-8\"\n\t\t\t\tclass=\"ngg-simplelightbox\" rel=\"fe6dbe35b304349b09c5b716a3dd47e3\">\n\t\t\t\t<img\n\t\t\t\t\ttitle=\"OLYMPUS DIGITAL CAMERA\"\n\t\t\t\t\talt=\"OLYMPUS DIGITAL CAMERA\"\n\t\t\t\t\tsrc=\"https:\/\/fontenilles-vtt.fr\/wp\/wp-content\/gallery\/raid-du-lys-2010\/thumbs\/thumbs_008.jpg\"\n\t\t\t\t\twidth=\"100\"\n\t\t\t\t\theight=\"75\"\n\t\t\t\t\tstyle=\"max-width:100%;\"\n\t\t\t\t\/>\n\t\t\t<\/a>\n\t\t<\/div>\n\t\t\t\t\t\t\t<\/div> \n\t\t\t\n\t\t\t\t\t\t\t\t\t<br style=\"clear: both\" \/>\n\t\t\t\t\t\n\t\t\t\t<div id=\"ngg-image-8\" class=\"ngg-gallery-thumbnail-box\" \n\t\t\t\t\t\t\t\t\t\t\t>\n\t\t\t\t\t\t<div class=\"ngg-gallery-thumbnail\">\n\t\t\t<a href=\"https:\/\/fontenilles-vtt.fr\/wp\/wp-content\/gallery\/raid-du-lys-2010\/009.jpg\"\n\t\t\t\ttitle=\"\"\n\t\t\t\tdata-src=\"https:\/\/fontenilles-vtt.fr\/wp\/wp-content\/gallery\/raid-du-lys-2010\/009.jpg\"\n\t\t\t\tdata-thumbnail=\"https:\/\/fontenilles-vtt.fr\/wp\/wp-content\/gallery\/raid-du-lys-2010\/thumbs\/thumbs_009.jpg\"\n\t\t\t\tdata-image-id=\"671\"\n\t\t\t\tdata-title=\"OLYMPUS DIGITAL CAMERA\"\n\t\t\t\tdata-description=\"\"\n\t\t\t\tdata-image-slug=\"olympus-digital-camera-9\"\n\t\t\t\tclass=\"ngg-simplelightbox\" rel=\"fe6dbe35b304349b09c5b716a3dd47e3\">\n\t\t\t\t<img\n\t\t\t\t\ttitle=\"OLYMPUS DIGITAL CAMERA\"\n\t\t\t\t\talt=\"OLYMPUS DIGITAL CAMERA\"\n\t\t\t\t\tsrc=\"https:\/\/fontenilles-vtt.fr\/wp\/wp-content\/gallery\/raid-du-lys-2010\/thumbs\/thumbs_009.jpg\"\n\t\t\t\t\twidth=\"100\"\n\t\t\t\t\theight=\"75\"\n\t\t\t\t\tstyle=\"max-width:100%;\"\n\t\t\t\t\/>\n\t\t\t<\/a>\n\t\t<\/div>\n\t\t\t\t\t\t\t<\/div> \n\t\t\t\n\t\t\t\t\t\t\t\n\t\t\t\t<div id=\"ngg-image-9\" class=\"ngg-gallery-thumbnail-box\" \n\t\t\t\t\t\t\t\t\t\t\t>\n\t\t\t\t\t\t<div class=\"ngg-gallery-thumbnail\">\n\t\t\t<a href=\"https:\/\/fontenilles-vtt.fr\/wp\/wp-content\/gallery\/raid-du-lys-2010\/010.jpg\"\n\t\t\t\ttitle=\"\"\n\t\t\t\tdata-src=\"https:\/\/fontenilles-vtt.fr\/wp\/wp-content\/gallery\/raid-du-lys-2010\/010.jpg\"\n\t\t\t\tdata-thumbnail=\"https:\/\/fontenilles-vtt.fr\/wp\/wp-content\/gallery\/raid-du-lys-2010\/thumbs\/thumbs_010.jpg\"\n\t\t\t\tdata-image-id=\"672\"\n\t\t\t\tdata-title=\"OLYMPUS DIGITAL CAMERA\"\n\t\t\t\tdata-description=\"\"\n\t\t\t\tdata-image-slug=\"olympus-digital-camera-10\"\n\t\t\t\tclass=\"ngg-simplelightbox\" rel=\"fe6dbe35b304349b09c5b716a3dd47e3\">\n\t\t\t\t<img\n\t\t\t\t\ttitle=\"OLYMPUS DIGITAL CAMERA\"\n\t\t\t\t\talt=\"OLYMPUS DIGITAL CAMERA\"\n\t\t\t\t\tsrc=\"https:\/\/fontenilles-vtt.fr\/wp\/wp-content\/gallery\/raid-du-lys-2010\/thumbs\/thumbs_010.jpg\"\n\t\t\t\t\twidth=\"100\"\n\t\t\t\t\theight=\"75\"\n\t\t\t\t\tstyle=\"max-width:100%;\"\n\t\t\t\t\/>\n\t\t\t<\/a>\n\t\t<\/div>\n\t\t\t\t\t\t\t<\/div> \n\t\t\t\n\t\t\t\t\t\t\t\n\t\t\t\t<div id=\"ngg-image-10\" class=\"ngg-gallery-thumbnail-box\" \n\t\t\t\t\t\t\t\t\t\t\t>\n\t\t\t\t\t\t<div class=\"ngg-gallery-thumbnail\">\n\t\t\t<a href=\"https:\/\/fontenilles-vtt.fr\/wp\/wp-content\/gallery\/raid-du-lys-2010\/012.jpg\"\n\t\t\t\ttitle=\"\"\n\t\t\t\tdata-src=\"https:\/\/fontenilles-vtt.fr\/wp\/wp-content\/gallery\/raid-du-lys-2010\/012.jpg\"\n\t\t\t\tdata-thumbnail=\"https:\/\/fontenilles-vtt.fr\/wp\/wp-content\/gallery\/raid-du-lys-2010\/thumbs\/thumbs_012.jpg\"\n\t\t\t\tdata-image-id=\"673\"\n\t\t\t\tdata-title=\"OLYMPUS DIGITAL CAMERA\"\n\t\t\t\tdata-description=\"\"\n\t\t\t\tdata-image-slug=\"olympus-digital-camera-11\"\n\t\t\t\tclass=\"ngg-simplelightbox\" rel=\"fe6dbe35b304349b09c5b716a3dd47e3\">\n\t\t\t\t<img\n\t\t\t\t\ttitle=\"OLYMPUS DIGITAL CAMERA\"\n\t\t\t\t\talt=\"OLYMPUS DIGITAL CAMERA\"\n\t\t\t\t\tsrc=\"https:\/\/fontenilles-vtt.fr\/wp\/wp-content\/gallery\/raid-du-lys-2010\/thumbs\/thumbs_012.jpg\"\n\t\t\t\t\twidth=\"100\"\n\t\t\t\t\theight=\"75\"\n\t\t\t\t\tstyle=\"max-width:100%;\"\n\t\t\t\t\/>\n\t\t\t<\/a>\n\t\t<\/div>\n\t\t\t\t\t\t\t<\/div> \n\t\t\t\n\t\t\t\t\t\t\t\n\t\t\n\t\t<div class=\"ngg-clear\"><\/div>\n\t<\/div>\n\n<p><strong>Mes photos:<\/strong><\/p>\n<p><a href=\"https:\/\/i0.wp.com\/fontenillesvtt.fr\/wp\/wp-content\/uploads\/2010\/09\/DSC00109.jpg\"><img data-recalc-dims=\"1\" loading=\"lazy\" decoding=\"async\" data-attachment-id=\"676\" data-permalink=\"https:\/\/fontenilles-vtt.fr\/wp\/?attachment_id=676\" data-orig-file=\"https:\/\/i0.wp.com\/fontenilles-vtt.fr\/wp\/wp-content\/uploads\/2010\/09\/DSC00109.jpg?fit=1024%2C768&amp;ssl=1\" data-orig-size=\"1024,768\" data-comments-opened=\"1\" data-image-meta=\"{&quot;aperture&quot;:&quot;3&quot;,&quot;credit&quot;:&quot;&quot;,&quot;camera&quot;:&quot;W910i&quot;,&quot;caption&quot;:&quot;&quot;,&quot;created_timestamp&quot;:&quot;1283064970&quot;,&quot;copyright&quot;:&quot;&quot;,&quot;focal_length&quot;:&quot;3.25&quot;,&quot;iso&quot;:&quot;100&quot;,&quot;shutter_speed&quot;:&quot;0.0008&quot;,&quot;title&quot;:&quot;&quot;}\" data-image-title=\"Le team club du 45km au d\u00e9part\" data-image-description=\"\" data-image-caption=\"\" data-medium-file=\"https:\/\/i0.wp.com\/fontenilles-vtt.fr\/wp\/wp-content\/uploads\/2010\/09\/DSC00109.jpg?fit=300%2C225&amp;ssl=1\" data-large-file=\"https:\/\/i0.wp.com\/fontenilles-vtt.fr\/wp\/wp-content\/uploads\/2010\/09\/DSC00109.jpg?fit=590%2C443&amp;ssl=1\" class=\"alignnone size-thumbnail wp-image-676\" title=\"Le team club du 45km au d\u00e9part\" src=\"https:\/\/i0.wp.com\/fontenillesvtt.fr\/wp\/wp-content\/uploads\/2010\/09\/DSC00109-150x120.jpg?resize=150%2C120\" alt=\"\" width=\"150\" height=\"120\" srcset=\"https:\/\/i0.wp.com\/fontenilles-vtt.fr\/wp\/wp-content\/uploads\/2010\/09\/DSC00109.jpg?resize=150%2C120&amp;ssl=1 150w, https:\/\/i0.wp.com\/fontenilles-vtt.fr\/wp\/wp-content\/uploads\/2010\/09\/DSC00109.jpg?zoom=2&amp;resize=150%2C120&amp;ssl=1 300w, https:\/\/i0.wp.com\/fontenilles-vtt.fr\/wp\/wp-content\/uploads\/2010\/09\/DSC00109.jpg?zoom=3&amp;resize=150%2C120&amp;ssl=1 450w\" sizes=\"(max-width: 150px) 100vw, 150px\" \/><\/a> <a href=\"https:\/\/i0.wp.com\/fontenillesvtt.fr\/wp\/wp-content\/uploads\/2010\/09\/DSC00107.jpg\"><img data-recalc-dims=\"1\" loading=\"lazy\" decoding=\"async\" data-attachment-id=\"677\" data-permalink=\"https:\/\/fontenilles-vtt.fr\/wp\/?attachment_id=677\" data-orig-file=\"https:\/\/i0.wp.com\/fontenilles-vtt.fr\/wp\/wp-content\/uploads\/2010\/09\/DSC00107.jpg?fit=1024%2C768&amp;ssl=1\" data-orig-size=\"1024,768\" data-comments-opened=\"1\" data-image-meta=\"{&quot;aperture&quot;:&quot;3&quot;,&quot;credit&quot;:&quot;&quot;,&quot;camera&quot;:&quot;W910i&quot;,&quot;caption&quot;:&quot;&quot;,&quot;created_timestamp&quot;:&quot;1283064584&quot;,&quot;copyright&quot;:&quot;&quot;,&quot;focal_length&quot;:&quot;3.25&quot;,&quot;iso&quot;:&quot;100&quot;,&quot;shutter_speed&quot;:&quot;0.0015625&quot;,&quot;title&quot;:&quot;&quot;}\" data-image-title=\"Mon Stumpjumper 2008 XL et celui 2010 M de Lionel\" data-image-description=\"\" data-image-caption=\"\" data-medium-file=\"https:\/\/i0.wp.com\/fontenilles-vtt.fr\/wp\/wp-content\/uploads\/2010\/09\/DSC00107.jpg?fit=300%2C225&amp;ssl=1\" data-large-file=\"https:\/\/i0.wp.com\/fontenilles-vtt.fr\/wp\/wp-content\/uploads\/2010\/09\/DSC00107.jpg?fit=590%2C443&amp;ssl=1\" class=\"alignnone size-thumbnail wp-image-677\" title=\"Mon Stumpjumper 2008 XL et celui 2010 M de Lionel\" src=\"https:\/\/i0.wp.com\/fontenillesvtt.fr\/wp\/wp-content\/uploads\/2010\/09\/DSC00107-150x120.jpg?resize=150%2C120\" alt=\"\" width=\"150\" height=\"120\" srcset=\"https:\/\/i0.wp.com\/fontenilles-vtt.fr\/wp\/wp-content\/uploads\/2010\/09\/DSC00107.jpg?resize=150%2C120&amp;ssl=1 150w, https:\/\/i0.wp.com\/fontenilles-vtt.fr\/wp\/wp-content\/uploads\/2010\/09\/DSC00107.jpg?zoom=2&amp;resize=150%2C120&amp;ssl=1 300w, https:\/\/i0.wp.com\/fontenilles-vtt.fr\/wp\/wp-content\/uploads\/2010\/09\/DSC00107.jpg?zoom=3&amp;resize=150%2C120&amp;ssl=1 450w\" sizes=\"(max-width: 150px) 100vw, 150px\" \/><\/a> <a href=\"https:\/\/i0.wp.com\/fontenillesvtt.fr\/wp\/wp-content\/uploads\/2010\/09\/DSC00110.jpg\"><img data-recalc-dims=\"1\" loading=\"lazy\" decoding=\"async\" data-attachment-id=\"678\" data-permalink=\"https:\/\/fontenilles-vtt.fr\/wp\/?attachment_id=678\" data-orig-file=\"https:\/\/i0.wp.com\/fontenilles-vtt.fr\/wp\/wp-content\/uploads\/2010\/09\/DSC00110.jpg?fit=1024%2C768&amp;ssl=1\" data-orig-size=\"1024,768\" data-comments-opened=\"1\" data-image-meta=\"{&quot;aperture&quot;:&quot;3&quot;,&quot;credit&quot;:&quot;&quot;,&quot;camera&quot;:&quot;W910i&quot;,&quot;caption&quot;:&quot;&quot;,&quot;created_timestamp&quot;:&quot;1283065474&quot;,&quot;copyright&quot;:&quot;&quot;,&quot;focal_length&quot;:&quot;3.25&quot;,&quot;iso&quot;:&quot;100&quot;,&quot;shutter_speed&quot;:&quot;0.001&quot;,&quot;title&quot;:&quot;&quot;}\" data-image-title=\"9h c&amp;rsquo;est le d\u00e9part \u00e7a bouchonne !\" data-image-description=\"\" data-image-caption=\"\" data-medium-file=\"https:\/\/i0.wp.com\/fontenilles-vtt.fr\/wp\/wp-content\/uploads\/2010\/09\/DSC00110.jpg?fit=300%2C225&amp;ssl=1\" data-large-file=\"https:\/\/i0.wp.com\/fontenilles-vtt.fr\/wp\/wp-content\/uploads\/2010\/09\/DSC00110.jpg?fit=590%2C443&amp;ssl=1\" class=\"alignnone size-thumbnail wp-image-678\" title=\"9h c'est le d\u00e9part \u00e7a bouchonne !\" src=\"https:\/\/i0.wp.com\/fontenillesvtt.fr\/wp\/wp-content\/uploads\/2010\/09\/DSC00110-150x120.jpg?resize=150%2C120\" alt=\"\" width=\"150\" height=\"120\" srcset=\"https:\/\/i0.wp.com\/fontenilles-vtt.fr\/wp\/wp-content\/uploads\/2010\/09\/DSC00110.jpg?resize=150%2C120&amp;ssl=1 150w, https:\/\/i0.wp.com\/fontenilles-vtt.fr\/wp\/wp-content\/uploads\/2010\/09\/DSC00110.jpg?zoom=2&amp;resize=150%2C120&amp;ssl=1 300w, https:\/\/i0.wp.com\/fontenilles-vtt.fr\/wp\/wp-content\/uploads\/2010\/09\/DSC00110.jpg?zoom=3&amp;resize=150%2C120&amp;ssl=1 450w\" sizes=\"(max-width: 150px) 100vw, 150px\" \/><\/a> <a href=\"https:\/\/i0.wp.com\/fontenillesvtt.fr\/wp\/wp-content\/uploads\/2010\/09\/DSC00112.jpg\"><img data-recalc-dims=\"1\" loading=\"lazy\" decoding=\"async\" data-attachment-id=\"679\" data-permalink=\"https:\/\/fontenilles-vtt.fr\/wp\/?attachment_id=679\" data-orig-file=\"https:\/\/i0.wp.com\/fontenilles-vtt.fr\/wp\/wp-content\/uploads\/2010\/09\/DSC00112.jpg?fit=1024%2C768&amp;ssl=1\" data-orig-size=\"1024,768\" data-comments-opened=\"1\" data-image-meta=\"{&quot;aperture&quot;:&quot;3&quot;,&quot;credit&quot;:&quot;&quot;,&quot;camera&quot;:&quot;W910i&quot;,&quot;caption&quot;:&quot;&quot;,&quot;created_timestamp&quot;:&quot;1283072809&quot;,&quot;copyright&quot;:&quot;&quot;,&quot;focal_length&quot;:&quot;3.25&quot;,&quot;iso&quot;:&quot;100&quot;,&quot;shutter_speed&quot;:&quot;0.00625&quot;,&quot;title&quot;:&quot;&quot;}\" data-image-title=\"Le ravito \u00e0 Saint-Thomas\" data-image-description=\"\" data-image-caption=\"\" data-medium-file=\"https:\/\/i0.wp.com\/fontenilles-vtt.fr\/wp\/wp-content\/uploads\/2010\/09\/DSC00112.jpg?fit=300%2C225&amp;ssl=1\" data-large-file=\"https:\/\/i0.wp.com\/fontenilles-vtt.fr\/wp\/wp-content\/uploads\/2010\/09\/DSC00112.jpg?fit=590%2C443&amp;ssl=1\" class=\"alignnone size-thumbnail wp-image-679\" title=\"Le ravito \u00e0 Saint-Thomas\" src=\"https:\/\/i0.wp.com\/fontenillesvtt.fr\/wp\/wp-content\/uploads\/2010\/09\/DSC00112-150x120.jpg?resize=150%2C120\" alt=\"\" width=\"150\" height=\"120\" srcset=\"https:\/\/i0.wp.com\/fontenilles-vtt.fr\/wp\/wp-content\/uploads\/2010\/09\/DSC00112.jpg?resize=150%2C120&amp;ssl=1 150w, https:\/\/i0.wp.com\/fontenilles-vtt.fr\/wp\/wp-content\/uploads\/2010\/09\/DSC00112.jpg?zoom=2&amp;resize=150%2C120&amp;ssl=1 300w, https:\/\/i0.wp.com\/fontenilles-vtt.fr\/wp\/wp-content\/uploads\/2010\/09\/DSC00112.jpg?zoom=3&amp;resize=150%2C120&amp;ssl=1 450w\" sizes=\"(max-width: 150px) 100vw, 150px\" \/><\/a><\/p>\n<p><a href=\"https:\/\/i0.wp.com\/fontenillesvtt.fr\/wp\/wp-content\/uploads\/2010\/09\/DSC00114.jpg\"><img data-recalc-dims=\"1\" loading=\"lazy\" decoding=\"async\" data-attachment-id=\"680\" data-permalink=\"https:\/\/fontenilles-vtt.fr\/wp\/?attachment_id=680\" data-orig-file=\"https:\/\/i0.wp.com\/fontenilles-vtt.fr\/wp\/wp-content\/uploads\/2010\/09\/DSC00114.jpg?fit=1024%2C768&amp;ssl=1\" data-orig-size=\"1024,768\" data-comments-opened=\"1\" data-image-meta=\"{&quot;aperture&quot;:&quot;3&quot;,&quot;credit&quot;:&quot;&quot;,&quot;camera&quot;:&quot;W910i&quot;,&quot;caption&quot;:&quot;&quot;,&quot;created_timestamp&quot;:&quot;1283076749&quot;,&quot;copyright&quot;:&quot;&quot;,&quot;focal_length&quot;:&quot;3.25&quot;,&quot;iso&quot;:&quot;100&quot;,&quot;shutter_speed&quot;:&quot;0.004&quot;,&quot;title&quot;:&quot;&quot;}\" data-image-title=\"Un mini-ravito 10km avant l&amp;rsquo;arriv\u00e9e \u00e7a fait du bien.\" data-image-description=\"\" data-image-caption=\"\" data-medium-file=\"https:\/\/i0.wp.com\/fontenilles-vtt.fr\/wp\/wp-content\/uploads\/2010\/09\/DSC00114.jpg?fit=300%2C225&amp;ssl=1\" data-large-file=\"https:\/\/i0.wp.com\/fontenilles-vtt.fr\/wp\/wp-content\/uploads\/2010\/09\/DSC00114.jpg?fit=590%2C443&amp;ssl=1\" class=\"alignnone size-thumbnail wp-image-680\" title=\"Un mini-ravito 10km avant l'arriv\u00e9e \u00e7a fait du bien.\" src=\"https:\/\/i0.wp.com\/fontenillesvtt.fr\/wp\/wp-content\/uploads\/2010\/09\/DSC00114-150x120.jpg?resize=150%2C120\" alt=\"\" width=\"150\" height=\"120\" srcset=\"https:\/\/i0.wp.com\/fontenilles-vtt.fr\/wp\/wp-content\/uploads\/2010\/09\/DSC00114.jpg?resize=150%2C120&amp;ssl=1 150w, https:\/\/i0.wp.com\/fontenilles-vtt.fr\/wp\/wp-content\/uploads\/2010\/09\/DSC00114.jpg?zoom=2&amp;resize=150%2C120&amp;ssl=1 300w, https:\/\/i0.wp.com\/fontenilles-vtt.fr\/wp\/wp-content\/uploads\/2010\/09\/DSC00114.jpg?zoom=3&amp;resize=150%2C120&amp;ssl=1 450w\" sizes=\"(max-width: 150px) 100vw, 150px\" \/><\/a> <a href=\"https:\/\/i0.wp.com\/fontenillesvtt.fr\/wp\/wp-content\/uploads\/2010\/09\/DSC00115.jpg\"><img data-recalc-dims=\"1\" loading=\"lazy\" decoding=\"async\" data-attachment-id=\"681\" data-permalink=\"https:\/\/fontenilles-vtt.fr\/wp\/?attachment_id=681\" data-orig-file=\"https:\/\/i0.wp.com\/fontenilles-vtt.fr\/wp\/wp-content\/uploads\/2010\/09\/DSC00115.jpg?fit=1024%2C768&amp;ssl=1\" data-orig-size=\"1024,768\" data-comments-opened=\"1\" data-image-meta=\"{&quot;aperture&quot;:&quot;3&quot;,&quot;credit&quot;:&quot;&quot;,&quot;camera&quot;:&quot;W910i&quot;,&quot;caption&quot;:&quot;&quot;,&quot;created_timestamp&quot;:&quot;1283080195&quot;,&quot;copyright&quot;:&quot;&quot;,&quot;focal_length&quot;:&quot;3.25&quot;,&quot;iso&quot;:&quot;100&quot;,&quot;shutter_speed&quot;:&quot;0.0025&quot;,&quot;title&quot;:&quot;&quot;}\" data-image-title=\"A l&amp;rsquo;arriv\u00e9e avec notre champion\" data-image-description=\"\" data-image-caption=\"\" data-medium-file=\"https:\/\/i0.wp.com\/fontenilles-vtt.fr\/wp\/wp-content\/uploads\/2010\/09\/DSC00115.jpg?fit=300%2C225&amp;ssl=1\" data-large-file=\"https:\/\/i0.wp.com\/fontenilles-vtt.fr\/wp\/wp-content\/uploads\/2010\/09\/DSC00115.jpg?fit=590%2C443&amp;ssl=1\" class=\"alignnone size-thumbnail wp-image-681\" title=\"A l'arriv\u00e9e avec notre champion\" src=\"https:\/\/i0.wp.com\/fontenillesvtt.fr\/wp\/wp-content\/uploads\/2010\/09\/DSC00115-150x120.jpg?resize=150%2C120\" alt=\"\" width=\"150\" height=\"120\" srcset=\"https:\/\/i0.wp.com\/fontenilles-vtt.fr\/wp\/wp-content\/uploads\/2010\/09\/DSC00115.jpg?resize=150%2C120&amp;ssl=1 150w, https:\/\/i0.wp.com\/fontenilles-vtt.fr\/wp\/wp-content\/uploads\/2010\/09\/DSC00115.jpg?zoom=2&amp;resize=150%2C120&amp;ssl=1 300w, https:\/\/i0.wp.com\/fontenilles-vtt.fr\/wp\/wp-content\/uploads\/2010\/09\/DSC00115.jpg?zoom=3&amp;resize=150%2C120&amp;ssl=1 450w\" sizes=\"(max-width: 150px) 100vw, 150px\" \/><\/a> <a href=\"https:\/\/i0.wp.com\/fontenillesvtt.fr\/wp\/wp-content\/uploads\/2010\/09\/DSC00116.jpg\"><img data-recalc-dims=\"1\" loading=\"lazy\" decoding=\"async\" data-attachment-id=\"682\" data-permalink=\"https:\/\/fontenilles-vtt.fr\/wp\/?attachment_id=682\" data-orig-file=\"https:\/\/i0.wp.com\/fontenilles-vtt.fr\/wp\/wp-content\/uploads\/2010\/09\/DSC00116.jpg?fit=768%2C1024&amp;ssl=1\" data-orig-size=\"768,1024\" data-comments-opened=\"1\" data-image-meta=\"{&quot;aperture&quot;:&quot;3&quot;,&quot;credit&quot;:&quot;&quot;,&quot;camera&quot;:&quot;W910i&quot;,&quot;caption&quot;:&quot;&quot;,&quot;created_timestamp&quot;:&quot;1283080211&quot;,&quot;copyright&quot;:&quot;&quot;,&quot;focal_length&quot;:&quot;3.25&quot;,&quot;iso&quot;:&quot;100&quot;,&quot;shutter_speed&quot;:&quot;0.00125&quot;,&quot;title&quot;:&quot;&quot;}\" data-image-title=\"Bravo J\u00e9rome\" data-image-description=\"\" data-image-caption=\"\" data-medium-file=\"https:\/\/i0.wp.com\/fontenilles-vtt.fr\/wp\/wp-content\/uploads\/2010\/09\/DSC00116.jpg?fit=180%2C240&amp;ssl=1\" data-large-file=\"https:\/\/i0.wp.com\/fontenilles-vtt.fr\/wp\/wp-content\/uploads\/2010\/09\/DSC00116.jpg?fit=576%2C768&amp;ssl=1\" class=\"alignnone size-thumbnail wp-image-682\" title=\"Bravo J\u00e9rome\" src=\"https:\/\/i0.wp.com\/fontenillesvtt.fr\/wp\/wp-content\/uploads\/2010\/09\/DSC00116-150x120.jpg?resize=150%2C120\" alt=\"\" width=\"150\" height=\"120\" srcset=\"https:\/\/i0.wp.com\/fontenilles-vtt.fr\/wp\/wp-content\/uploads\/2010\/09\/DSC00116.jpg?resize=150%2C120&amp;ssl=1 150w, https:\/\/i0.wp.com\/fontenilles-vtt.fr\/wp\/wp-content\/uploads\/2010\/09\/DSC00116.jpg?zoom=2&amp;resize=150%2C120&amp;ssl=1 300w, https:\/\/i0.wp.com\/fontenilles-vtt.fr\/wp\/wp-content\/uploads\/2010\/09\/DSC00116.jpg?zoom=3&amp;resize=150%2C120&amp;ssl=1 450w\" sizes=\"(max-width: 150px) 100vw, 150px\" \/><\/a><\/p>\n","protected":false},"excerpt":{"rendered":"<p>Rendez-vous est pris pour quelques un d&rsquo;entre nous pour participer en ce dimanche 29 aout au Raid du Lys \u00e0 Saint-Lys, je pars avec Philippe.P de Bonrepos \u00e0 8h destination&#8230; <\/p>\n<div class=\"read-more\"><a href=\"https:\/\/fontenilles-vtt.fr\/wp\/?p=672\">Lire la suite<\/a><\/div>\n","protected":false},"author":1,"featured_media":0,"comment_status":"open","ping_status":"closed","sticky":false,"template":"","format":"standard","meta":{"om_disable_all_campaigns":false,"_monsterinsights_skip_tracking":false,"_monsterinsights_sitenote_active":false,"_monsterinsights_sitenote_note":"","_monsterinsights_sitenote_category":0,"ngg_post_thumbnail":0,"jetpack_post_was_ever_published":false,"_jetpack_newsletter_access":"","_jetpack_dont_email_post_to_subs":false,"_jetpack_newsletter_tier_id":0,"_jetpack_memberships_contains_paywalled_content":false,"_jetpack_memberships_contains_paid_content":false,"footnotes":"","jetpack_publicize_message":"","jetpack_publicize_feature_enabled":true,"jetpack_social_post_already_shared":false,"jetpack_social_options":{"image_generator_settings":{"template":"highway","enabled":false},"version":2}},"categories":[4,36,3],"tags":[16,29,37],"jetpack_publicize_connections":[],"aioseo_notices":[],"jetpack_featured_media_url":"","jetpack_sharing_enabled":true,"jetpack_shortlink":"https:\/\/wp.me\/p9SYmx-aQ","jetpack-related-posts":[],"post_mailing_queue_ids":[],"_links":{"self":[{"href":"https:\/\/fontenilles-vtt.fr\/wp\/index.php?rest_route=\/wp\/v2\/posts\/672"}],"collection":[{"href":"https:\/\/fontenilles-vtt.fr\/wp\/index.php?rest_route=\/wp\/v2\/posts"}],"about":[{"href":"https:\/\/fontenilles-vtt.fr\/wp\/index.php?rest_route=\/wp\/v2\/types\/post"}],"author":[{"embeddable":true,"href":"https:\/\/fontenilles-vtt.fr\/wp\/index.php?rest_route=\/wp\/v2\/users\/1"}],"replies":[{"embeddable":true,"href":"https:\/\/fontenilles-vtt.fr\/wp\/index.php?rest_route=%2Fwp%2Fv2%2Fcomments&post=672"}],"version-history":[{"count":10,"href":"https:\/\/fontenilles-vtt.fr\/wp\/index.php?rest_route=\/wp\/v2\/posts\/672\/revisions"}],"predecessor-version":[{"id":684,"href":"https:\/\/fontenilles-vtt.fr\/wp\/index.php?rest_route=\/wp\/v2\/posts\/672\/revisions\/684"}],"wp:attachment":[{"href":"https:\/\/fontenilles-vtt.fr\/wp\/index.php?rest_route=%2Fwp%2Fv2%2Fmedia&parent=672"}],"wp:term":[{"taxonomy":"category","embeddable":true,"href":"https:\/\/fontenilles-vtt.fr\/wp\/index.php?rest_route=%2Fwp%2Fv2%2Fcategories&post=672"},{"taxonomy":"post_tag","embeddable":true,"href":"https:\/\/fontenilles-vtt.fr\/wp\/index.php?rest_route=%2Fwp%2Fv2%2Ftags&post=672"}],"curies":[{"name":"wp","href":"https:\/\/api.w.org\/{rel}","templated":true}]}}