{"id":726,"date":"2010-09-19T14:35:44","date_gmt":"2010-09-19T12:35:44","guid":{"rendered":"http:\/\/fontenillesvtt.fr\/wp\/?p=726"},"modified":"2010-09-19T14:36:55","modified_gmt":"2010-09-19T12:36:55","slug":"la-buissoniere-a-launaguet","status":"publish","type":"post","link":"https:\/\/fontenilles-vtt.fr\/wp\/?p=726","title":{"rendered":"La Buissoni\u00e8re \u00e0 Launaguet"},"content":{"rendered":"<p><a href=\"https:\/\/i0.wp.com\/fontenillesvtt.fr\/wp\/wp-content\/uploads\/2010\/09\/Launaguet2010.jpg\"><img data-recalc-dims=\"1\" loading=\"lazy\" decoding=\"async\" data-attachment-id=\"727\" data-permalink=\"https:\/\/fontenilles-vtt.fr\/wp\/?attachment_id=727\" data-orig-file=\"https:\/\/i0.wp.com\/fontenilles-vtt.fr\/wp\/wp-content\/uploads\/2010\/09\/Launaguet2010.jpg?fit=1024%2C300&amp;ssl=1\" data-orig-size=\"1024,300\" data-comments-opened=\"1\" data-image-meta=\"{&quot;aperture&quot;:&quot;0&quot;,&quot;credit&quot;:&quot;&quot;,&quot;camera&quot;:&quot;&quot;,&quot;caption&quot;:&quot;&quot;,&quot;created_timestamp&quot;:&quot;0&quot;,&quot;copyright&quot;:&quot;&quot;,&quot;focal_length&quot;:&quot;0&quot;,&quot;iso&quot;:&quot;0&quot;,&quot;shutter_speed&quot;:&quot;0&quot;,&quot;title&quot;:&quot;&quot;}\" data-image-title=\"Le team\" data-image-description=\"\" data-image-caption=\"\" data-medium-file=\"https:\/\/i0.wp.com\/fontenilles-vtt.fr\/wp\/wp-content\/uploads\/2010\/09\/Launaguet2010.jpg?fit=300%2C87&amp;ssl=1\" data-large-file=\"https:\/\/i0.wp.com\/fontenilles-vtt.fr\/wp\/wp-content\/uploads\/2010\/09\/Launaguet2010.jpg?fit=590%2C173&amp;ssl=1\" class=\"alignnone size-full wp-image-727\" title=\"Le team\" src=\"https:\/\/i0.wp.com\/fontenillesvtt.fr\/wp\/wp-content\/uploads\/2010\/09\/Launaguet2010.jpg?resize=590%2C173\" alt=\"\" width=\"590\" height=\"173\" srcset=\"https:\/\/i0.wp.com\/fontenilles-vtt.fr\/wp\/wp-content\/uploads\/2010\/09\/Launaguet2010.jpg?w=1024&amp;ssl=1 1024w, https:\/\/i0.wp.com\/fontenilles-vtt.fr\/wp\/wp-content\/uploads\/2010\/09\/Launaguet2010.jpg?resize=300%2C87&amp;ssl=1 300w\" sizes=\"(max-width: 590px) 100vw, 590px\" \/><\/a><\/p>\n<p>C&rsquo;est \u00e0 7h30 ce matin que J\u00e9r\u00f4me passe nous prendre Philippe et moi, direction Launaguet pour la rando VTT de La Buissoni\u00e8re. Nous arrivons vers 8h15 apr\u00e8s \u00eatre pass\u00e9 aux inscription, Yoyo arrive en v\u00e9lo de Toulouse nous prenons le d\u00e9part vers 8h37. Direction les premi\u00e8res cotes vers Saint Ceni\u00e8s Bellevue, et Yoyo qui nous quitte et part en \u00e9claireur, nous arrivons ensuite au ravito \u00e0 Montberon ou nous retrouvons Yoan. Ensuite nous attaquerons la section ludique dans le bois de Pechbonnieu avant de regagner Launaguet par les rives de l&rsquo;Hers. A l&rsquo;arriv\u00e9e (apr\u00e8s 41km et 2h36 de selle) une bonne saucisse grill\u00e9 accompagn\u00e9e d&rsquo;un ou deux planteurs c&rsquo;est original sous nos latitude et c&rsquo;est une premi\u00e8re. En r\u00e9sum\u00e9 une bonne rando sympa, bien organis\u00e9e par le club de Launaguet sous le soleil avec une fraicheur matinale \u00e0 9\u00b0c \u00e7a sent l&rsquo;automne qui approche. <a href=\"http:\/\/fontenillesvtt.fr\/wp\/?page_id=723\">(La trace ici) <\/a><\/p>\n<p><a href=\"https:\/\/i0.wp.com\/fontenillesvtt.fr\/wp\/wp-content\/uploads\/2010\/09\/DSC00129.jpg\"><img data-recalc-dims=\"1\" loading=\"lazy\" decoding=\"async\" data-attachment-id=\"730\" data-permalink=\"https:\/\/fontenilles-vtt.fr\/wp\/?attachment_id=730\" data-orig-file=\"https:\/\/i0.wp.com\/fontenilles-vtt.fr\/wp\/wp-content\/uploads\/2010\/09\/DSC00129.jpg?fit=1024%2C768&amp;ssl=1\" data-orig-size=\"1024,768\" data-comments-opened=\"1\" data-image-meta=\"{&quot;aperture&quot;:&quot;3&quot;,&quot;credit&quot;:&quot;&quot;,&quot;camera&quot;:&quot;W910i&quot;,&quot;caption&quot;:&quot;&quot;,&quot;created_timestamp&quot;:&quot;1284883475&quot;,&quot;copyright&quot;:&quot;&quot;,&quot;focal_length&quot;:&quot;3.25&quot;,&quot;iso&quot;:&quot;100&quot;,&quot;shutter_speed&quot;:&quot;0.008&quot;,&quot;title&quot;:&quot;&quot;}\" data-image-title=\"Le ravito\" data-image-description=\"\" data-image-caption=\"\" data-medium-file=\"https:\/\/i0.wp.com\/fontenilles-vtt.fr\/wp\/wp-content\/uploads\/2010\/09\/DSC00129.jpg?fit=300%2C225&amp;ssl=1\" data-large-file=\"https:\/\/i0.wp.com\/fontenilles-vtt.fr\/wp\/wp-content\/uploads\/2010\/09\/DSC00129.jpg?fit=590%2C443&amp;ssl=1\" class=\"alignnone size-thumbnail wp-image-730\" title=\"Le ravito\" src=\"https:\/\/i0.wp.com\/fontenillesvtt.fr\/wp\/wp-content\/uploads\/2010\/09\/DSC00129-150x120.jpg?resize=150%2C120\" alt=\"\" width=\"150\" height=\"120\" srcset=\"https:\/\/i0.wp.com\/fontenilles-vtt.fr\/wp\/wp-content\/uploads\/2010\/09\/DSC00129.jpg?resize=150%2C120&amp;ssl=1 150w, https:\/\/i0.wp.com\/fontenilles-vtt.fr\/wp\/wp-content\/uploads\/2010\/09\/DSC00129.jpg?zoom=2&amp;resize=150%2C120&amp;ssl=1 300w, https:\/\/i0.wp.com\/fontenilles-vtt.fr\/wp\/wp-content\/uploads\/2010\/09\/DSC00129.jpg?zoom=3&amp;resize=150%2C120&amp;ssl=1 450w\" sizes=\"(max-width: 150px) 100vw, 150px\" \/><\/a> <a href=\"https:\/\/i0.wp.com\/fontenillesvtt.fr\/wp\/wp-content\/uploads\/2010\/09\/DSC00131.jpg\"><img data-recalc-dims=\"1\" loading=\"lazy\" decoding=\"async\" data-attachment-id=\"731\" data-permalink=\"https:\/\/fontenilles-vtt.fr\/wp\/?attachment_id=731\" data-orig-file=\"https:\/\/i0.wp.com\/fontenilles-vtt.fr\/wp\/wp-content\/uploads\/2010\/09\/DSC00131.jpg?fit=1024%2C768&amp;ssl=1\" data-orig-size=\"1024,768\" data-comments-opened=\"1\" data-image-meta=\"{&quot;aperture&quot;:&quot;3&quot;,&quot;credit&quot;:&quot;&quot;,&quot;camera&quot;:&quot;W910i&quot;,&quot;caption&quot;:&quot;&quot;,&quot;created_timestamp&quot;:&quot;1284883611&quot;,&quot;copyright&quot;:&quot;&quot;,&quot;focal_length&quot;:&quot;3.25&quot;,&quot;iso&quot;:&quot;160&quot;,&quot;shutter_speed&quot;:&quot;0.01&quot;,&quot;title&quot;:&quot;&quot;}\" data-image-title=\"Les tables garnies\" data-image-description=\"\" data-image-caption=\"\" data-medium-file=\"https:\/\/i0.wp.com\/fontenilles-vtt.fr\/wp\/wp-content\/uploads\/2010\/09\/DSC00131.jpg?fit=300%2C225&amp;ssl=1\" data-large-file=\"https:\/\/i0.wp.com\/fontenilles-vtt.fr\/wp\/wp-content\/uploads\/2010\/09\/DSC00131.jpg?fit=590%2C443&amp;ssl=1\" class=\"alignnone size-thumbnail wp-image-731\" title=\"Les tables garnies\" src=\"https:\/\/i0.wp.com\/fontenillesvtt.fr\/wp\/wp-content\/uploads\/2010\/09\/DSC00131-150x120.jpg?resize=150%2C120\" alt=\"\" width=\"150\" height=\"120\" srcset=\"https:\/\/i0.wp.com\/fontenilles-vtt.fr\/wp\/wp-content\/uploads\/2010\/09\/DSC00131.jpg?resize=150%2C120&amp;ssl=1 150w, https:\/\/i0.wp.com\/fontenilles-vtt.fr\/wp\/wp-content\/uploads\/2010\/09\/DSC00131.jpg?zoom=2&amp;resize=150%2C120&amp;ssl=1 300w, https:\/\/i0.wp.com\/fontenilles-vtt.fr\/wp\/wp-content\/uploads\/2010\/09\/DSC00131.jpg?zoom=3&amp;resize=150%2C120&amp;ssl=1 450w\" sizes=\"(max-width: 150px) 100vw, 150px\" \/><\/a> <a href=\"https:\/\/i0.wp.com\/fontenillesvtt.fr\/wp\/wp-content\/uploads\/2010\/09\/DSC00132.jpg\"><img data-recalc-dims=\"1\" loading=\"lazy\" decoding=\"async\" data-attachment-id=\"732\" data-permalink=\"https:\/\/fontenilles-vtt.fr\/wp\/?attachment_id=732\" data-orig-file=\"https:\/\/i0.wp.com\/fontenilles-vtt.fr\/wp\/wp-content\/uploads\/2010\/09\/DSC00132.jpg?fit=1024%2C768&amp;ssl=1\" data-orig-size=\"1024,768\" data-comments-opened=\"1\" data-image-meta=\"{&quot;aperture&quot;:&quot;3&quot;,&quot;credit&quot;:&quot;&quot;,&quot;camera&quot;:&quot;W910i&quot;,&quot;caption&quot;:&quot;&quot;,&quot;created_timestamp&quot;:&quot;1284885220&quot;,&quot;copyright&quot;:&quot;&quot;,&quot;focal_length&quot;:&quot;3.25&quot;,&quot;iso&quot;:&quot;100&quot;,&quot;shutter_speed&quot;:&quot;0.002&quot;,&quot;title&quot;:&quot;&quot;}\" data-image-title=\"Philippe\" data-image-description=\"\" data-image-caption=\"\" data-medium-file=\"https:\/\/i0.wp.com\/fontenilles-vtt.fr\/wp\/wp-content\/uploads\/2010\/09\/DSC00132.jpg?fit=300%2C225&amp;ssl=1\" data-large-file=\"https:\/\/i0.wp.com\/fontenilles-vtt.fr\/wp\/wp-content\/uploads\/2010\/09\/DSC00132.jpg?fit=590%2C443&amp;ssl=1\" class=\"alignnone size-thumbnail wp-image-732\" title=\"Philippe\" src=\"https:\/\/i0.wp.com\/fontenillesvtt.fr\/wp\/wp-content\/uploads\/2010\/09\/DSC00132-150x120.jpg?resize=150%2C120\" alt=\"\" width=\"150\" height=\"120\" srcset=\"https:\/\/i0.wp.com\/fontenilles-vtt.fr\/wp\/wp-content\/uploads\/2010\/09\/DSC00132.jpg?resize=150%2C120&amp;ssl=1 150w, https:\/\/i0.wp.com\/fontenilles-vtt.fr\/wp\/wp-content\/uploads\/2010\/09\/DSC00132.jpg?zoom=2&amp;resize=150%2C120&amp;ssl=1 300w, https:\/\/i0.wp.com\/fontenilles-vtt.fr\/wp\/wp-content\/uploads\/2010\/09\/DSC00132.jpg?zoom=3&amp;resize=150%2C120&amp;ssl=1 450w\" sizes=\"(max-width: 150px) 100vw, 150px\" \/><\/a> <a href=\"https:\/\/i0.wp.com\/fontenillesvtt.fr\/wp\/wp-content\/uploads\/2010\/09\/DSC00133.jpg\"><img data-recalc-dims=\"1\" loading=\"lazy\" decoding=\"async\" data-attachment-id=\"733\" data-permalink=\"https:\/\/fontenilles-vtt.fr\/wp\/?attachment_id=733\" data-orig-file=\"https:\/\/i0.wp.com\/fontenilles-vtt.fr\/wp\/wp-content\/uploads\/2010\/09\/DSC00133.jpg?fit=1024%2C768&amp;ssl=1\" data-orig-size=\"1024,768\" data-comments-opened=\"1\" data-image-meta=\"{&quot;aperture&quot;:&quot;3&quot;,&quot;credit&quot;:&quot;&quot;,&quot;camera&quot;:&quot;W910i&quot;,&quot;caption&quot;:&quot;&quot;,&quot;created_timestamp&quot;:&quot;1284885230&quot;,&quot;copyright&quot;:&quot;&quot;,&quot;focal_length&quot;:&quot;3.25&quot;,&quot;iso&quot;:&quot;100&quot;,&quot;shutter_speed&quot;:&quot;0.0025&quot;,&quot;title&quot;:&quot;&quot;}\" data-image-title=\"J\u00e9rome\" data-image-description=\"\" data-image-caption=\"\" data-medium-file=\"https:\/\/i0.wp.com\/fontenilles-vtt.fr\/wp\/wp-content\/uploads\/2010\/09\/DSC00133.jpg?fit=300%2C225&amp;ssl=1\" data-large-file=\"https:\/\/i0.wp.com\/fontenilles-vtt.fr\/wp\/wp-content\/uploads\/2010\/09\/DSC00133.jpg?fit=590%2C443&amp;ssl=1\" class=\"alignnone size-thumbnail wp-image-733\" title=\"J\u00e9rome\" src=\"https:\/\/i0.wp.com\/fontenillesvtt.fr\/wp\/wp-content\/uploads\/2010\/09\/DSC00133-150x120.jpg?resize=150%2C120\" alt=\"\" width=\"150\" height=\"120\" srcset=\"https:\/\/i0.wp.com\/fontenilles-vtt.fr\/wp\/wp-content\/uploads\/2010\/09\/DSC00133.jpg?resize=150%2C120&amp;ssl=1 150w, https:\/\/i0.wp.com\/fontenilles-vtt.fr\/wp\/wp-content\/uploads\/2010\/09\/DSC00133.jpg?zoom=2&amp;resize=150%2C120&amp;ssl=1 300w, https:\/\/i0.wp.com\/fontenilles-vtt.fr\/wp\/wp-content\/uploads\/2010\/09\/DSC00133.jpg?zoom=3&amp;resize=150%2C120&amp;ssl=1 450w\" sizes=\"(max-width: 150px) 100vw, 150px\" \/><\/a><\/p>\n","protected":false},"excerpt":{"rendered":"<p>C&rsquo;est \u00e0 7h30 ce matin que J\u00e9r\u00f4me passe nous prendre Philippe et moi, direction Launaguet pour la rando VTT de La Buissoni\u00e8re. Nous arrivons vers 8h15 apr\u00e8s \u00eatre pass\u00e9 aux&#8230; <\/p>\n<div class=\"read-more\"><a href=\"https:\/\/fontenilles-vtt.fr\/wp\/?p=726\">Lire la suite<\/a><\/div>\n","protected":false},"author":1,"featured_media":0,"comment_status":"open","ping_status":"closed","sticky":false,"template":"","format":"standard","meta":{"om_disable_all_campaigns":false,"_monsterinsights_skip_tracking":false,"_monsterinsights_sitenote_active":false,"_monsterinsights_sitenote_note":"","_monsterinsights_sitenote_category":0,"ngg_post_thumbnail":0,"jetpack_post_was_ever_published":false,"_jetpack_newsletter_access":"","_jetpack_dont_email_post_to_subs":false,"_jetpack_newsletter_tier_id":0,"_jetpack_memberships_contains_paywalled_content":false,"_jetpack_memberships_contains_paid_content":false,"footnotes":"","jetpack_publicize_message":"","jetpack_publicize_feature_enabled":true,"jetpack_social_post_already_shared":false,"jetpack_social_options":{"image_generator_settings":{"template":"highway","enabled":false},"version":2}},"categories":[4,36,3],"tags":[],"jetpack_publicize_connections":[],"aioseo_notices":[],"jetpack_featured_media_url":"","jetpack_sharing_enabled":true,"jetpack_shortlink":"https:\/\/wp.me\/p9SYmx-bI","jetpack-related-posts":[],"post_mailing_queue_ids":[],"_links":{"self":[{"href":"https:\/\/fontenilles-vtt.fr\/wp\/index.php?rest_route=\/wp\/v2\/posts\/726"}],"collection":[{"href":"https:\/\/fontenilles-vtt.fr\/wp\/index.php?rest_route=\/wp\/v2\/posts"}],"about":[{"href":"https:\/\/fontenilles-vtt.fr\/wp\/index.php?rest_route=\/wp\/v2\/types\/post"}],"author":[{"embeddable":true,"href":"https:\/\/fontenilles-vtt.fr\/wp\/index.php?rest_route=\/wp\/v2\/users\/1"}],"replies":[{"embeddable":true,"href":"https:\/\/fontenilles-vtt.fr\/wp\/index.php?rest_route=%2Fwp%2Fv2%2Fcomments&post=726"}],"version-history":[{"count":4,"href":"https:\/\/fontenilles-vtt.fr\/wp\/index.php?rest_route=\/wp\/v2\/posts\/726\/revisions"}],"predecessor-version":[{"id":735,"href":"https:\/\/fontenilles-vtt.fr\/wp\/index.php?rest_route=\/wp\/v2\/posts\/726\/revisions\/735"}],"wp:attachment":[{"href":"https:\/\/fontenilles-vtt.fr\/wp\/index.php?rest_route=%2Fwp%2Fv2%2Fmedia&parent=726"}],"wp:term":[{"taxonomy":"category","embeddable":true,"href":"https:\/\/fontenilles-vtt.fr\/wp\/index.php?rest_route=%2Fwp%2Fv2%2Fcategories&post=726"},{"taxonomy":"post_tag","embeddable":true,"href":"https:\/\/fontenilles-vtt.fr\/wp\/index.php?rest_route=%2Fwp%2Fv2%2Ftags&post=726"}],"curies":[{"name":"wp","href":"https:\/\/api.w.org\/{rel}","templated":true}]}}