{"id":749,"date":"2010-09-29T07:14:40","date_gmt":"2010-09-29T05:14:40","guid":{"rendered":"http:\/\/fontenillesvtt.fr\/wp\/?p=749"},"modified":"2010-09-29T07:19:25","modified_gmt":"2010-09-29T05:19:25","slug":"sorties-du-dimanche-26-septembre","status":"publish","type":"post","link":"https:\/\/fontenilles-vtt.fr\/wp\/?p=749","title":{"rendered":"Sorties du dimanche 26 septembre"},"content":{"rendered":"<p><a href=\"https:\/\/i0.wp.com\/fontenillesvtt.fr\/wp\/wp-content\/uploads\/2010\/09\/Eaunes.jpg\"><img data-recalc-dims=\"1\" loading=\"lazy\" decoding=\"async\" data-attachment-id=\"750\" data-permalink=\"https:\/\/fontenilles-vtt.fr\/wp\/?attachment_id=750\" data-orig-file=\"https:\/\/i0.wp.com\/fontenilles-vtt.fr\/wp\/wp-content\/uploads\/2010\/09\/Eaunes.jpg?fit=1024%2C330&amp;ssl=1\" data-orig-size=\"1024,330\" data-comments-opened=\"1\" data-image-meta=\"{&quot;aperture&quot;:&quot;0&quot;,&quot;credit&quot;:&quot;&quot;,&quot;camera&quot;:&quot;&quot;,&quot;caption&quot;:&quot;&quot;,&quot;created_timestamp&quot;:&quot;0&quot;,&quot;copyright&quot;:&quot;&quot;,&quot;focal_length&quot;:&quot;0&quot;,&quot;iso&quot;:&quot;0&quot;,&quot;shutter_speed&quot;:&quot;0&quot;,&quot;title&quot;:&quot;&quot;}\" data-image-title=\"Eaunes\" data-image-description=\"\" data-image-caption=\"\" data-medium-file=\"https:\/\/i0.wp.com\/fontenilles-vtt.fr\/wp\/wp-content\/uploads\/2010\/09\/Eaunes.jpg?fit=300%2C96&amp;ssl=1\" data-large-file=\"https:\/\/i0.wp.com\/fontenilles-vtt.fr\/wp\/wp-content\/uploads\/2010\/09\/Eaunes.jpg?fit=590%2C190&amp;ssl=1\" class=\"alignnone size-full wp-image-750\" title=\"Eaunes\" src=\"https:\/\/i0.wp.com\/fontenillesvtt.fr\/wp\/wp-content\/uploads\/2010\/09\/Eaunes.jpg?resize=590%2C190\" alt=\"\" width=\"590\" height=\"190\" srcset=\"https:\/\/i0.wp.com\/fontenilles-vtt.fr\/wp\/wp-content\/uploads\/2010\/09\/Eaunes.jpg?w=1024&amp;ssl=1 1024w, https:\/\/i0.wp.com\/fontenilles-vtt.fr\/wp\/wp-content\/uploads\/2010\/09\/Eaunes.jpg?resize=300%2C96&amp;ssl=1 300w\" sizes=\"(max-width: 590px) 100vw, 590px\" \/><\/a><\/p>\n<p style=\"text-align: justify;\">Belle Rand&rsquo;Eaunoise de mon cot\u00e9, un parcours sympa en premi\u00e8re partie proche de La Garonne puis dans la for\u00eat d&rsquo;Eaunes. <a href=\"http:\/\/fontenillesvtt.fr\/wp\/?page_id=743\">La trace est ici<\/a><\/p>\n<p style=\"text-align: justify;\"><strong>Mes coll\u00e8gues ont eux roul\u00e9 vers Sainte Foy avec un rdv donn\u00e9 par GG au transformateur du village, voici leur r\u00e9cit:<\/strong><\/p>\n<p style=\"text-align: justify;\">C&rsquo;est \u00e0 l&rsquo;aube de ce jour que votre serviteur re\u00e7oit un SMS et un \u00e9mail l&rsquo;informant de l&rsquo;\u00e9tat du v\u00e9lo de GG et de son impossibilit\u00e9 \u00e0 se joindre \u00e0 nous. Joint \u00e0 l&rsquo;\u00e9mail, une trace aussit\u00f4t charg\u00e9e sur le GPS. Petit passage chez Rami (merci pour le th\u00e9 fumant!) et arriv\u00e9e \u00e0 Ste Foy \u00e0 la recherche du transformateur sousnomm\u00e9. Mais point de transfo \u00e0 l&rsquo;horizon &#8230; appel de Lionel qui tourne aussi \u00e0 la recherche du transfo. On d\u00e9cide de se retrouver devant l&rsquo;\u00e9glise (trop simple comme rencard pour notre Prez-osy!), o\u00f9 nous retrouvons J\u00e9r\u00f4me.<br \/>\nBref, parmi les 4, nous \u00e9tions 3 \u00e0 avoir jet\u00e9 notre d\u00e9volu sur Eaunes, pour finir par choisir Ste Foy pour y retrouver notre Prez-osy ou plut\u00f4t Pres-au lit!\u00a0 Seul \u00e9v\u00e8nement marquant: le diction du club (\u00ab\u00a0v\u00e9lo pas arros\u00e9, gamelle assur\u00e9e\u00a0\u00bb) s&rsquo;est r\u00e9v\u00e9l\u00e9 exact une fois de plus, avec un magnifique soleil de Lionel. Il sait ce qu&rsquo;il lui reste \u00e0 faire, ne manquez pas la prochaine sortie!!<br \/>\nDe retour peu avant midi \u00e0 l&rsquo;\u00e9glise, apr\u00e8s 32 kms (sauf pour J\u00e9r\u00f4me qui \u00e9tait reparti direct vers St lys), nous nous trouvons n\u00e9 \u00e0 n\u00e9 avec&#8230; le transfo, bien cach\u00e9 de l&rsquo;autre c\u00f4t\u00e9 de la route, face \u00e0 l&rsquo;\u00e9glise&#8230;<\/p>\n<p style=\"text-align: justify;\">Sign\u00e9: DDP<\/p>\n","protected":false},"excerpt":{"rendered":"<p>Belle Rand&rsquo;Eaunoise de mon cot\u00e9, un parcours sympa en premi\u00e8re partie proche de La Garonne puis dans la for\u00eat d&rsquo;Eaunes. La trace est ici Mes coll\u00e8gues ont eux roul\u00e9 vers&#8230; <\/p>\n<div class=\"read-more\"><a href=\"https:\/\/fontenilles-vtt.fr\/wp\/?p=749\">Lire la suite<\/a><\/div>\n","protected":false},"author":1,"featured_media":0,"comment_status":"open","ping_status":"closed","sticky":false,"template":"","format":"standard","meta":{"om_disable_all_campaigns":false,"_monsterinsights_skip_tracking":false,"_monsterinsights_sitenote_active":false,"_monsterinsights_sitenote_note":"","_monsterinsights_sitenote_category":0,"ngg_post_thumbnail":0,"jetpack_post_was_ever_published":false,"_jetpack_newsletter_access":"","_jetpack_dont_email_post_to_subs":false,"_jetpack_newsletter_tier_id":0,"_jetpack_memberships_contains_paywalled_content":false,"_jetpack_memberships_contains_paid_content":false,"footnotes":"","jetpack_publicize_message":"","jetpack_publicize_feature_enabled":true,"jetpack_social_post_already_shared":false,"jetpack_social_options":{"image_generator_settings":{"template":"highway","enabled":false},"version":2}},"categories":[4,36,3],"tags":[],"jetpack_publicize_connections":[],"aioseo_notices":[],"jetpack_featured_media_url":"","jetpack_sharing_enabled":true,"jetpack_shortlink":"https:\/\/wp.me\/p9SYmx-c5","jetpack-related-posts":[],"post_mailing_queue_ids":[],"_links":{"self":[{"href":"https:\/\/fontenilles-vtt.fr\/wp\/index.php?rest_route=\/wp\/v2\/posts\/749"}],"collection":[{"href":"https:\/\/fontenilles-vtt.fr\/wp\/index.php?rest_route=\/wp\/v2\/posts"}],"about":[{"href":"https:\/\/fontenilles-vtt.fr\/wp\/index.php?rest_route=\/wp\/v2\/types\/post"}],"author":[{"embeddable":true,"href":"https:\/\/fontenilles-vtt.fr\/wp\/index.php?rest_route=\/wp\/v2\/users\/1"}],"replies":[{"embeddable":true,"href":"https:\/\/fontenilles-vtt.fr\/wp\/index.php?rest_route=%2Fwp%2Fv2%2Fcomments&post=749"}],"version-history":[{"count":6,"href":"https:\/\/fontenilles-vtt.fr\/wp\/index.php?rest_route=\/wp\/v2\/posts\/749\/revisions"}],"predecessor-version":[{"id":752,"href":"https:\/\/fontenilles-vtt.fr\/wp\/index.php?rest_route=\/wp\/v2\/posts\/749\/revisions\/752"}],"wp:attachment":[{"href":"https:\/\/fontenilles-vtt.fr\/wp\/index.php?rest_route=%2Fwp%2Fv2%2Fmedia&parent=749"}],"wp:term":[{"taxonomy":"category","embeddable":true,"href":"https:\/\/fontenilles-vtt.fr\/wp\/index.php?rest_route=%2Fwp%2Fv2%2Fcategories&post=749"},{"taxonomy":"post_tag","embeddable":true,"href":"https:\/\/fontenilles-vtt.fr\/wp\/index.php?rest_route=%2Fwp%2Fv2%2Ftags&post=749"}],"curies":[{"name":"wp","href":"https:\/\/api.w.org\/{rel}","templated":true}]}}