{"id":795,"date":"2010-12-10T18:06:08","date_gmt":"2010-12-10T17:06:08","guid":{"rendered":"http:\/\/fontenillesvtt.fr\/wp\/?p=795"},"modified":"2010-12-13T10:58:42","modified_gmt":"2010-12-13T09:58:42","slug":"cr-des-sorties-des-6-et-13-novembre","status":"publish","type":"post","link":"https:\/\/fontenilles-vtt.fr\/wp\/?p=795","title":{"rendered":"CR des sorties des 6 et 13 novembre"},"content":{"rendered":"<p><span style=\"text-decoration: underline;\">Le 6 novembre<br \/>\n<\/span>Participants: Fred, Pascal (welcome!), Guillaume (le Breton, pas l&rsquo;ami des abeilles, welcome back!), Philippe, et ddp.<br \/>\nD\u00e9part \u00e0 9H20, apr\u00e8s avoir attendu vainement ceux qui s&rsquo;\u00e9taient annonc\u00e9s (je ne les d\u00e9noncerai pas, ce n&rsquo;est pas n\u00e9cessaire, les emails sont dans votre bo\u00eete&#8230;)<br \/>\nTrajet: D\u00e9part du stade \u00e0 Fontenilles, Lias, Aurad\u00e9, L&rsquo;Isle Jourdain, vall\u00e9e de la Save et retour par Pujaudran et Lias<br \/>\nDistance:45 kms<br \/>\nD+:620m?<\/p>\n<p>Un beau circuit avec des parties inconnues pour moi du c\u00f4t\u00e9 d&rsquo;Aurad\u00e9, et une vall\u00e9e de la Save d\u00e9j\u00e0 assez boueuse!<\/p>\n<p><span style=\"text-decoration: underline;\">Le 13 novembre<\/span><br \/>\nParticipants: Fred, J\u00e9r\u00f4me, Philippe et votre serviteur<br \/>\nTrajet: D\u00e9part du Lyc\u00e9e de Muret, sentier longeant la Garonne vers l&rsquo;amont, puis attaque des coteaux et double boucle du c\u00f4t\u00e9 de la for\u00eat d&rsquo;Eaunes.<br \/>\nDistance: 33 kms<br \/>\nD+: 700m<\/p>\n<p>Tr\u00e8s belle sortie sous le soleil avec vues magnifiques sur la vall\u00e9e de la Garonne et sur les Pyr\u00e9n\u00e9es (avec table d&rsquo;orientation). Quelques chutes piquantes et\/ou stupides&#8230; et quelques bruits -crac- r\u00e9currents &#8211; crac crac&#8230;<\/p>\n<p>Merci \u00e0 Fred de nous avoir guid\u00e9 pour ces deux sorties &#8230; mais pourquoi veut-il toujours bisser les c\u00f4tes les plus fortes \ud83d\ude09 ?<\/p>\n<p>DDP<\/p>\n","protected":false},"excerpt":{"rendered":"<p>Le 6 novembre Participants: Fred, Pascal (welcome!), Guillaume (le Breton, pas l&rsquo;ami des abeilles, welcome back!), Philippe, et ddp. D\u00e9part \u00e0 9H20, apr\u00e8s avoir attendu vainement ceux qui s&rsquo;\u00e9taient annonc\u00e9s&#8230; <\/p>\n<div class=\"read-more\"><a href=\"https:\/\/fontenilles-vtt.fr\/wp\/?p=795\">Lire la suite<\/a><\/div>\n","protected":false},"author":1,"featured_media":0,"comment_status":"open","ping_status":"closed","sticky":false,"template":"","format":"standard","meta":{"om_disable_all_campaigns":false,"_monsterinsights_skip_tracking":false,"_monsterinsights_sitenote_active":false,"_monsterinsights_sitenote_note":"","_monsterinsights_sitenote_category":0,"ngg_post_thumbnail":0,"jetpack_post_was_ever_published":false,"_jetpack_newsletter_access":"","_jetpack_dont_email_post_to_subs":false,"_jetpack_newsletter_tier_id":0,"_jetpack_memberships_contains_paywalled_content":false,"_jetpack_memberships_contains_paid_content":false,"footnotes":"","jetpack_publicize_message":"","jetpack_publicize_feature_enabled":true,"jetpack_social_post_already_shared":false,"jetpack_social_options":{"image_generator_settings":{"template":"highway","enabled":false},"version":2}},"categories":[3],"tags":[],"jetpack_publicize_connections":[],"aioseo_notices":[],"jetpack_featured_media_url":"","jetpack_sharing_enabled":true,"jetpack_shortlink":"https:\/\/wp.me\/p9SYmx-cP","jetpack-related-posts":[],"post_mailing_queue_ids":[],"_links":{"self":[{"href":"https:\/\/fontenilles-vtt.fr\/wp\/index.php?rest_route=\/wp\/v2\/posts\/795"}],"collection":[{"href":"https:\/\/fontenilles-vtt.fr\/wp\/index.php?rest_route=\/wp\/v2\/posts"}],"about":[{"href":"https:\/\/fontenilles-vtt.fr\/wp\/index.php?rest_route=\/wp\/v2\/types\/post"}],"author":[{"embeddable":true,"href":"https:\/\/fontenilles-vtt.fr\/wp\/index.php?rest_route=\/wp\/v2\/users\/1"}],"replies":[{"embeddable":true,"href":"https:\/\/fontenilles-vtt.fr\/wp\/index.php?rest_route=%2Fwp%2Fv2%2Fcomments&post=795"}],"version-history":[{"count":5,"href":"https:\/\/fontenilles-vtt.fr\/wp\/index.php?rest_route=\/wp\/v2\/posts\/795\/revisions"}],"predecessor-version":[{"id":799,"href":"https:\/\/fontenilles-vtt.fr\/wp\/index.php?rest_route=\/wp\/v2\/posts\/795\/revisions\/799"}],"wp:attachment":[{"href":"https:\/\/fontenilles-vtt.fr\/wp\/index.php?rest_route=%2Fwp%2Fv2%2Fmedia&parent=795"}],"wp:term":[{"taxonomy":"category","embeddable":true,"href":"https:\/\/fontenilles-vtt.fr\/wp\/index.php?rest_route=%2Fwp%2Fv2%2Fcategories&post=795"},{"taxonomy":"post_tag","embeddable":true,"href":"https:\/\/fontenilles-vtt.fr\/wp\/index.php?rest_route=%2Fwp%2Fv2%2Ftags&post=795"}],"curies":[{"name":"wp","href":"https:\/\/api.w.org\/{rel}","templated":true}]}}