{"id":801,"date":"2010-12-09T19:01:20","date_gmt":"2010-12-09T18:01:20","guid":{"rendered":"http:\/\/fontenillesvtt.fr\/wp\/?p=801"},"modified":"2010-12-09T19:01:20","modified_gmt":"2010-12-09T18:01:20","slug":"sortie-gersoise-du-17-octobre","status":"publish","type":"post","link":"https:\/\/fontenilles-vtt.fr\/wp\/?p=801","title":{"rendered":"Sortie Gersoise du 17 octobre"},"content":{"rendered":"<p>Nous \u00e9tions 7 au d\u00e9part \u00e0 L&rsquo;Isle-Jourdain dimanche: GG, Rami, Lionel, Guillaume, Fred, Philippe et ddp.<\/p>\n<p><img data-recalc-dims=\"1\" loading=\"lazy\" decoding=\"async\" title=\"Joli groupe\" src=\"https:\/\/i0.wp.com\/fontenillesvtt.fr\/wp\/wp-content\/gallery\/sorties-classiques-2010\/azet-002.jpg?resize=538%2C403\" alt=\"Joli groupe\" width=\"538\" height=\"403\" \/><\/p>\n<p>Au menu: 35 kms et 620m D+, de L&rsquo;Isle au Castera avec retour le long de la Save.<\/p>\n<p>Une jolie promenade, sur un terrain sec et agr\u00e9able.<br \/>\nEncore un beau moment d&rsquo;amiti\u00e9 et de v\u00e9lo parmi les collines gersoises.<\/p>\n<p>Ci-joint les photos \u00e0 la pause.<\/p>\n<p><img data-recalc-dims=\"1\" loading=\"lazy\" decoding=\"async\" title=\"Bel Orange\" src=\"https:\/\/i0.wp.com\/fontenillesvtt.fr\/wp\/wp-content\/gallery\/sorties-classiques-2010\/azet-006.jpg?resize=512%2C384\" alt=\"Bel Orange\" width=\"512\" height=\"384\" \/><img data-recalc-dims=\"1\" loading=\"lazy\" decoding=\"async\" title=\"Avec DDP\" src=\"https:\/\/i0.wp.com\/fontenillesvtt.fr\/wp\/wp-content\/gallery\/sorties-classiques-2010\/azet-005.jpg?resize=512%2C384\" alt=\"sans DDp la terre est d\u00e9peupl\u00e9e\" width=\"512\" height=\"384\" \/><\/p>\n<p>DDP<\/p>\n","protected":false},"excerpt":{"rendered":"<p>Nous \u00e9tions 7 au d\u00e9part \u00e0 L&rsquo;Isle-Jourdain dimanche: GG, Rami, Lionel, Guillaume, Fred, Philippe et ddp. Au menu: 35 kms et 620m D+, de L&rsquo;Isle au Castera avec retour le&#8230; <\/p>\n<div class=\"read-more\"><a href=\"https:\/\/fontenilles-vtt.fr\/wp\/?p=801\">Lire la suite<\/a><\/div>\n","protected":false},"author":1,"featured_media":0,"comment_status":"open","ping_status":"closed","sticky":false,"template":"","format":"standard","meta":{"om_disable_all_campaigns":false,"_monsterinsights_skip_tracking":false,"_monsterinsights_sitenote_active":false,"_monsterinsights_sitenote_note":"","_monsterinsights_sitenote_category":0,"ngg_post_thumbnail":0,"jetpack_post_was_ever_published":false,"_jetpack_newsletter_access":"","_jetpack_dont_email_post_to_subs":false,"_jetpack_newsletter_tier_id":0,"_jetpack_memberships_contains_paywalled_content":false,"_jetpack_memberships_contains_paid_content":false,"footnotes":"","jetpack_publicize_message":"","jetpack_publicize_feature_enabled":true,"jetpack_social_post_already_shared":false,"jetpack_social_options":{"image_generator_settings":{"template":"highway","enabled":false},"version":2}},"categories":[3],"tags":[],"jetpack_publicize_connections":[],"aioseo_notices":[],"jetpack_featured_media_url":"","jetpack_sharing_enabled":true,"jetpack_shortlink":"https:\/\/wp.me\/p9SYmx-cV","jetpack-related-posts":[],"post_mailing_queue_ids":[],"_links":{"self":[{"href":"https:\/\/fontenilles-vtt.fr\/wp\/index.php?rest_route=\/wp\/v2\/posts\/801"}],"collection":[{"href":"https:\/\/fontenilles-vtt.fr\/wp\/index.php?rest_route=\/wp\/v2\/posts"}],"about":[{"href":"https:\/\/fontenilles-vtt.fr\/wp\/index.php?rest_route=\/wp\/v2\/types\/post"}],"author":[{"embeddable":true,"href":"https:\/\/fontenilles-vtt.fr\/wp\/index.php?rest_route=\/wp\/v2\/users\/1"}],"replies":[{"embeddable":true,"href":"https:\/\/fontenilles-vtt.fr\/wp\/index.php?rest_route=%2Fwp%2Fv2%2Fcomments&post=801"}],"version-history":[{"count":5,"href":"https:\/\/fontenilles-vtt.fr\/wp\/index.php?rest_route=\/wp\/v2\/posts\/801\/revisions"}],"predecessor-version":[{"id":806,"href":"https:\/\/fontenilles-vtt.fr\/wp\/index.php?rest_route=\/wp\/v2\/posts\/801\/revisions\/806"}],"wp:attachment":[{"href":"https:\/\/fontenilles-vtt.fr\/wp\/index.php?rest_route=%2Fwp%2Fv2%2Fmedia&parent=801"}],"wp:term":[{"taxonomy":"category","embeddable":true,"href":"https:\/\/fontenilles-vtt.fr\/wp\/index.php?rest_route=%2Fwp%2Fv2%2Fcategories&post=801"},{"taxonomy":"post_tag","embeddable":true,"href":"https:\/\/fontenilles-vtt.fr\/wp\/index.php?rest_route=%2Fwp%2Fv2%2Ftags&post=801"}],"curies":[{"name":"wp","href":"https:\/\/api.w.org\/{rel}","templated":true}]}}