{"id":808,"date":"2010-12-13T11:39:01","date_gmt":"2010-12-13T10:39:01","guid":{"rendered":"http:\/\/fontenillesvtt.fr\/wp\/?p=808"},"modified":"2010-12-14T20:00:25","modified_gmt":"2010-12-14T19:00:25","slug":"vtt-fontenilles-saffiche-a-montech-pour-le-telethon-cr-des-4-et-5-decembre","status":"publish","type":"post","link":"https:\/\/fontenilles-vtt.fr\/wp\/?p=808","title":{"rendered":"VTT Fontenilles s&rsquo;affiche \u00e0 Montech pour le T\u00e9l\u00e9thon, CR des 4 et 5 d\u00e9cembre"},"content":{"rendered":"<p><span style=\"text-decoration: underline;\">Samedi 4, <\/span>jour de T\u00e9l\u00e9thon, Lionel, Guillaume Gazagne (encore un Guillaume, mais que deviennent les surnoms) et Fred, \u00e9lu G.O. de l&rsquo;ann\u00e9e, se sont retrouv\u00e9s \u00e0 <strong>Montech <\/strong>pour participer \u00e0 une randonn\u00e9e organis\u00e9e dans le cadre du T\u00e9l\u00e9thon, accompagn\u00e9s de quelques copains des uns et des autres.<\/p>\n<p>Apr\u00e8s un d\u00e9part pr\u00e9cipit\u00e9 d\u00fb \u00e0 une arriv\u00e9e tardive, Lionel et Fred, roulant comme des bourrins, ont eu la premi\u00e8re occasion de rencontrer Guillaume alors que celui-ci (merci au balisage efficace des Montechois) revenait en sens inverse avec ses amis.\u00a0Le froid \u00e9tait l\u00e0 ( -1\u00b0C ) mais le temps ensoleill\u00e9 (et les chaufferettes de Fred, pas cher pas cher, j&rsquo;vous les fais \u00e0 5 euro pi\u00e8ce..) le rendait supportable.<\/p>\n<p>En route pour les bords de Garonne, moins boueux que pr\u00e9vus, puis retour par la for\u00eat de Montech. Un parcours plat et roulant avec quelques singles agr\u00e9ables en for\u00eat, le tout effectu\u00e9 tambour battant.<\/p>\n<p>Le balisage impr\u00e9cis ajoutait du piment et nous a permis de nous faire doubler \u00e0 3 reprises par 3 aimables plus que cinquantenaires (la hchouma!!). Heureusement les gens du coin nous ont guid\u00e9s pour arriver \u00e0 l&rsquo;heure de l&rsquo;ap\u00e9ro sous la\u00a0 halle de Montech.<\/p>\n<p>Quelques photos souvenirs, mais qui manquent de mouvements:<\/p>\n<p><span style=\"text-decoration: underline;\"><img data-recalc-dims=\"1\" loading=\"lazy\" decoding=\"async\" title=\"premier obstacle\" src=\"https:\/\/i0.wp.com\/fontenillesvtt.fr\/wp\/wp-content\/gallery\/sorties-classiques-2010\/img_1424.jpg?resize=328%2C246\" alt=\"Guillaume, Florent et Fred\" width=\"328\" height=\"246\" \/><img data-recalc-dims=\"1\" loading=\"lazy\" decoding=\"async\" title=\"Guillaume, Fred et Lionel\" src=\"https:\/\/i0.wp.com\/fontenillesvtt.fr\/wp\/wp-content\/gallery\/sorties-classiques-2010\/img_1425.jpg?resize=328%2C246\" alt=\"fait frais\" width=\"328\" height=\"246\" \/><\/span><\/p>\n<p><span style=\"text-decoration: underline;\">Fred infatigable \u00e0 enquill\u00e9 une autre sortie le dimanche 5:<\/span><\/p>\n<p>Dimanche matin, Eric, Patrick et Fred se sont retrouv\u00e9s au stade de Fontenilles \u00e0 9h00. Apr\u00e8s quelques minutess d&rsquo;h\u00e9sitation dues \u00e0 une petite averse, en route pour la for\u00eat de Bouconne, finalement pas si boueuse que ce que l&rsquo;on craignait. Le retour s&rsquo;est effectu\u00e9 par les coteaux le long de la Save avec quelque grimp\u00e9es. L\u00e0 le terrain gras obligeait \u00e0 appuyer sur les manivelles dans certaines descentes ! 30 km plus loin, retour \u00e0 Fontenilles, sans encombre. A noter une belle gamelle de Fred qui porte encore la marque des crampons de\u00a0sa roue arri\u00e8re!<\/p>\n","protected":false},"excerpt":{"rendered":"<p>Samedi 4, jour de T\u00e9l\u00e9thon, Lionel, Guillaume Gazagne (encore un Guillaume, mais que deviennent les surnoms) et Fred, \u00e9lu G.O. de l&rsquo;ann\u00e9e, se sont retrouv\u00e9s \u00e0 Montech pour participer \u00e0&#8230; <\/p>\n<div class=\"read-more\"><a href=\"https:\/\/fontenilles-vtt.fr\/wp\/?p=808\">Lire la suite<\/a><\/div>\n","protected":false},"author":1,"featured_media":0,"comment_status":"open","ping_status":"closed","sticky":false,"template":"","format":"standard","meta":{"om_disable_all_campaigns":false,"_monsterinsights_skip_tracking":false,"_monsterinsights_sitenote_active":false,"_monsterinsights_sitenote_note":"","_monsterinsights_sitenote_category":0,"ngg_post_thumbnail":0,"jetpack_post_was_ever_published":false,"_jetpack_newsletter_access":"","_jetpack_dont_email_post_to_subs":false,"_jetpack_newsletter_tier_id":0,"_jetpack_memberships_contains_paywalled_content":false,"_jetpack_memberships_contains_paid_content":false,"footnotes":"","jetpack_publicize_message":"","jetpack_publicize_feature_enabled":true,"jetpack_social_post_already_shared":false,"jetpack_social_options":{"image_generator_settings":{"template":"highway","enabled":false},"version":2}},"categories":[36,3],"tags":[],"jetpack_publicize_connections":[],"aioseo_notices":[],"jetpack_featured_media_url":"","jetpack_sharing_enabled":true,"jetpack_shortlink":"https:\/\/wp.me\/p9SYmx-d2","jetpack-related-posts":[],"post_mailing_queue_ids":[],"_links":{"self":[{"href":"https:\/\/fontenilles-vtt.fr\/wp\/index.php?rest_route=\/wp\/v2\/posts\/808"}],"collection":[{"href":"https:\/\/fontenilles-vtt.fr\/wp\/index.php?rest_route=\/wp\/v2\/posts"}],"about":[{"href":"https:\/\/fontenilles-vtt.fr\/wp\/index.php?rest_route=\/wp\/v2\/types\/post"}],"author":[{"embeddable":true,"href":"https:\/\/fontenilles-vtt.fr\/wp\/index.php?rest_route=\/wp\/v2\/users\/1"}],"replies":[{"embeddable":true,"href":"https:\/\/fontenilles-vtt.fr\/wp\/index.php?rest_route=%2Fwp%2Fv2%2Fcomments&post=808"}],"version-history":[{"count":4,"href":"https:\/\/fontenilles-vtt.fr\/wp\/index.php?rest_route=\/wp\/v2\/posts\/808\/revisions"}],"predecessor-version":[{"id":816,"href":"https:\/\/fontenilles-vtt.fr\/wp\/index.php?rest_route=\/wp\/v2\/posts\/808\/revisions\/816"}],"wp:attachment":[{"href":"https:\/\/fontenilles-vtt.fr\/wp\/index.php?rest_route=%2Fwp%2Fv2%2Fmedia&parent=808"}],"wp:term":[{"taxonomy":"category","embeddable":true,"href":"https:\/\/fontenilles-vtt.fr\/wp\/index.php?rest_route=%2Fwp%2Fv2%2Fcategories&post=808"},{"taxonomy":"post_tag","embeddable":true,"href":"https:\/\/fontenilles-vtt.fr\/wp\/index.php?rest_route=%2Fwp%2Fv2%2Ftags&post=808"}],"curies":[{"name":"wp","href":"https:\/\/api.w.org\/{rel}","templated":true}]}}