{"id":812,"date":"2010-12-13T13:12:09","date_gmt":"2010-12-13T12:12:09","guid":{"rendered":"http:\/\/fontenillesvtt.fr\/wp\/?p=812"},"modified":"2010-12-13T13:12:09","modified_gmt":"2010-12-13T12:12:09","slug":"samedi-11-decembre-a-lacroix-falgarde","status":"publish","type":"post","link":"https:\/\/fontenilles-vtt.fr\/wp\/?p=812","title":{"rendered":"Samedi 11 d\u00e9cembre \u00e0 Lacroix-Falgarde"},"content":{"rendered":"<p>Nous n&rsquo;\u00e9tions que deux, Guillaume -aka Willy- Godard et moi, DDP, \u00e0 avoir r\u00e9pondu \u00e0 l&rsquo;appel de Fred pour une sortie ce samedi apr\u00e8m au d\u00e9part de Lacroix-Falgarde. Le temps \u00e9tait au beau fixe, et nous nous sommes \u00e9lanc\u00e9s vers 14H, d&rsquo;abord pour longer l&rsquo;Ari\u00e8ge, et ensuite pour attaquer les coteaux.<\/p>\n<p>Fred avait tout organis\u00e9 \u00e0 merveille: des mont\u00e9es sur sol sec et des descentes dans des singles boueux, juste ce qu&rsquo;il faut pour donner des sensations de glisse sans jamais s&#8217;embourber. Il nous a fait d\u00e9couvrir des vallons tellement encaiss\u00e9s qu&rsquo;ils ne doivent voir le soleil que 2 semaines par an, et qui \u00e9taient bien gel\u00e9s encore cet apr\u00e8m!<\/p>\n<p>Retour apr\u00e8s une descente tr\u00e8s technique vers l&rsquo;Ari\u00e8ge, puis un single le long de la rivi\u00e8re, genre Canyon de Bouconne, en plus long et encore plus ludique!<\/p>\n<p>Bref, 30 kms et 492 m de d\u00e9nivel\u00e9+ pour une superbe promenade d&rsquo;hiver pas trop loin de Fontenilles. Que demander de plus pour pr\u00e9parer les f\u00eates &#8230; que je vous souhaite excellentes si je n&rsquo;ai pas le plaisir de vous revoir d&rsquo;ici l\u00e0.<\/p>\n<p>En prime un lien vers le trac\u00e9:<br \/>\n<a href=\"http:\/\/www.tracegps.com\/fr\/parcours\/circuit9277.htm\" target=\"_blank\">http:\/\/www.tracegps.com\/fr\/parcours\/circuit9277.htm<\/a><\/p>\n<p>DDP<\/p>\n","protected":false},"excerpt":{"rendered":"<p>Nous n&rsquo;\u00e9tions que deux, Guillaume -aka Willy- Godard et moi, DDP, \u00e0 avoir r\u00e9pondu \u00e0 l&rsquo;appel de Fred pour une sortie ce samedi apr\u00e8m au d\u00e9part de Lacroix-Falgarde. Le temps&#8230; <\/p>\n<div class=\"read-more\"><a href=\"https:\/\/fontenilles-vtt.fr\/wp\/?p=812\">Lire la suite<\/a><\/div>\n","protected":false},"author":1,"featured_media":0,"comment_status":"open","ping_status":"closed","sticky":false,"template":"","format":"standard","meta":{"om_disable_all_campaigns":false,"_monsterinsights_skip_tracking":false,"_monsterinsights_sitenote_active":false,"_monsterinsights_sitenote_note":"","_monsterinsights_sitenote_category":0,"ngg_post_thumbnail":0,"jetpack_post_was_ever_published":false,"_jetpack_newsletter_access":"","_jetpack_dont_email_post_to_subs":false,"_jetpack_newsletter_tier_id":0,"_jetpack_memberships_contains_paywalled_content":false,"_jetpack_memberships_contains_paid_content":false,"footnotes":"","jetpack_publicize_message":"","jetpack_publicize_feature_enabled":true,"jetpack_social_post_already_shared":false,"jetpack_social_options":{"image_generator_settings":{"template":"highway","enabled":false},"version":2}},"categories":[4],"tags":[],"jetpack_publicize_connections":[],"aioseo_notices":[],"jetpack_featured_media_url":"","jetpack_sharing_enabled":true,"jetpack_shortlink":"https:\/\/wp.me\/p9SYmx-d6","jetpack-related-posts":[],"post_mailing_queue_ids":[],"_links":{"self":[{"href":"https:\/\/fontenilles-vtt.fr\/wp\/index.php?rest_route=\/wp\/v2\/posts\/812"}],"collection":[{"href":"https:\/\/fontenilles-vtt.fr\/wp\/index.php?rest_route=\/wp\/v2\/posts"}],"about":[{"href":"https:\/\/fontenilles-vtt.fr\/wp\/index.php?rest_route=\/wp\/v2\/types\/post"}],"author":[{"embeddable":true,"href":"https:\/\/fontenilles-vtt.fr\/wp\/index.php?rest_route=\/wp\/v2\/users\/1"}],"replies":[{"embeddable":true,"href":"https:\/\/fontenilles-vtt.fr\/wp\/index.php?rest_route=%2Fwp%2Fv2%2Fcomments&post=812"}],"version-history":[{"count":2,"href":"https:\/\/fontenilles-vtt.fr\/wp\/index.php?rest_route=\/wp\/v2\/posts\/812\/revisions"}],"predecessor-version":[{"id":814,"href":"https:\/\/fontenilles-vtt.fr\/wp\/index.php?rest_route=\/wp\/v2\/posts\/812\/revisions\/814"}],"wp:attachment":[{"href":"https:\/\/fontenilles-vtt.fr\/wp\/index.php?rest_route=%2Fwp%2Fv2%2Fmedia&parent=812"}],"wp:term":[{"taxonomy":"category","embeddable":true,"href":"https:\/\/fontenilles-vtt.fr\/wp\/index.php?rest_route=%2Fwp%2Fv2%2Fcategories&post=812"},{"taxonomy":"post_tag","embeddable":true,"href":"https:\/\/fontenilles-vtt.fr\/wp\/index.php?rest_route=%2Fwp%2Fv2%2Ftags&post=812"}],"curies":[{"name":"wp","href":"https:\/\/api.w.org\/{rel}","templated":true}]}}