{"id":832,"date":"2011-01-20T12:00:17","date_gmt":"2011-01-20T11:00:17","guid":{"rendered":"http:\/\/fontenillesvtt.fr\/wp\/?p=832"},"modified":"2011-01-25T11:12:39","modified_gmt":"2011-01-25T10:12:39","slug":"challenge-de-lomagne-a-mauvezin-16-jan-2011","status":"publish","type":"post","link":"https:\/\/fontenilles-vtt.fr\/wp\/?p=832","title":{"rendered":"Challenge de Lomagne \u00e0 Mauvezin et sortie Castorienne, 16 Jan 2011"},"content":{"rendered":"<p>En premier lieu, VTTFontenilles souhaite \u00e0 tous ses adh\u00e9rents, fans et amis une nouvelle ann\u00e9e pleine de folles sorties, de descentes endiabl\u00e9es (de bi\u00e8res et de montagnes), et de franche camaraderie.<\/p>\n<p>Pour la premi\u00e8re rando officielle, les plus courageux de mes camarades se sont donc rendus \u00e0 Mauvezin pendant que les autres randonnaient autour de chez Castor.<\/p>\n<p><span style=\"text-decoration: underline;\"><strong>Challenge de Lomagne \u00e0 Mauvezin<\/strong><\/span><\/p>\n<p>163 participants se sont lanc\u00e9s sur la premi\u00e8re manche du challenge de Lomagne \u00e0 Mauvezin, suivis par les randonneurs VTT. Fontenilles VTT \u00e9tait repr\u00e9sent\u00e9 par J\u00e9rome sur la course et par Guillaume junior et Fred sur la randonn\u00e9e, accompagn\u00e9s de Maxime, un copain de Guillaume. A 9h30 tout le monde s&rsquo;\u00e9lance sous le soleil, \u00e0 pr\u00e8s de 40 km\/h sur la petite route goudronn\u00e9e de campagne. La premi\u00e8re c\u00f4te calme vite les esprits mais le rythme est donn\u00e9.<\/p>\n<div id=\"attachment_833\" style=\"width: 310px\" class=\"wp-caption alignnone\"><a href=\"https:\/\/i0.wp.com\/fontenillesvtt.fr\/wp\/wp-content\/uploads\/2011\/01\/DSC02765.jpeg\"><img data-recalc-dims=\"1\" loading=\"lazy\" decoding=\"async\" aria-describedby=\"caption-attachment-833\" data-attachment-id=\"833\" data-permalink=\"https:\/\/fontenilles-vtt.fr\/wp\/?attachment_id=833\" data-orig-file=\"https:\/\/i0.wp.com\/fontenilles-vtt.fr\/wp\/wp-content\/uploads\/2011\/01\/DSC02765.jpeg?fit=1280%2C960&amp;ssl=1\" data-orig-size=\"1280,960\" data-comments-opened=\"1\" data-image-meta=\"{&quot;aperture&quot;:&quot;0&quot;,&quot;credit&quot;:&quot;&quot;,&quot;camera&quot;:&quot;&quot;,&quot;caption&quot;:&quot;&quot;,&quot;created_timestamp&quot;:&quot;0&quot;,&quot;copyright&quot;:&quot;&quot;,&quot;focal_length&quot;:&quot;0&quot;,&quot;iso&quot;:&quot;0&quot;,&quot;shutter_speed&quot;:&quot;0&quot;,&quot;title&quot;:&quot;&quot;}\" data-image-title=\"Depart Mauvezin\" data-image-description=\"&lt;p&gt;Depart Mauvezin&lt;\/p&gt;\n\" data-image-caption=\"&lt;p&gt;Depart Mauvezin&lt;\/p&gt;\n\" data-medium-file=\"https:\/\/i0.wp.com\/fontenilles-vtt.fr\/wp\/wp-content\/uploads\/2011\/01\/DSC02765.jpeg?fit=300%2C225&amp;ssl=1\" data-large-file=\"https:\/\/i0.wp.com\/fontenilles-vtt.fr\/wp\/wp-content\/uploads\/2011\/01\/DSC02765.jpeg?fit=590%2C443&amp;ssl=1\" class=\"size-medium wp-image-833\" title=\"Depart Mauvezin\" src=\"https:\/\/i0.wp.com\/fontenillesvtt.fr\/wp\/wp-content\/uploads\/2011\/01\/DSC02765-300x225.jpg?resize=300%2C225\" alt=\"\" width=\"300\" height=\"225\" srcset=\"https:\/\/i0.wp.com\/fontenilles-vtt.fr\/wp\/wp-content\/uploads\/2011\/01\/DSC02765.jpeg?resize=300%2C225&amp;ssl=1 300w, https:\/\/i0.wp.com\/fontenilles-vtt.fr\/wp\/wp-content\/uploads\/2011\/01\/DSC02765.jpeg?resize=1024%2C768&amp;ssl=1 1024w, https:\/\/i0.wp.com\/fontenilles-vtt.fr\/wp\/wp-content\/uploads\/2011\/01\/DSC02765.jpeg?w=1280&amp;ssl=1 1280w, https:\/\/i0.wp.com\/fontenilles-vtt.fr\/wp\/wp-content\/uploads\/2011\/01\/DSC02765.jpeg?w=1180&amp;ssl=1 1180w\" sizes=\"(max-width: 300px) 100vw, 300px\" \/><\/a><p id=\"caption-attachment-833\" class=\"wp-caption-text\">Depart Mauvezin<\/p><\/div>\n<p>Puis vient la d\u00e9couverte du terrain, humide pas trop collant mais suffisamment pour rendre bien technique les nombreux singles en sous bois. Et pour d\u00e9cupler l&rsquo;\u00e9nergie \u00e0 fournir pour avancer ! 10 km plus loin, Fred commence \u00e0 tirer la langue derri\u00e8re Maxime et Guillaume, qui ralentissent le rythme pour ne pas l&rsquo;abandonner dans le foss\u00e9. Bien leur en prend car au 20\u00e8me kilom\u00e8tre, les premi\u00e8res crampes apparaissent pour Maxime, rythmant le retour \u00e0 la ligne d&rsquo;arriv\u00e9e ( eh oui, il lui manquait le programme d&rsquo;entrainement de Fontenille VTT : coteaux, bi\u00e8res et galettes ! ).<\/p>\n<div id=\"attachment_834\" style=\"width: 310px\" class=\"wp-caption alignnone\"><a href=\"https:\/\/i0.wp.com\/fontenillesvtt.fr\/wp\/wp-content\/uploads\/2011\/01\/DSC02776.jpeg\"><img data-recalc-dims=\"1\" loading=\"lazy\" decoding=\"async\" aria-describedby=\"caption-attachment-834\" data-attachment-id=\"834\" data-permalink=\"https:\/\/fontenilles-vtt.fr\/wp\/?attachment_id=834\" data-orig-file=\"https:\/\/i0.wp.com\/fontenilles-vtt.fr\/wp\/wp-content\/uploads\/2011\/01\/DSC02776.jpeg?fit=1280%2C960&amp;ssl=1\" data-orig-size=\"1280,960\" data-comments-opened=\"1\" data-image-meta=\"{&quot;aperture&quot;:&quot;0&quot;,&quot;credit&quot;:&quot;&quot;,&quot;camera&quot;:&quot;&quot;,&quot;caption&quot;:&quot;&quot;,&quot;created_timestamp&quot;:&quot;0&quot;,&quot;copyright&quot;:&quot;&quot;,&quot;focal_length&quot;:&quot;0&quot;,&quot;iso&quot;:&quot;0&quot;,&quot;shutter_speed&quot;:&quot;0&quot;,&quot;title&quot;:&quot;&quot;}\" data-image-title=\"Fred pleure\" data-image-description=\"&lt;p&gt;Fred pleure&lt;\/p&gt;\n\" data-image-caption=\"&lt;p&gt;Fred pleure&lt;\/p&gt;\n\" data-medium-file=\"https:\/\/i0.wp.com\/fontenilles-vtt.fr\/wp\/wp-content\/uploads\/2011\/01\/DSC02776.jpeg?fit=300%2C225&amp;ssl=1\" data-large-file=\"https:\/\/i0.wp.com\/fontenilles-vtt.fr\/wp\/wp-content\/uploads\/2011\/01\/DSC02776.jpeg?fit=590%2C443&amp;ssl=1\" class=\"size-medium wp-image-834\" title=\"Fred pleure\" src=\"https:\/\/i0.wp.com\/fontenillesvtt.fr\/wp\/wp-content\/uploads\/2011\/01\/DSC02776-300x225.jpg?resize=300%2C225\" alt=\"\" width=\"300\" height=\"225\" srcset=\"https:\/\/i0.wp.com\/fontenilles-vtt.fr\/wp\/wp-content\/uploads\/2011\/01\/DSC02776.jpeg?resize=300%2C225&amp;ssl=1 300w, https:\/\/i0.wp.com\/fontenilles-vtt.fr\/wp\/wp-content\/uploads\/2011\/01\/DSC02776.jpeg?resize=1024%2C768&amp;ssl=1 1024w, https:\/\/i0.wp.com\/fontenilles-vtt.fr\/wp\/wp-content\/uploads\/2011\/01\/DSC02776.jpeg?w=1280&amp;ssl=1 1280w, https:\/\/i0.wp.com\/fontenilles-vtt.fr\/wp\/wp-content\/uploads\/2011\/01\/DSC02776.jpeg?w=1180&amp;ssl=1 1180w\" sizes=\"(max-width: 300px) 100vw, 300px\" \/><\/a><\/dt>\n<dd class=\"wp-caption-dd\">Fred pleure<\/dd>\n<\/dl>\n<p><a href=\"https:\/\/i0.wp.com\/fontenillesvtt.fr\/wp\/wp-content\/uploads\/2011\/01\/DSC02778.jpeg\"><img data-recalc-dims=\"1\" loading=\"lazy\" decoding=\"async\" aria-describedby=\"caption-attachment-834\" data-attachment-id=\"835\" data-permalink=\"https:\/\/fontenilles-vtt.fr\/wp\/?attachment_id=835\" data-orig-file=\"https:\/\/i0.wp.com\/fontenilles-vtt.fr\/wp\/wp-content\/uploads\/2011\/01\/DSC02778.jpeg?fit=1280%2C960&amp;ssl=1\" data-orig-size=\"1280,960\" data-comments-opened=\"1\" data-image-meta=\"{&quot;aperture&quot;:&quot;0&quot;,&quot;credit&quot;:&quot;&quot;,&quot;camera&quot;:&quot;&quot;,&quot;caption&quot;:&quot;&quot;,&quot;created_timestamp&quot;:&quot;0&quot;,&quot;copyright&quot;:&quot;&quot;,&quot;focal_length&quot;:&quot;0&quot;,&quot;iso&quot;:&quot;0&quot;,&quot;shutter_speed&quot;:&quot;0&quot;,&quot;title&quot;:&quot;&quot;}\" data-image-title=\"pas de boue\" data-image-description=\"\" data-image-caption=\"\" data-medium-file=\"https:\/\/i0.wp.com\/fontenilles-vtt.fr\/wp\/wp-content\/uploads\/2011\/01\/DSC02778.jpeg?fit=300%2C225&amp;ssl=1\" data-large-file=\"https:\/\/i0.wp.com\/fontenilles-vtt.fr\/wp\/wp-content\/uploads\/2011\/01\/DSC02778.jpeg?fit=590%2C443&amp;ssl=1\" class=\"alignnone size-medium wp-image-835\" title=\"pas de boue\" src=\"https:\/\/i0.wp.com\/fontenillesvtt.fr\/wp\/wp-content\/uploads\/2011\/01\/DSC02778-300x225.jpg?resize=300%2C225\" alt=\"\" width=\"300\" height=\"225\" srcset=\"https:\/\/i0.wp.com\/fontenilles-vtt.fr\/wp\/wp-content\/uploads\/2011\/01\/DSC02778.jpeg?resize=300%2C225&amp;ssl=1 300w, https:\/\/i0.wp.com\/fontenilles-vtt.fr\/wp\/wp-content\/uploads\/2011\/01\/DSC02778.jpeg?resize=1024%2C768&amp;ssl=1 1024w, https:\/\/i0.wp.com\/fontenilles-vtt.fr\/wp\/wp-content\/uploads\/2011\/01\/DSC02778.jpeg?w=1280&amp;ssl=1 1280w, https:\/\/i0.wp.com\/fontenilles-vtt.fr\/wp\/wp-content\/uploads\/2011\/01\/DSC02778.jpeg?w=1180&amp;ssl=1 1180w\" sizes=\"(max-width: 300px) 100vw, 300px\" \/><\/a><\/p>\n<p>J\u00e9rome, douch\u00e9 et aussi frais qu&rsquo;au d\u00e9part, nous accueille autour du sandwich. 1h 55 pour 30 kilom\u00e8tres, pas mal ! ( Le temps de Guillaume, Maxime et Fred est class\u00e9 confidentiel ).<\/p>\n<p>Pas d&rsquo;avarie, peu de chutes, un soleil quasi printanier, une bonne ambiance. Une sortie bien agr\u00e9able !<\/p>\n<p><span style=\"text-decoration: underline;\"><strong>Randonn\u00e9e Castorienne<\/strong><\/span><\/p>\n<p>Une belle promenade \u00e0 6 vers la for\u00eat de Bouconne via Pujaudran, le canyon, Lasserre, remont\u00e9e vers Bouconne par le chemin bien connu des Verts luisants, lac de la bordette et retour.<\/p>\n<p>36 kms sans histoire et bien agr\u00e9ables par beau temps clair.<\/p>\n<div class=\"mceTemp\">\n<dl id=\"attachment_862\" class=\"wp-caption alignnone\" style=\"width: 310px;\">\n<dt class=\"wp-caption-dt\"><a href=\"https:\/\/i0.wp.com\/fontenillesvtt.fr\/wp\/wp-content\/uploads\/2011\/01\/VTT-0081.jpg\"><img data-recalc-dims=\"1\" loading=\"lazy\" decoding=\"async\" aria-describedby=\"caption-attachment-834\" data-attachment-id=\"862\" data-permalink=\"https:\/\/fontenilles-vtt.fr\/wp\/?attachment_id=862\" data-orig-file=\"https:\/\/i0.wp.com\/fontenilles-vtt.fr\/wp\/wp-content\/uploads\/2011\/01\/VTT-0081.jpg?fit=3648%2C2736&amp;ssl=1\" data-orig-size=\"3648,2736\" data-comments-opened=\"1\" data-image-meta=\"{&quot;aperture&quot;:&quot;3.5&quot;,&quot;credit&quot;:&quot;&quot;,&quot;camera&quot;:&quot;PENTAX Optio W60&quot;,&quot;caption&quot;:&quot;&quot;,&quot;created_timestamp&quot;:&quot;1205849839&quot;,&quot;copyright&quot;:&quot;&quot;,&quot;focal_length&quot;:&quot;5&quot;,&quot;iso&quot;:&quot;50&quot;,&quot;shutter_speed&quot;:&quot;0.01&quot;,&quot;title&quot;:&quot;&quot;}\" data-image-title=\"l&amp;rsquo;intrus\" data-image-description=\"\" data-image-caption=\"&lt;p&gt;Devinez qui se cache?&lt;\/p&gt;\n\" data-medium-file=\"https:\/\/i0.wp.com\/fontenilles-vtt.fr\/wp\/wp-content\/uploads\/2011\/01\/VTT-0081.jpg?fit=300%2C225&amp;ssl=1\" data-large-file=\"https:\/\/i0.wp.com\/fontenilles-vtt.fr\/wp\/wp-content\/uploads\/2011\/01\/VTT-0081.jpg?fit=590%2C443&amp;ssl=1\" class=\"size-medium wp-image-862\" title=\"l'intrus\" src=\"https:\/\/i0.wp.com\/fontenillesvtt.fr\/wp\/wp-content\/uploads\/2011\/01\/VTT-0081-300x225.jpg?resize=300%2C225\" alt=\"\" width=\"300\" height=\"225\" srcset=\"https:\/\/i0.wp.com\/fontenilles-vtt.fr\/wp\/wp-content\/uploads\/2011\/01\/VTT-0081.jpg?resize=300%2C225&amp;ssl=1 300w, https:\/\/i0.wp.com\/fontenilles-vtt.fr\/wp\/wp-content\/uploads\/2011\/01\/VTT-0081.jpg?resize=1024%2C768&amp;ssl=1 1024w, https:\/\/i0.wp.com\/fontenilles-vtt.fr\/wp\/wp-content\/uploads\/2011\/01\/VTT-0081.jpg?w=1180&amp;ssl=1 1180w, https:\/\/i0.wp.com\/fontenilles-vtt.fr\/wp\/wp-content\/uploads\/2011\/01\/VTT-0081.jpg?w=1770&amp;ssl=1 1770w\" sizes=\"(max-width: 300px) 100vw, 300px\" \/><\/a><p id=\"caption-attachment-834\" class=\"wp-caption-text\">Devinez qui se cache?<\/p><\/div>\n<div id=\"attachment_863\" style=\"width: 310px\" class=\"wp-caption alignnone\"><a href=\"https:\/\/i0.wp.com\/fontenillesvtt.fr\/wp\/wp-content\/uploads\/2011\/01\/VTT-009.jpg\"><img data-recalc-dims=\"1\" loading=\"lazy\" decoding=\"async\" aria-describedby=\"caption-attachment-863\" data-attachment-id=\"863\" data-permalink=\"https:\/\/fontenilles-vtt.fr\/wp\/?attachment_id=863\" data-orig-file=\"https:\/\/i0.wp.com\/fontenilles-vtt.fr\/wp\/wp-content\/uploads\/2011\/01\/VTT-009.jpg?fit=3648%2C2736&amp;ssl=1\" data-orig-size=\"3648,2736\" data-comments-opened=\"1\" data-image-meta=\"{&quot;aperture&quot;:&quot;3.5&quot;,&quot;credit&quot;:&quot;&quot;,&quot;camera&quot;:&quot;PENTAX Optio W60&quot;,&quot;caption&quot;:&quot;&quot;,&quot;created_timestamp&quot;:&quot;1205849914&quot;,&quot;copyright&quot;:&quot;&quot;,&quot;focal_length&quot;:&quot;5&quot;,&quot;iso&quot;:&quot;50&quot;,&quot;shutter_speed&quot;:&quot;0.016666666666667&quot;,&quot;title&quot;:&quot;&quot;}\" data-image-title=\"d\u00e9couvert\" data-image-description=\"\" data-image-caption=\"&lt;p&gt;est un rongeur \u00e0 queue plate&lt;\/p&gt;\n\" data-medium-file=\"https:\/\/i0.wp.com\/fontenilles-vtt.fr\/wp\/wp-content\/uploads\/2011\/01\/VTT-009.jpg?fit=300%2C225&amp;ssl=1\" data-large-file=\"https:\/\/i0.wp.com\/fontenilles-vtt.fr\/wp\/wp-content\/uploads\/2011\/01\/VTT-009.jpg?fit=590%2C443&amp;ssl=1\" class=\"size-medium wp-image-863\" title=\"d\u00e9couvert\" src=\"https:\/\/i0.wp.com\/fontenillesvtt.fr\/wp\/wp-content\/uploads\/2011\/01\/VTT-009-300x225.jpg?resize=300%2C225\" alt=\"\" width=\"300\" height=\"225\" srcset=\"https:\/\/i0.wp.com\/fontenilles-vtt.fr\/wp\/wp-content\/uploads\/2011\/01\/VTT-009.jpg?resize=300%2C225&amp;ssl=1 300w, https:\/\/i0.wp.com\/fontenilles-vtt.fr\/wp\/wp-content\/uploads\/2011\/01\/VTT-009.jpg?resize=1024%2C768&amp;ssl=1 1024w, https:\/\/i0.wp.com\/fontenilles-vtt.fr\/wp\/wp-content\/uploads\/2011\/01\/VTT-009.jpg?w=1180&amp;ssl=1 1180w, https:\/\/i0.wp.com\/fontenilles-vtt.fr\/wp\/wp-content\/uploads\/2011\/01\/VTT-009.jpg?w=1770&amp;ssl=1 1770w\" sizes=\"(max-width: 300px) 100vw, 300px\" \/><\/a><p id=\"caption-attachment-863\" class=\"wp-caption-text\">Un rongeur \u00e0 queue plate<\/p><\/div>\n<\/div>\n","protected":false},"excerpt":{"rendered":"<p>En premier lieu, VTTFontenilles souhaite \u00e0 tous ses adh\u00e9rents, fans et amis une nouvelle ann\u00e9e pleine de folles sorties, de descentes endiabl\u00e9es (de bi\u00e8res et de montagnes), et de franche&#8230; <\/p>\n<div class=\"read-more\"><a href=\"https:\/\/fontenilles-vtt.fr\/wp\/?p=832\">Lire la suite<\/a><\/div>\n","protected":false},"author":1,"featured_media":0,"comment_status":"open","ping_status":"closed","sticky":false,"template":"","format":"standard","meta":{"om_disable_all_campaigns":false,"_monsterinsights_skip_tracking":false,"_monsterinsights_sitenote_active":false,"_monsterinsights_sitenote_note":"","_monsterinsights_sitenote_category":0,"ngg_post_thumbnail":0,"jetpack_post_was_ever_published":false,"_jetpack_newsletter_access":"","_jetpack_dont_email_post_to_subs":false,"_jetpack_newsletter_tier_id":0,"_jetpack_memberships_contains_paywalled_content":false,"_jetpack_memberships_contains_paid_content":false,"footnotes":"","jetpack_publicize_message":"","jetpack_publicize_feature_enabled":true,"jetpack_social_post_already_shared":false,"jetpack_social_options":{"image_generator_settings":{"template":"highway","enabled":false},"version":2}},"categories":[4,36],"tags":[],"jetpack_publicize_connections":[],"aioseo_notices":[],"jetpack_featured_media_url":"","jetpack_sharing_enabled":true,"jetpack_shortlink":"https:\/\/wp.me\/p9SYmx-dq","jetpack-related-posts":[],"post_mailing_queue_ids":[],"_links":{"self":[{"href":"https:\/\/fontenilles-vtt.fr\/wp\/index.php?rest_route=\/wp\/v2\/posts\/832"}],"collection":[{"href":"https:\/\/fontenilles-vtt.fr\/wp\/index.php?rest_route=\/wp\/v2\/posts"}],"about":[{"href":"https:\/\/fontenilles-vtt.fr\/wp\/index.php?rest_route=\/wp\/v2\/types\/post"}],"author":[{"embeddable":true,"href":"https:\/\/fontenilles-vtt.fr\/wp\/index.php?rest_route=\/wp\/v2\/users\/1"}],"replies":[{"embeddable":true,"href":"https:\/\/fontenilles-vtt.fr\/wp\/index.php?rest_route=%2Fwp%2Fv2%2Fcomments&post=832"}],"version-history":[{"count":7,"href":"https:\/\/fontenilles-vtt.fr\/wp\/index.php?rest_route=\/wp\/v2\/posts\/832\/revisions"}],"predecessor-version":[{"id":859,"href":"https:\/\/fontenilles-vtt.fr\/wp\/index.php?rest_route=\/wp\/v2\/posts\/832\/revisions\/859"}],"wp:attachment":[{"href":"https:\/\/fontenilles-vtt.fr\/wp\/index.php?rest_route=%2Fwp%2Fv2%2Fmedia&parent=832"}],"wp:term":[{"taxonomy":"category","embeddable":true,"href":"https:\/\/fontenilles-vtt.fr\/wp\/index.php?rest_route=%2Fwp%2Fv2%2Fcategories&post=832"},{"taxonomy":"post_tag","embeddable":true,"href":"https:\/\/fontenilles-vtt.fr\/wp\/index.php?rest_route=%2Fwp%2Fv2%2Ftags&post=832"}],"curies":[{"name":"wp","href":"https:\/\/api.w.org\/{rel}","templated":true}]}}