{"id":838,"date":"2011-01-20T11:59:46","date_gmt":"2011-01-20T10:59:46","guid":{"rendered":"http:\/\/fontenillesvtt.fr\/wp\/?p=838"},"modified":"2011-01-20T11:59:46","modified_gmt":"2011-01-20T10:59:46","slug":"1eres-sorties-de-lannee-8-et-9-janvier-2011","status":"publish","type":"post","link":"https:\/\/fontenilles-vtt.fr\/wp\/?p=838","title":{"rendered":"1\u00e8res sorties de l&rsquo;ann\u00e9e 8 et 9 janvier 2011"},"content":{"rendered":"<p><span style=\"text-decoration: underline;\"><a href=\"http:\/\/fontenillesvtt.fr\/wp\/wp-content\/uploads\/2011\/01\/VTT-Muret-Eaunes-009.mov\">VTT Muret Eaunes 009<\/a>CR de samedi 8\/1<\/span><\/p>\n<p>Nous \u00e9tions 7 au d\u00e9part \u00e0 14H \u00e0 Muret: J\u00e9r\u00f4me, Eric (!), Guillaume G, Castor, Fred, Christophe (!!) et DDP, pour une nouvelle sortie organis\u00e9e par Fred avec beau temps le samedi apr\u00e8s midi. Fred y a d&rsquo;ailleurs gagn\u00e9 le surnom de GO Fred, \u00e0 la fois car il est toujours partant (voir second CR ci-dessous) et parce qu&rsquo;il est un vraiment G\u00e9nial Organisateur.<\/p>\n<p>Je vous la ferai courte car il n&rsquo;y eu ni chute ni d\u00e9g\u00e2ts mat\u00e9riels samedi: nous avons long\u00e9 la Garonne vers l&rsquo;amont, puis nous avons attaqu\u00e9 les coteaux pour rejoindre la foret d&rsquo;Eaunes et revenir par les cr\u00eates \u00e0 Muret. Soit 28 kms (comme pr\u00e9vu par notre GO) sans trop de boue, avec une for\u00eat d&rsquo;Eaunes toujours aussi agr\u00e9able et qui devient d\u00e9cid\u00e9ment le terrain de jeux de VTT Fontenilles quand la gadoue nous g\u00e2che le Gers. Guillaume G nous a impressionn\u00e9 par ses slaloms en descente (m\u00eame quand le single est tout droit), c&rsquo;\u00e9tait de la grande technique!<\/p>\n<p>Je joins qqs photos (vous admirerez le sens de l&rsquo;orientation non convergent de Castor et Christophe&#8230;). Je vais envoyer au webmestre une petite video \u00e0 mettre sur le site, o\u00f9 on peut voir qu&rsquo;un certain membre du club est tellement aff\u00fbt\u00e9 qu&rsquo;apr\u00e8s avoir gravi la pente en VTT, il l&rsquo;attaque \u00e0 nouveau en course \u00e0 pied (c&rsquo;est sans doute la d\u00e9ception que GO Fred ne nous ait d\u00e9doubl\u00e9 aucune c\u00f4te cette fois&#8230;) [affaire \u00e0 suivre, et paris ouverts&#8230;]\n\t\t<style type=\"text\/css\">\n\t\t\t#gallery-1 {\n\t\t\t\tmargin: auto;\n\t\t\t}\n\t\t\t#gallery-1 .gallery-item {\n\t\t\t\tfloat: left;\n\t\t\t\tmargin-top: 10px;\n\t\t\t\ttext-align: center;\n\t\t\t\twidth: 33%;\n\t\t\t}\n\t\t\t#gallery-1 img {\n\t\t\t\tborder: 2px solid #cfcfcf;\n\t\t\t}\n\t\t\t#gallery-1 .gallery-caption {\n\t\t\t\tmargin-left: 0;\n\t\t\t}\n\t\t\t\/* see gallery_shortcode() in wp-includes\/media.php *\/\n\t\t<\/style>\n\t\t<div data-carousel-extra='{\"blog_id\":1,\"permalink\":\"https:\\\/\\\/fontenilles-vtt.fr\\\/wp\\\/?p=838\"}' id='gallery-1' class='gallery galleryid-838 gallery-columns-3 gallery-size-thumbnail'><dl class='gallery-item'>\n\t\t\t<dt class='gallery-icon landscape'>\n\t\t\t\t<a href='https:\/\/fontenilles-vtt.fr\/wp\/?attachment_id=841'><img loading=\"lazy\" decoding=\"async\" width=\"150\" height=\"120\" src=\"https:\/\/i0.wp.com\/fontenilles-vtt.fr\/wp\/wp-content\/uploads\/2011\/01\/VTT-Muret-Eaunes-012.jpg?resize=150%2C120&amp;ssl=1\" class=\"attachment-thumbnail size-thumbnail\" alt=\"\" srcset=\"https:\/\/i0.wp.com\/fontenilles-vtt.fr\/wp\/wp-content\/uploads\/2011\/01\/VTT-Muret-Eaunes-012.jpg?resize=150%2C120&amp;ssl=1 150w, https:\/\/i0.wp.com\/fontenilles-vtt.fr\/wp\/wp-content\/uploads\/2011\/01\/VTT-Muret-Eaunes-012.jpg?zoom=2&amp;resize=150%2C120&amp;ssl=1 300w, https:\/\/i0.wp.com\/fontenilles-vtt.fr\/wp\/wp-content\/uploads\/2011\/01\/VTT-Muret-Eaunes-012.jpg?zoom=3&amp;resize=150%2C120&amp;ssl=1 450w\" sizes=\"(max-width: 150px) 100vw, 150px\" data-attachment-id=\"841\" data-permalink=\"https:\/\/fontenilles-vtt.fr\/wp\/?attachment_id=841\" data-orig-file=\"https:\/\/i0.wp.com\/fontenilles-vtt.fr\/wp\/wp-content\/uploads\/2011\/01\/VTT-Muret-Eaunes-012.jpg?fit=1600%2C1200&amp;ssl=1\" data-orig-size=\"1600,1200\" data-comments-opened=\"1\" data-image-meta=\"{&quot;aperture&quot;:&quot;2.8&quot;,&quot;credit&quot;:&quot;&quot;,&quot;camera&quot;:&quot;iPhone 3G&quot;,&quot;caption&quot;:&quot;&quot;,&quot;created_timestamp&quot;:&quot;1294496765&quot;,&quot;copyright&quot;:&quot;&quot;,&quot;focal_length&quot;:&quot;0&quot;,&quot;iso&quot;:&quot;0&quot;,&quot;shutter_speed&quot;:&quot;0&quot;,&quot;title&quot;:&quot;&quot;}\" data-image-title=\"VTT Muret Eaunes 012\" data-image-description=\"\" data-image-caption=\"\" data-medium-file=\"https:\/\/i0.wp.com\/fontenilles-vtt.fr\/wp\/wp-content\/uploads\/2011\/01\/VTT-Muret-Eaunes-012.jpg?fit=300%2C225&amp;ssl=1\" data-large-file=\"https:\/\/i0.wp.com\/fontenilles-vtt.fr\/wp\/wp-content\/uploads\/2011\/01\/VTT-Muret-Eaunes-012.jpg?fit=590%2C443&amp;ssl=1\" \/><\/a>\n\t\t\t<\/dt><\/dl><dl class='gallery-item'>\n\t\t\t<dt class='gallery-icon landscape'>\n\t\t\t\t<a href='https:\/\/fontenilles-vtt.fr\/wp\/?attachment_id=840'><img loading=\"lazy\" decoding=\"async\" width=\"150\" height=\"120\" src=\"https:\/\/i0.wp.com\/fontenilles-vtt.fr\/wp\/wp-content\/uploads\/2011\/01\/VTT-Muret-Eaunes-005.jpg?resize=150%2C120&amp;ssl=1\" class=\"attachment-thumbnail size-thumbnail\" alt=\"\" srcset=\"https:\/\/i0.wp.com\/fontenilles-vtt.fr\/wp\/wp-content\/uploads\/2011\/01\/VTT-Muret-Eaunes-005.jpg?resize=150%2C120&amp;ssl=1 150w, https:\/\/i0.wp.com\/fontenilles-vtt.fr\/wp\/wp-content\/uploads\/2011\/01\/VTT-Muret-Eaunes-005.jpg?zoom=2&amp;resize=150%2C120&amp;ssl=1 300w, https:\/\/i0.wp.com\/fontenilles-vtt.fr\/wp\/wp-content\/uploads\/2011\/01\/VTT-Muret-Eaunes-005.jpg?zoom=3&amp;resize=150%2C120&amp;ssl=1 450w\" sizes=\"(max-width: 150px) 100vw, 150px\" data-attachment-id=\"840\" data-permalink=\"https:\/\/fontenilles-vtt.fr\/wp\/?attachment_id=840\" data-orig-file=\"https:\/\/i0.wp.com\/fontenilles-vtt.fr\/wp\/wp-content\/uploads\/2011\/01\/VTT-Muret-Eaunes-005.jpg?fit=1600%2C1200&amp;ssl=1\" data-orig-size=\"1600,1200\" data-comments-opened=\"1\" data-image-meta=\"{&quot;aperture&quot;:&quot;2.8&quot;,&quot;credit&quot;:&quot;&quot;,&quot;camera&quot;:&quot;iPhone 3G&quot;,&quot;caption&quot;:&quot;&quot;,&quot;created_timestamp&quot;:&quot;1294496534&quot;,&quot;copyright&quot;:&quot;&quot;,&quot;focal_length&quot;:&quot;0&quot;,&quot;iso&quot;:&quot;0&quot;,&quot;shutter_speed&quot;:&quot;0&quot;,&quot;title&quot;:&quot;&quot;}\" data-image-title=\"VTT Muret Eaunes 005\" data-image-description=\"\" data-image-caption=\"\" data-medium-file=\"https:\/\/i0.wp.com\/fontenilles-vtt.fr\/wp\/wp-content\/uploads\/2011\/01\/VTT-Muret-Eaunes-005.jpg?fit=300%2C225&amp;ssl=1\" data-large-file=\"https:\/\/i0.wp.com\/fontenilles-vtt.fr\/wp\/wp-content\/uploads\/2011\/01\/VTT-Muret-Eaunes-005.jpg?fit=590%2C443&amp;ssl=1\" \/><\/a>\n\t\t\t<\/dt><\/dl><dl class='gallery-item'>\n\t\t\t<dt class='gallery-icon landscape'>\n\t\t\t\t<a href='https:\/\/fontenilles-vtt.fr\/wp\/?attachment_id=839'><img loading=\"lazy\" decoding=\"async\" width=\"150\" height=\"120\" src=\"https:\/\/i0.wp.com\/fontenilles-vtt.fr\/wp\/wp-content\/uploads\/2011\/01\/VTT-Muret-Eaunes-002.jpg?resize=150%2C120&amp;ssl=1\" class=\"attachment-thumbnail size-thumbnail\" alt=\"\" srcset=\"https:\/\/i0.wp.com\/fontenilles-vtt.fr\/wp\/wp-content\/uploads\/2011\/01\/VTT-Muret-Eaunes-002.jpg?resize=150%2C120&amp;ssl=1 150w, https:\/\/i0.wp.com\/fontenilles-vtt.fr\/wp\/wp-content\/uploads\/2011\/01\/VTT-Muret-Eaunes-002.jpg?zoom=2&amp;resize=150%2C120&amp;ssl=1 300w, https:\/\/i0.wp.com\/fontenilles-vtt.fr\/wp\/wp-content\/uploads\/2011\/01\/VTT-Muret-Eaunes-002.jpg?zoom=3&amp;resize=150%2C120&amp;ssl=1 450w\" sizes=\"(max-width: 150px) 100vw, 150px\" data-attachment-id=\"839\" data-permalink=\"https:\/\/fontenilles-vtt.fr\/wp\/?attachment_id=839\" data-orig-file=\"https:\/\/i0.wp.com\/fontenilles-vtt.fr\/wp\/wp-content\/uploads\/2011\/01\/VTT-Muret-Eaunes-002.jpg?fit=1600%2C1200&amp;ssl=1\" data-orig-size=\"1600,1200\" data-comments-opened=\"1\" data-image-meta=\"{&quot;aperture&quot;:&quot;2.8&quot;,&quot;credit&quot;:&quot;&quot;,&quot;camera&quot;:&quot;iPhone 3G&quot;,&quot;caption&quot;:&quot;&quot;,&quot;created_timestamp&quot;:&quot;1294493862&quot;,&quot;copyright&quot;:&quot;&quot;,&quot;focal_length&quot;:&quot;0&quot;,&quot;iso&quot;:&quot;0&quot;,&quot;shutter_speed&quot;:&quot;0&quot;,&quot;title&quot;:&quot;&quot;}\" data-image-title=\"VTT Muret Eaunes 002\" data-image-description=\"\" data-image-caption=\"\" data-medium-file=\"https:\/\/i0.wp.com\/fontenilles-vtt.fr\/wp\/wp-content\/uploads\/2011\/01\/VTT-Muret-Eaunes-002.jpg?fit=300%2C225&amp;ssl=1\" data-large-file=\"https:\/\/i0.wp.com\/fontenilles-vtt.fr\/wp\/wp-content\/uploads\/2011\/01\/VTT-Muret-Eaunes-002.jpg?fit=590%2C443&amp;ssl=1\" \/><\/a>\n\t\t\t<\/dt><\/dl><br style=\"clear: both\" \/>\n\t\t<\/div>\n<\/p>\n<p><span style=\"text-decoration: underline;\">CR de dimanche 9\/1 par Fred:<br \/>\n<\/span><br \/>\nNous \u00e9tions quatre \u00e0 avoir relev\u00e9 le d\u00e9fi dimanche matin au stade de Fontenilles: J\u00e9rome, Patrick, Samuel\u00a0et moi. La petite pluie fine s&rsquo;est transform\u00e9e en pluie froide en fin de matin\u00e9e. Premi\u00e8re sortie avec le club pour Samuel \u00a0pour 26 km autour de Pujaudran, dont un passage en for\u00eat de Bouconne. Dans l&rsquo;ensemble le terrain \u00e9tait gras mais praticable, sauf sur\u00a0un\u00a0kilom\u00e8tre, ce qui a permis \u00e0 Samuel de d\u00e9couvrir la propri\u00e9t\u00e9 de la glaise locale : blocage de toutes pi\u00e8ces tournantes\u00a0 quelque soit la puissance exerc\u00e9e ( il est m\u00e9cano en course automobile, \u00e7a peut servir, pour les autres bien sur&#8230; )\u00a0! Les derniers kilom\u00e8tres ont \u00e9t\u00e9 r\u00e9alis\u00e9s sur la route pour profiter de la douche froide g\u00e9n\u00e9reusement offerte pour rincer un peu les v\u00e9los<\/p>\n","protected":false},"excerpt":{"rendered":"<p>VTT Muret Eaunes 009CR de samedi 8\/1 Nous \u00e9tions 7 au d\u00e9part \u00e0 14H \u00e0 Muret: J\u00e9r\u00f4me, Eric (!), Guillaume G, Castor, Fred, Christophe (!!) et DDP, pour une nouvelle&#8230; <\/p>\n<div class=\"read-more\"><a href=\"https:\/\/fontenilles-vtt.fr\/wp\/?p=838\">Lire la suite<\/a><\/div>\n","protected":false},"author":1,"featured_media":0,"comment_status":"open","ping_status":"closed","sticky":false,"template":"","format":"standard","meta":{"om_disable_all_campaigns":false,"_monsterinsights_skip_tracking":false,"_monsterinsights_sitenote_active":false,"_monsterinsights_sitenote_note":"","_monsterinsights_sitenote_category":0,"ngg_post_thumbnail":0,"jetpack_post_was_ever_published":false,"_jetpack_newsletter_access":"","_jetpack_dont_email_post_to_subs":false,"_jetpack_newsletter_tier_id":0,"_jetpack_memberships_contains_paywalled_content":false,"_jetpack_memberships_contains_paid_content":false,"footnotes":"","jetpack_publicize_message":"","jetpack_publicize_feature_enabled":true,"jetpack_social_post_already_shared":false,"jetpack_social_options":{"image_generator_settings":{"template":"highway","enabled":false},"version":2}},"categories":[3],"tags":[],"jetpack_publicize_connections":[],"aioseo_notices":[],"jetpack_featured_media_url":"","jetpack_sharing_enabled":true,"jetpack_shortlink":"https:\/\/wp.me\/p9SYmx-dw","jetpack-related-posts":[],"post_mailing_queue_ids":[],"_links":{"self":[{"href":"https:\/\/fontenilles-vtt.fr\/wp\/index.php?rest_route=\/wp\/v2\/posts\/838"}],"collection":[{"href":"https:\/\/fontenilles-vtt.fr\/wp\/index.php?rest_route=\/wp\/v2\/posts"}],"about":[{"href":"https:\/\/fontenilles-vtt.fr\/wp\/index.php?rest_route=\/wp\/v2\/types\/post"}],"author":[{"embeddable":true,"href":"https:\/\/fontenilles-vtt.fr\/wp\/index.php?rest_route=\/wp\/v2\/users\/1"}],"replies":[{"embeddable":true,"href":"https:\/\/fontenilles-vtt.fr\/wp\/index.php?rest_route=%2Fwp%2Fv2%2Fcomments&post=838"}],"version-history":[{"count":2,"href":"https:\/\/fontenilles-vtt.fr\/wp\/index.php?rest_route=\/wp\/v2\/posts\/838\/revisions"}],"predecessor-version":[{"id":844,"href":"https:\/\/fontenilles-vtt.fr\/wp\/index.php?rest_route=\/wp\/v2\/posts\/838\/revisions\/844"}],"wp:attachment":[{"href":"https:\/\/fontenilles-vtt.fr\/wp\/index.php?rest_route=%2Fwp%2Fv2%2Fmedia&parent=838"}],"wp:term":[{"taxonomy":"category","embeddable":true,"href":"https:\/\/fontenilles-vtt.fr\/wp\/index.php?rest_route=%2Fwp%2Fv2%2Fcategories&post=838"},{"taxonomy":"post_tag","embeddable":true,"href":"https:\/\/fontenilles-vtt.fr\/wp\/index.php?rest_route=%2Fwp%2Fv2%2Ftags&post=838"}],"curies":[{"name":"wp","href":"https:\/\/api.w.org\/{rel}","templated":true}]}}