{"id":847,"date":"2011-01-25T11:00:36","date_gmt":"2011-01-25T10:00:36","guid":{"rendered":"http:\/\/fontenillesvtt.fr\/wp\/?p=847"},"modified":"2011-01-25T11:00:36","modified_gmt":"2011-01-25T10:00:36","slug":"challenge-de-lomagne-2e-etape-a-fleurance-25-jan","status":"publish","type":"post","link":"https:\/\/fontenilles-vtt.fr\/wp\/?p=847","title":{"rendered":"Challenge de Lomagne, 2e \u00e9tape \u00e0 Fleurance, 25 jan"},"content":{"rendered":"<p>Pour la\u00a0seconde manche du challenge de la Lomagne, quatre VTTistes de Fontenilles VTT avaient fait le d\u00e9placement \u00e0 Fleurance : Guillaume junior, Samuel, Lionel et Fred.<\/p>\n<p>Un beau soleil rendait le froid supportable. D\u00e8s les premiers tours de p\u00e9dale, Fred regrettait de s&rsquo;\u00eatre \u00e9quip\u00e9 comme pour une sortie dans le grand nord canadien. Au sommet de la premi\u00e8re c\u00f4te, la face externe de son bouclier thermique approchait les 1 000\u00b0C, mena\u00e7ant la structure interne du v\u00e9lo et du cycliste! Un terrain particuli\u00e8rement roulant avec un sol gel\u00e9 permettait au groupe d&rsquo;atteindre le ravitaillement sans encombre. Puis Samuel s&rsquo;envolait vers la t\u00eate de course tandis que le trio emmen\u00e9 par Guillaume poursuivait sa route. Sur un beau chemin de terre, Guillaume, toujours tr\u00e8s attentionn\u00e9, eut la bonne id\u00e9e de passer \u00e0 l&rsquo;arri\u00e8re du groupe pour perdre le contr\u00f4le de son v\u00e9lo \u00e0 plus de 30km\/h sur une orni\u00e8re bien durcie par le gel. Plus de peur que de mal, le carambolage g\u00e9n\u00e9ralis\u00e9 fut \u00e9vit\u00e9 de peu !<\/p>\n<p>C&rsquo;est \u00e0 peu pr\u00eat \u00e0 ce moment l\u00e0 que le diesel de Fred a atteint sa temp\u00e9rature de croisi\u00e8re, et\u00a0 que celui-ci, plut\u00f4t boulet de taulard dans les premiers kilom\u00e8tres, s&rsquo;est transform\u00e9 en boulet de canon, nous ouvrant la route \u00e0 Alta Velocit\u00e0.<\/p>\n<p>Finalement les 31 km furent aval\u00e9s en un temps record : 1h12 pour le premier. Quelques secondes de plus pour Samuel, suivi quelques dizaines de minutes plus loin par le trio.<br \/>\n\n\t\t<style type=\"text\/css\">\n\t\t\t#gallery-1 {\n\t\t\t\tmargin: auto;\n\t\t\t}\n\t\t\t#gallery-1 .gallery-item {\n\t\t\t\tfloat: left;\n\t\t\t\tmargin-top: 10px;\n\t\t\t\ttext-align: center;\n\t\t\t\twidth: 33%;\n\t\t\t}\n\t\t\t#gallery-1 img {\n\t\t\t\tborder: 2px solid #cfcfcf;\n\t\t\t}\n\t\t\t#gallery-1 .gallery-caption {\n\t\t\t\tmargin-left: 0;\n\t\t\t}\n\t\t\t\/* see gallery_shortcode() in wp-includes\/media.php *\/\n\t\t<\/style>\n\t\t<div data-carousel-extra='{\"blog_id\":1,\"permalink\":\"https:\\\/\\\/fontenilles-vtt.fr\\\/wp\\\/?p=847\"}' id='gallery-1' class='gallery galleryid-847 gallery-columns-3 gallery-size-thumbnail'><dl class='gallery-item'>\n\t\t\t<dt class='gallery-icon portrait'>\n\t\t\t\t<a href='https:\/\/fontenilles-vtt.fr\/wp\/?attachment_id=848'><img loading=\"lazy\" decoding=\"async\" width=\"150\" height=\"120\" src=\"https:\/\/i0.wp.com\/fontenilles-vtt.fr\/wp\/wp-content\/uploads\/2011\/01\/DSC02779.jpg?resize=150%2C120&amp;ssl=1\" class=\"attachment-thumbnail size-thumbnail\" alt=\"\" srcset=\"https:\/\/i0.wp.com\/fontenilles-vtt.fr\/wp\/wp-content\/uploads\/2011\/01\/DSC02779.jpg?resize=150%2C120&amp;ssl=1 150w, https:\/\/i0.wp.com\/fontenilles-vtt.fr\/wp\/wp-content\/uploads\/2011\/01\/DSC02779.jpg?zoom=2&amp;resize=150%2C120&amp;ssl=1 300w, https:\/\/i0.wp.com\/fontenilles-vtt.fr\/wp\/wp-content\/uploads\/2011\/01\/DSC02779.jpg?zoom=3&amp;resize=150%2C120&amp;ssl=1 450w\" sizes=\"(max-width: 150px) 100vw, 150px\" data-attachment-id=\"848\" data-permalink=\"https:\/\/fontenilles-vtt.fr\/wp\/?attachment_id=848\" data-orig-file=\"https:\/\/i0.wp.com\/fontenilles-vtt.fr\/wp\/wp-content\/uploads\/2011\/01\/DSC02779.jpg?fit=1944%2C2592&amp;ssl=1\" data-orig-size=\"1944,2592\" data-comments-opened=\"1\" data-image-meta=\"{&quot;aperture&quot;:&quot;7.1&quot;,&quot;credit&quot;:&quot;&quot;,&quot;camera&quot;:&quot;DSC-W55&quot;,&quot;caption&quot;:&quot;&quot;,&quot;created_timestamp&quot;:&quot;1295778084&quot;,&quot;copyright&quot;:&quot;&quot;,&quot;focal_length&quot;:&quot;6.3&quot;,&quot;iso&quot;:&quot;100&quot;,&quot;shutter_speed&quot;:&quot;0.004&quot;,&quot;title&quot;:&quot;&quot;}\" data-image-title=\"Sam au taquet\" data-image-description=\"\" data-image-caption=\"\" data-medium-file=\"https:\/\/i0.wp.com\/fontenilles-vtt.fr\/wp\/wp-content\/uploads\/2011\/01\/DSC02779.jpg?fit=180%2C240&amp;ssl=1\" data-large-file=\"https:\/\/i0.wp.com\/fontenilles-vtt.fr\/wp\/wp-content\/uploads\/2011\/01\/DSC02779.jpg?fit=576%2C768&amp;ssl=1\" \/><\/a>\n\t\t\t<\/dt><\/dl><dl class='gallery-item'>\n\t\t\t<dt class='gallery-icon landscape'>\n\t\t\t\t<a href='https:\/\/fontenilles-vtt.fr\/wp\/?attachment_id=849'><img loading=\"lazy\" decoding=\"async\" width=\"150\" height=\"120\" src=\"https:\/\/i0.wp.com\/fontenilles-vtt.fr\/wp\/wp-content\/uploads\/2011\/01\/DSC02784.jpg?resize=150%2C120&amp;ssl=1\" class=\"attachment-thumbnail size-thumbnail\" alt=\"\" srcset=\"https:\/\/i0.wp.com\/fontenilles-vtt.fr\/wp\/wp-content\/uploads\/2011\/01\/DSC02784.jpg?resize=150%2C120&amp;ssl=1 150w, https:\/\/i0.wp.com\/fontenilles-vtt.fr\/wp\/wp-content\/uploads\/2011\/01\/DSC02784.jpg?zoom=2&amp;resize=150%2C120&amp;ssl=1 300w, https:\/\/i0.wp.com\/fontenilles-vtt.fr\/wp\/wp-content\/uploads\/2011\/01\/DSC02784.jpg?zoom=3&amp;resize=150%2C120&amp;ssl=1 450w\" sizes=\"(max-width: 150px) 100vw, 150px\" data-attachment-id=\"849\" data-permalink=\"https:\/\/fontenilles-vtt.fr\/wp\/?attachment_id=849\" data-orig-file=\"https:\/\/i0.wp.com\/fontenilles-vtt.fr\/wp\/wp-content\/uploads\/2011\/01\/DSC02784.jpg?fit=2592%2C1944&amp;ssl=1\" data-orig-size=\"2592,1944\" data-comments-opened=\"1\" data-image-meta=\"{&quot;aperture&quot;:&quot;4.5&quot;,&quot;credit&quot;:&quot;&quot;,&quot;camera&quot;:&quot;DSC-W55&quot;,&quot;caption&quot;:&quot;&quot;,&quot;created_timestamp&quot;:&quot;1295778155&quot;,&quot;copyright&quot;:&quot;&quot;,&quot;focal_length&quot;:&quot;14.3&quot;,&quot;iso&quot;:&quot;100&quot;,&quot;shutter_speed&quot;:&quot;0.0025&quot;,&quot;title&quot;:&quot;&quot;}\" data-image-title=\"balade?\" data-image-description=\"\" data-image-caption=\"\" data-medium-file=\"https:\/\/i0.wp.com\/fontenilles-vtt.fr\/wp\/wp-content\/uploads\/2011\/01\/DSC02784.jpg?fit=300%2C225&amp;ssl=1\" data-large-file=\"https:\/\/i0.wp.com\/fontenilles-vtt.fr\/wp\/wp-content\/uploads\/2011\/01\/DSC02784.jpg?fit=590%2C443&amp;ssl=1\" \/><\/a>\n\t\t\t<\/dt><\/dl><dl class='gallery-item'>\n\t\t\t<dt class='gallery-icon portrait'>\n\t\t\t\t<a href='https:\/\/fontenilles-vtt.fr\/wp\/?attachment_id=850'><img loading=\"lazy\" decoding=\"async\" width=\"150\" height=\"120\" src=\"https:\/\/i0.wp.com\/fontenilles-vtt.fr\/wp\/wp-content\/uploads\/2011\/01\/DSC02785.jpg?resize=150%2C120&amp;ssl=1\" class=\"attachment-thumbnail size-thumbnail\" alt=\"\" srcset=\"https:\/\/i0.wp.com\/fontenilles-vtt.fr\/wp\/wp-content\/uploads\/2011\/01\/DSC02785.jpg?resize=150%2C120&amp;ssl=1 150w, https:\/\/i0.wp.com\/fontenilles-vtt.fr\/wp\/wp-content\/uploads\/2011\/01\/DSC02785.jpg?zoom=2&amp;resize=150%2C120&amp;ssl=1 300w, https:\/\/i0.wp.com\/fontenilles-vtt.fr\/wp\/wp-content\/uploads\/2011\/01\/DSC02785.jpg?zoom=3&amp;resize=150%2C120&amp;ssl=1 450w\" sizes=\"(max-width: 150px) 100vw, 150px\" data-attachment-id=\"850\" data-permalink=\"https:\/\/fontenilles-vtt.fr\/wp\/?attachment_id=850\" data-orig-file=\"https:\/\/i0.wp.com\/fontenilles-vtt.fr\/wp\/wp-content\/uploads\/2011\/01\/DSC02785.jpg?fit=1944%2C2592&amp;ssl=1\" data-orig-size=\"1944,2592\" data-comments-opened=\"1\" data-image-meta=\"{&quot;aperture&quot;:&quot;7.1&quot;,&quot;credit&quot;:&quot;&quot;,&quot;camera&quot;:&quot;DSC-W55&quot;,&quot;caption&quot;:&quot;&quot;,&quot;created_timestamp&quot;:&quot;1295778170&quot;,&quot;copyright&quot;:&quot;&quot;,&quot;focal_length&quot;:&quot;6.3&quot;,&quot;iso&quot;:&quot;100&quot;,&quot;shutter_speed&quot;:&quot;0.005&quot;,&quot;title&quot;:&quot;&quot;}\" data-image-title=\"5 couches, c&amp;rsquo;est beaucoup\" data-image-description=\"\" data-image-caption=\"\" data-medium-file=\"https:\/\/i0.wp.com\/fontenilles-vtt.fr\/wp\/wp-content\/uploads\/2011\/01\/DSC02785.jpg?fit=180%2C240&amp;ssl=1\" data-large-file=\"https:\/\/i0.wp.com\/fontenilles-vtt.fr\/wp\/wp-content\/uploads\/2011\/01\/DSC02785.jpg?fit=576%2C768&amp;ssl=1\" \/><\/a>\n\t\t\t<\/dt><\/dl><br style=\"clear: both\" \/><dl class='gallery-item'>\n\t\t\t<dt class='gallery-icon landscape'>\n\t\t\t\t<a href='https:\/\/fontenilles-vtt.fr\/wp\/?attachment_id=851'><img loading=\"lazy\" decoding=\"async\" width=\"150\" height=\"120\" src=\"https:\/\/i0.wp.com\/fontenilles-vtt.fr\/wp\/wp-content\/uploads\/2011\/01\/DSC02786.jpg?resize=150%2C120&amp;ssl=1\" class=\"attachment-thumbnail size-thumbnail\" alt=\"\" srcset=\"https:\/\/i0.wp.com\/fontenilles-vtt.fr\/wp\/wp-content\/uploads\/2011\/01\/DSC02786.jpg?resize=150%2C120&amp;ssl=1 150w, https:\/\/i0.wp.com\/fontenilles-vtt.fr\/wp\/wp-content\/uploads\/2011\/01\/DSC02786.jpg?zoom=2&amp;resize=150%2C120&amp;ssl=1 300w, https:\/\/i0.wp.com\/fontenilles-vtt.fr\/wp\/wp-content\/uploads\/2011\/01\/DSC02786.jpg?zoom=3&amp;resize=150%2C120&amp;ssl=1 450w\" sizes=\"(max-width: 150px) 100vw, 150px\" data-attachment-id=\"851\" data-permalink=\"https:\/\/fontenilles-vtt.fr\/wp\/?attachment_id=851\" data-orig-file=\"https:\/\/i0.wp.com\/fontenilles-vtt.fr\/wp\/wp-content\/uploads\/2011\/01\/DSC02786.jpg?fit=2592%2C1944&amp;ssl=1\" data-orig-size=\"2592,1944\" data-comments-opened=\"1\" data-image-meta=\"{&quot;aperture&quot;:&quot;7.1&quot;,&quot;credit&quot;:&quot;&quot;,&quot;camera&quot;:&quot;DSC-W55&quot;,&quot;caption&quot;:&quot;&quot;,&quot;created_timestamp&quot;:&quot;1295778228&quot;,&quot;copyright&quot;:&quot;&quot;,&quot;focal_length&quot;:&quot;6.3&quot;,&quot;iso&quot;:&quot;100&quot;,&quot;shutter_speed&quot;:&quot;0.005&quot;,&quot;title&quot;:&quot;&quot;}\" data-image-title=\"Sam nous a attendu\" data-image-description=\"\" data-image-caption=\"\" data-medium-file=\"https:\/\/i0.wp.com\/fontenilles-vtt.fr\/wp\/wp-content\/uploads\/2011\/01\/DSC02786.jpg?fit=300%2C225&amp;ssl=1\" data-large-file=\"https:\/\/i0.wp.com\/fontenilles-vtt.fr\/wp\/wp-content\/uploads\/2011\/01\/DSC02786.jpg?fit=590%2C443&amp;ssl=1\" \/><\/a>\n\t\t\t<\/dt><\/dl><dl class='gallery-item'>\n\t\t\t<dt class='gallery-icon landscape'>\n\t\t\t\t<a href='https:\/\/fontenilles-vtt.fr\/wp\/?attachment_id=852'><img loading=\"lazy\" decoding=\"async\" width=\"150\" height=\"120\" src=\"https:\/\/i0.wp.com\/fontenilles-vtt.fr\/wp\/wp-content\/uploads\/2011\/01\/DSC02788.jpg?resize=150%2C120&amp;ssl=1\" class=\"attachment-thumbnail size-thumbnail\" alt=\"\" srcset=\"https:\/\/i0.wp.com\/fontenilles-vtt.fr\/wp\/wp-content\/uploads\/2011\/01\/DSC02788.jpg?resize=150%2C120&amp;ssl=1 150w, https:\/\/i0.wp.com\/fontenilles-vtt.fr\/wp\/wp-content\/uploads\/2011\/01\/DSC02788.jpg?zoom=2&amp;resize=150%2C120&amp;ssl=1 300w, https:\/\/i0.wp.com\/fontenilles-vtt.fr\/wp\/wp-content\/uploads\/2011\/01\/DSC02788.jpg?zoom=3&amp;resize=150%2C120&amp;ssl=1 450w\" sizes=\"(max-width: 150px) 100vw, 150px\" data-attachment-id=\"852\" data-permalink=\"https:\/\/fontenilles-vtt.fr\/wp\/?attachment_id=852\" data-orig-file=\"https:\/\/i0.wp.com\/fontenilles-vtt.fr\/wp\/wp-content\/uploads\/2011\/01\/DSC02788.jpg?fit=2592%2C1944&amp;ssl=1\" data-orig-size=\"2592,1944\" data-comments-opened=\"1\" data-image-meta=\"{&quot;aperture&quot;:&quot;7.1&quot;,&quot;credit&quot;:&quot;&quot;,&quot;camera&quot;:&quot;DSC-W55&quot;,&quot;caption&quot;:&quot;&quot;,&quot;created_timestamp&quot;:&quot;1295778246&quot;,&quot;copyright&quot;:&quot;&quot;,&quot;focal_length&quot;:&quot;6.3&quot;,&quot;iso&quot;:&quot;100&quot;,&quot;shutter_speed&quot;:&quot;0.00625&quot;,&quot;title&quot;:&quot;&quot;}\" data-image-title=\"ravito rapide\" data-image-description=\"\" data-image-caption=\"\" data-medium-file=\"https:\/\/i0.wp.com\/fontenilles-vtt.fr\/wp\/wp-content\/uploads\/2011\/01\/DSC02788.jpg?fit=300%2C225&amp;ssl=1\" data-large-file=\"https:\/\/i0.wp.com\/fontenilles-vtt.fr\/wp\/wp-content\/uploads\/2011\/01\/DSC02788.jpg?fit=590%2C443&amp;ssl=1\" \/><\/a>\n\t\t\t<\/dt><\/dl><dl class='gallery-item'>\n\t\t\t<dt class='gallery-icon landscape'>\n\t\t\t\t<a href='https:\/\/fontenilles-vtt.fr\/wp\/?attachment_id=853'><img loading=\"lazy\" decoding=\"async\" width=\"150\" height=\"120\" src=\"https:\/\/i0.wp.com\/fontenilles-vtt.fr\/wp\/wp-content\/uploads\/2011\/01\/DSC02790.jpg?resize=150%2C120&amp;ssl=1\" class=\"attachment-thumbnail size-thumbnail\" alt=\"\" srcset=\"https:\/\/i0.wp.com\/fontenilles-vtt.fr\/wp\/wp-content\/uploads\/2011\/01\/DSC02790.jpg?resize=150%2C120&amp;ssl=1 150w, https:\/\/i0.wp.com\/fontenilles-vtt.fr\/wp\/wp-content\/uploads\/2011\/01\/DSC02790.jpg?zoom=2&amp;resize=150%2C120&amp;ssl=1 300w, https:\/\/i0.wp.com\/fontenilles-vtt.fr\/wp\/wp-content\/uploads\/2011\/01\/DSC02790.jpg?zoom=3&amp;resize=150%2C120&amp;ssl=1 450w\" sizes=\"(max-width: 150px) 100vw, 150px\" data-attachment-id=\"853\" data-permalink=\"https:\/\/fontenilles-vtt.fr\/wp\/?attachment_id=853\" data-orig-file=\"https:\/\/i0.wp.com\/fontenilles-vtt.fr\/wp\/wp-content\/uploads\/2011\/01\/DSC02790.jpg?fit=2592%2C1944&amp;ssl=1\" data-orig-size=\"2592,1944\" data-comments-opened=\"1\" data-image-meta=\"{&quot;aperture&quot;:&quot;2.8&quot;,&quot;credit&quot;:&quot;&quot;,&quot;camera&quot;:&quot;DSC-W55&quot;,&quot;caption&quot;:&quot;&quot;,&quot;created_timestamp&quot;:&quot;1295779159&quot;,&quot;copyright&quot;:&quot;&quot;,&quot;focal_length&quot;:&quot;6.3&quot;,&quot;iso&quot;:&quot;100&quot;,&quot;shutter_speed&quot;:&quot;0.008&quot;,&quot;title&quot;:&quot;&quot;}\" data-image-title=\"Beau bras Guillaume\" data-image-description=\"\" data-image-caption=\"\" data-medium-file=\"https:\/\/i0.wp.com\/fontenilles-vtt.fr\/wp\/wp-content\/uploads\/2011\/01\/DSC02790.jpg?fit=300%2C225&amp;ssl=1\" data-large-file=\"https:\/\/i0.wp.com\/fontenilles-vtt.fr\/wp\/wp-content\/uploads\/2011\/01\/DSC02790.jpg?fit=590%2C443&amp;ssl=1\" \/><\/a>\n\t\t\t<\/dt><\/dl><br style=\"clear: both\" \/><dl class='gallery-item'>\n\t\t\t<dt class='gallery-icon landscape'>\n\t\t\t\t<a href='https:\/\/fontenilles-vtt.fr\/wp\/?attachment_id=854'><img loading=\"lazy\" decoding=\"async\" width=\"150\" height=\"120\" src=\"https:\/\/i0.wp.com\/fontenilles-vtt.fr\/wp\/wp-content\/uploads\/2011\/01\/DSC02793.jpg?resize=150%2C120&amp;ssl=1\" class=\"attachment-thumbnail size-thumbnail\" alt=\"\" srcset=\"https:\/\/i0.wp.com\/fontenilles-vtt.fr\/wp\/wp-content\/uploads\/2011\/01\/DSC02793.jpg?resize=150%2C120&amp;ssl=1 150w, https:\/\/i0.wp.com\/fontenilles-vtt.fr\/wp\/wp-content\/uploads\/2011\/01\/DSC02793.jpg?zoom=2&amp;resize=150%2C120&amp;ssl=1 300w, https:\/\/i0.wp.com\/fontenilles-vtt.fr\/wp\/wp-content\/uploads\/2011\/01\/DSC02793.jpg?zoom=3&amp;resize=150%2C120&amp;ssl=1 450w\" sizes=\"(max-width: 150px) 100vw, 150px\" data-attachment-id=\"854\" data-permalink=\"https:\/\/fontenilles-vtt.fr\/wp\/?attachment_id=854\" data-orig-file=\"https:\/\/i0.wp.com\/fontenilles-vtt.fr\/wp\/wp-content\/uploads\/2011\/01\/DSC02793.jpg?fit=2592%2C1944&amp;ssl=1\" data-orig-size=\"2592,1944\" data-comments-opened=\"1\" data-image-meta=\"{&quot;aperture&quot;:&quot;5.2&quot;,&quot;credit&quot;:&quot;&quot;,&quot;camera&quot;:&quot;DSC-W55&quot;,&quot;caption&quot;:&quot;&quot;,&quot;created_timestamp&quot;:&quot;1295779658&quot;,&quot;copyright&quot;:&quot;&quot;,&quot;focal_length&quot;:&quot;18.9&quot;,&quot;iso&quot;:&quot;100&quot;,&quot;shutter_speed&quot;:&quot;0.003125&quot;,&quot;title&quot;:&quot;&quot;}\" data-image-title=\"premi\u00e8res mont\u00e9es, Fred a chaud\" data-image-description=\"\" data-image-caption=\"\" data-medium-file=\"https:\/\/i0.wp.com\/fontenilles-vtt.fr\/wp\/wp-content\/uploads\/2011\/01\/DSC02793.jpg?fit=300%2C225&amp;ssl=1\" data-large-file=\"https:\/\/i0.wp.com\/fontenilles-vtt.fr\/wp\/wp-content\/uploads\/2011\/01\/DSC02793.jpg?fit=590%2C443&amp;ssl=1\" \/><\/a>\n\t\t\t<\/dt><\/dl><dl class='gallery-item'>\n\t\t\t<dt class='gallery-icon landscape'>\n\t\t\t\t<a href='https:\/\/fontenilles-vtt.fr\/wp\/?attachment_id=855'><img loading=\"lazy\" decoding=\"async\" width=\"150\" height=\"120\" src=\"https:\/\/i0.wp.com\/fontenilles-vtt.fr\/wp\/wp-content\/uploads\/2011\/01\/DSC02794.jpg?resize=150%2C120&amp;ssl=1\" class=\"attachment-thumbnail size-thumbnail\" alt=\"\" srcset=\"https:\/\/i0.wp.com\/fontenilles-vtt.fr\/wp\/wp-content\/uploads\/2011\/01\/DSC02794.jpg?resize=150%2C120&amp;ssl=1 150w, https:\/\/i0.wp.com\/fontenilles-vtt.fr\/wp\/wp-content\/uploads\/2011\/01\/DSC02794.jpg?zoom=2&amp;resize=150%2C120&amp;ssl=1 300w, https:\/\/i0.wp.com\/fontenilles-vtt.fr\/wp\/wp-content\/uploads\/2011\/01\/DSC02794.jpg?zoom=3&amp;resize=150%2C120&amp;ssl=1 450w\" sizes=\"(max-width: 150px) 100vw, 150px\" data-attachment-id=\"855\" data-permalink=\"https:\/\/fontenilles-vtt.fr\/wp\/?attachment_id=855\" data-orig-file=\"https:\/\/i0.wp.com\/fontenilles-vtt.fr\/wp\/wp-content\/uploads\/2011\/01\/DSC02794.jpg?fit=2592%2C1944&amp;ssl=1\" data-orig-size=\"2592,1944\" data-comments-opened=\"1\" data-image-meta=\"{&quot;aperture&quot;:&quot;7.1&quot;,&quot;credit&quot;:&quot;&quot;,&quot;camera&quot;:&quot;DSC-W55&quot;,&quot;caption&quot;:&quot;&quot;,&quot;created_timestamp&quot;:&quot;1295780472&quot;,&quot;copyright&quot;:&quot;&quot;,&quot;focal_length&quot;:&quot;6.3&quot;,&quot;iso&quot;:&quot;100&quot;,&quot;shutter_speed&quot;:&quot;0.005&quot;,&quot;title&quot;:&quot;&quot;}\" data-image-title=\"Coucou\" data-image-description=\"\" data-image-caption=\"\" data-medium-file=\"https:\/\/i0.wp.com\/fontenilles-vtt.fr\/wp\/wp-content\/uploads\/2011\/01\/DSC02794.jpg?fit=300%2C225&amp;ssl=1\" data-large-file=\"https:\/\/i0.wp.com\/fontenilles-vtt.fr\/wp\/wp-content\/uploads\/2011\/01\/DSC02794.jpg?fit=590%2C443&amp;ssl=1\" \/><\/a>\n\t\t\t<\/dt><\/dl>\n\t\t\t<br style='clear: both' \/>\n\t\t<\/div>\n<br \/>\nUne sortie bien vivifiante !<\/p>\n","protected":false},"excerpt":{"rendered":"<p>Pour la\u00a0seconde manche du challenge de la Lomagne, quatre VTTistes de Fontenilles VTT avaient fait le d\u00e9placement \u00e0 Fleurance : Guillaume junior, Samuel, Lionel et Fred. Un beau soleil rendait&#8230; <\/p>\n<div class=\"read-more\"><a href=\"https:\/\/fontenilles-vtt.fr\/wp\/?p=847\">Lire la suite<\/a><\/div>\n","protected":false},"author":1,"featured_media":0,"comment_status":"open","ping_status":"closed","sticky":false,"template":"","format":"standard","meta":{"om_disable_all_campaigns":false,"_monsterinsights_skip_tracking":false,"_monsterinsights_sitenote_active":false,"_monsterinsights_sitenote_note":"","_monsterinsights_sitenote_category":0,"ngg_post_thumbnail":0,"jetpack_post_was_ever_published":false,"_jetpack_newsletter_access":"","_jetpack_dont_email_post_to_subs":false,"_jetpack_newsletter_tier_id":0,"_jetpack_memberships_contains_paywalled_content":false,"_jetpack_memberships_contains_paid_content":false,"footnotes":"","jetpack_publicize_message":"","jetpack_publicize_feature_enabled":true,"jetpack_social_post_already_shared":false,"jetpack_social_options":{"image_generator_settings":{"template":"highway","enabled":false},"version":2}},"categories":[4],"tags":[],"jetpack_publicize_connections":[],"aioseo_notices":[],"jetpack_featured_media_url":"","jetpack_sharing_enabled":true,"jetpack_shortlink":"https:\/\/wp.me\/p9SYmx-dF","jetpack-related-posts":[],"post_mailing_queue_ids":[],"_links":{"self":[{"href":"https:\/\/fontenilles-vtt.fr\/wp\/index.php?rest_route=\/wp\/v2\/posts\/847"}],"collection":[{"href":"https:\/\/fontenilles-vtt.fr\/wp\/index.php?rest_route=\/wp\/v2\/posts"}],"about":[{"href":"https:\/\/fontenilles-vtt.fr\/wp\/index.php?rest_route=\/wp\/v2\/types\/post"}],"author":[{"embeddable":true,"href":"https:\/\/fontenilles-vtt.fr\/wp\/index.php?rest_route=\/wp\/v2\/users\/1"}],"replies":[{"embeddable":true,"href":"https:\/\/fontenilles-vtt.fr\/wp\/index.php?rest_route=%2Fwp%2Fv2%2Fcomments&post=847"}],"version-history":[{"count":3,"href":"https:\/\/fontenilles-vtt.fr\/wp\/index.php?rest_route=\/wp\/v2\/posts\/847\/revisions"}],"predecessor-version":[{"id":858,"href":"https:\/\/fontenilles-vtt.fr\/wp\/index.php?rest_route=\/wp\/v2\/posts\/847\/revisions\/858"}],"wp:attachment":[{"href":"https:\/\/fontenilles-vtt.fr\/wp\/index.php?rest_route=%2Fwp%2Fv2%2Fmedia&parent=847"}],"wp:term":[{"taxonomy":"category","embeddable":true,"href":"https:\/\/fontenilles-vtt.fr\/wp\/index.php?rest_route=%2Fwp%2Fv2%2Fcategories&post=847"},{"taxonomy":"post_tag","embeddable":true,"href":"https:\/\/fontenilles-vtt.fr\/wp\/index.php?rest_route=%2Fwp%2Fv2%2Ftags&post=847"}],"curies":[{"name":"wp","href":"https:\/\/api.w.org\/{rel}","templated":true}]}}