{"id":866,"date":"2011-02-07T10:08:48","date_gmt":"2011-02-07T09:08:48","guid":{"rendered":"http:\/\/fontenillesvtt.fr\/wp\/?p=866"},"modified":"2011-02-07T10:08:48","modified_gmt":"2011-02-07T09:08:48","slug":"challenge-de-lomagne-3e-etape-cologne","status":"publish","type":"post","link":"https:\/\/fontenilles-vtt.fr\/wp\/?p=866","title":{"rendered":"Challenge de Lomagne- 3e \u00e9tape, Cologne"},"content":{"rendered":"<p>Et VTT Fontenilles \u00e9tait de retour ce WE sur les chemins du Gers, avec une participation active \u00e0 la comp\u00e9tition et \u00e0 la randonn\u00e9e de nos amis de Cologne.<\/p>\n<p>Outre J\u00e9rome, courageux et rapide comp\u00e9titeur arriv\u00e9 33e, le club fut repr\u00e9sent\u00e9 par le groupe des &lsquo;bleus&rsquo; en randonn\u00e9e: Manu (2e sortie avec nous), Samuel, Guillaume Gazagne, Philppe Prat et Lionel.<\/p>\n<div id=\"attachment_867\" style=\"width: 310px\" class=\"wp-caption alignnone\"><a href=\"https:\/\/i0.wp.com\/fontenillesvtt.fr\/wp\/wp-content\/uploads\/2011\/02\/DSC02801.jpeg\"><img data-recalc-dims=\"1\" loading=\"lazy\" decoding=\"async\" aria-describedby=\"caption-attachment-867\" data-attachment-id=\"867\" data-permalink=\"https:\/\/fontenilles-vtt.fr\/wp\/?attachment_id=867\" data-orig-file=\"https:\/\/i0.wp.com\/fontenilles-vtt.fr\/wp\/wp-content\/uploads\/2011\/02\/DSC02801.jpeg?fit=1280%2C960&amp;ssl=1\" data-orig-size=\"1280,960\" data-comments-opened=\"1\" data-image-meta=\"{&quot;aperture&quot;:&quot;0&quot;,&quot;credit&quot;:&quot;&quot;,&quot;camera&quot;:&quot;&quot;,&quot;caption&quot;:&quot;&quot;,&quot;created_timestamp&quot;:&quot;0&quot;,&quot;copyright&quot;:&quot;&quot;,&quot;focal_length&quot;:&quot;0&quot;,&quot;iso&quot;:&quot;0&quot;,&quot;shutter_speed&quot;:&quot;0&quot;,&quot;title&quot;:&quot;&quot;}\" data-image-title=\"la drean team\" data-image-description=\"\" data-image-caption=\"&lt;p&gt;Beau sourire de Samuel&lt;\/p&gt;\n\" data-medium-file=\"https:\/\/i0.wp.com\/fontenilles-vtt.fr\/wp\/wp-content\/uploads\/2011\/02\/DSC02801.jpeg?fit=300%2C225&amp;ssl=1\" data-large-file=\"https:\/\/i0.wp.com\/fontenilles-vtt.fr\/wp\/wp-content\/uploads\/2011\/02\/DSC02801.jpeg?fit=590%2C443&amp;ssl=1\" class=\"size-medium wp-image-867\" title=\"la drean team\" src=\"https:\/\/i0.wp.com\/fontenillesvtt.fr\/wp\/wp-content\/uploads\/2011\/02\/DSC02801-300x225.jpg?resize=300%2C225\" alt=\"\" width=\"300\" height=\"225\" srcset=\"https:\/\/i0.wp.com\/fontenilles-vtt.fr\/wp\/wp-content\/uploads\/2011\/02\/DSC02801.jpeg?resize=300%2C225&amp;ssl=1 300w, https:\/\/i0.wp.com\/fontenilles-vtt.fr\/wp\/wp-content\/uploads\/2011\/02\/DSC02801.jpeg?resize=1024%2C768&amp;ssl=1 1024w, https:\/\/i0.wp.com\/fontenilles-vtt.fr\/wp\/wp-content\/uploads\/2011\/02\/DSC02801.jpeg?w=1280&amp;ssl=1 1280w, https:\/\/i0.wp.com\/fontenilles-vtt.fr\/wp\/wp-content\/uploads\/2011\/02\/DSC02801.jpeg?w=1180&amp;ssl=1 1180w\" sizes=\"(max-width: 300px) 100vw, 300px\" \/><\/a><p id=\"caption-attachment-867\" class=\"wp-caption-text\">Beau sourire de Samuel<\/p><\/div>\n<p>Les conditions \u00e9taient int\u00e9ressantes: froid humide et p\u00e9n\u00e9trant en d\u00e9but de matin\u00e9e, entour\u00e9 d&rsquo;un brouillard \u00e9pais, puis beau soleil en sortant des bords du lac, le tout sur un chemin avec une boue juste assez humide pour coller aux pneus sans \u00eatre vraiment glissant.<\/p>\n<p>D\u00e9part en fin de peloton pour le groupe des randonneurs, avec Samuel \u00e0 la bourre, puis le groupe se s\u00e9pare suivant le rythme de chacun. Samuel double en trombe tout le monde, Guillaume part en \u00e9claireur avec des amis, Manu et Lionel se tirent la bourre jusqu&rsquo;\u00e0 un beau soleil de Lionel dans une orni\u00e8re boueuse, et Philippe joue le r\u00f4le de voiture balais, tranquillement mais surement.<a href=\"https:\/\/i0.wp.com\/fontenillesvtt.fr\/wp\/wp-content\/uploads\/2011\/02\/DSC02799.jpeg\"><img data-recalc-dims=\"1\" loading=\"lazy\" decoding=\"async\" data-attachment-id=\"868\" data-permalink=\"https:\/\/fontenilles-vtt.fr\/wp\/?attachment_id=868\" data-orig-file=\"https:\/\/i0.wp.com\/fontenilles-vtt.fr\/wp\/wp-content\/uploads\/2011\/02\/DSC02799.jpeg?fit=960%2C1280&amp;ssl=1\" data-orig-size=\"960,1280\" data-comments-opened=\"1\" data-image-meta=\"{&quot;aperture&quot;:&quot;0&quot;,&quot;credit&quot;:&quot;&quot;,&quot;camera&quot;:&quot;&quot;,&quot;caption&quot;:&quot;&quot;,&quot;created_timestamp&quot;:&quot;0&quot;,&quot;copyright&quot;:&quot;&quot;,&quot;focal_length&quot;:&quot;0&quot;,&quot;iso&quot;:&quot;0&quot;,&quot;shutter_speed&quot;:&quot;0&quot;,&quot;title&quot;:&quot;&quot;}\" data-image-title=\"Phillipe \u00e0 l&amp;rsquo;attaque\" data-image-description=\"\" data-image-caption=\"\" data-medium-file=\"https:\/\/i0.wp.com\/fontenilles-vtt.fr\/wp\/wp-content\/uploads\/2011\/02\/DSC02799.jpeg?fit=180%2C240&amp;ssl=1\" data-large-file=\"https:\/\/i0.wp.com\/fontenilles-vtt.fr\/wp\/wp-content\/uploads\/2011\/02\/DSC02799.jpeg?fit=576%2C768&amp;ssl=1\" class=\"alignnone size-medium wp-image-868\" title=\"Phillipe \u00e0 l'attaque\" src=\"https:\/\/i0.wp.com\/fontenillesvtt.fr\/wp\/wp-content\/uploads\/2011\/02\/DSC02799-180x240.jpg?resize=180%2C240\" alt=\"\" width=\"180\" height=\"240\" srcset=\"https:\/\/i0.wp.com\/fontenilles-vtt.fr\/wp\/wp-content\/uploads\/2011\/02\/DSC02799.jpeg?resize=180%2C240&amp;ssl=1 180w, https:\/\/i0.wp.com\/fontenilles-vtt.fr\/wp\/wp-content\/uploads\/2011\/02\/DSC02799.jpeg?resize=576%2C768&amp;ssl=1 576w, https:\/\/i0.wp.com\/fontenilles-vtt.fr\/wp\/wp-content\/uploads\/2011\/02\/DSC02799.jpeg?w=960&amp;ssl=1 960w\" sizes=\"(max-width: 180px) 100vw, 180px\" \/><\/a><\/p>\n<p>Premier ravito, tout le monde se retrouve pour une photo, puis on repart pour suivre de jolis chemins le long du lac, tr\u00e8s ludiques mais humides, avant d&rsquo;entrer dans la derni\u00e8re partie de la rando tout en courtes mont\u00e9es casse-pattes.<\/p>\n<p>Bravo \u00e0 tous pour cette participation en masse&#8230; mais o\u00f9 sont pass\u00e9s les anciens?????<\/p>\n","protected":false},"excerpt":{"rendered":"<p>Et VTT Fontenilles \u00e9tait de retour ce WE sur les chemins du Gers, avec une participation active \u00e0 la comp\u00e9tition et \u00e0 la randonn\u00e9e de nos amis de Cologne. Outre&#8230; <\/p>\n<div class=\"read-more\"><a href=\"https:\/\/fontenilles-vtt.fr\/wp\/?p=866\">Lire la suite<\/a><\/div>\n","protected":false},"author":1,"featured_media":0,"comment_status":"open","ping_status":"closed","sticky":false,"template":"","format":"standard","meta":{"om_disable_all_campaigns":false,"_monsterinsights_skip_tracking":false,"_monsterinsights_sitenote_active":false,"_monsterinsights_sitenote_note":"","_monsterinsights_sitenote_category":0,"ngg_post_thumbnail":0,"jetpack_post_was_ever_published":false,"_jetpack_newsletter_access":"","_jetpack_dont_email_post_to_subs":false,"_jetpack_newsletter_tier_id":0,"_jetpack_memberships_contains_paywalled_content":false,"_jetpack_memberships_contains_paid_content":false,"footnotes":"","jetpack_publicize_message":"","jetpack_publicize_feature_enabled":true,"jetpack_social_post_already_shared":false,"jetpack_social_options":{"image_generator_settings":{"template":"highway","enabled":false},"version":2}},"categories":[36],"tags":[],"jetpack_publicize_connections":[],"aioseo_notices":[],"jetpack_featured_media_url":"","jetpack_sharing_enabled":true,"jetpack_shortlink":"https:\/\/wp.me\/p9SYmx-dY","jetpack-related-posts":[],"post_mailing_queue_ids":[],"_links":{"self":[{"href":"https:\/\/fontenilles-vtt.fr\/wp\/index.php?rest_route=\/wp\/v2\/posts\/866"}],"collection":[{"href":"https:\/\/fontenilles-vtt.fr\/wp\/index.php?rest_route=\/wp\/v2\/posts"}],"about":[{"href":"https:\/\/fontenilles-vtt.fr\/wp\/index.php?rest_route=\/wp\/v2\/types\/post"}],"author":[{"embeddable":true,"href":"https:\/\/fontenilles-vtt.fr\/wp\/index.php?rest_route=\/wp\/v2\/users\/1"}],"replies":[{"embeddable":true,"href":"https:\/\/fontenilles-vtt.fr\/wp\/index.php?rest_route=%2Fwp%2Fv2%2Fcomments&post=866"}],"version-history":[{"count":1,"href":"https:\/\/fontenilles-vtt.fr\/wp\/index.php?rest_route=\/wp\/v2\/posts\/866\/revisions"}],"predecessor-version":[{"id":869,"href":"https:\/\/fontenilles-vtt.fr\/wp\/index.php?rest_route=\/wp\/v2\/posts\/866\/revisions\/869"}],"wp:attachment":[{"href":"https:\/\/fontenilles-vtt.fr\/wp\/index.php?rest_route=%2Fwp%2Fv2%2Fmedia&parent=866"}],"wp:term":[{"taxonomy":"category","embeddable":true,"href":"https:\/\/fontenilles-vtt.fr\/wp\/index.php?rest_route=%2Fwp%2Fv2%2Fcategories&post=866"},{"taxonomy":"post_tag","embeddable":true,"href":"https:\/\/fontenilles-vtt.fr\/wp\/index.php?rest_route=%2Fwp%2Fv2%2Ftags&post=866"}],"curies":[{"name":"wp","href":"https:\/\/api.w.org\/{rel}","templated":true}]}}