{"id":886,"date":"2011-04-04T19:20:30","date_gmt":"2011-04-04T17:20:30","guid":{"rendered":"http:\/\/fontenillesvtt.fr\/wp\/?p=886"},"modified":"2011-04-05T11:04:00","modified_gmt":"2011-04-05T09:04:00","slug":"crsd-du-03-avril-2011-vttfontenilles-a-la-coupe-du-monde-departemental","status":"publish","type":"post","link":"https:\/\/fontenilles-vtt.fr\/wp\/?p=886","title":{"rendered":"CRSD du 03 avril 2011: VTTFontenilles \u00e0 la coupe du monde d\u00e9partementale"},"content":{"rendered":"<p>Cette ann\u00e9e, VTTFontenilles est pr\u00e9sent aux grands \u00e9v\u00e8nements.<\/p>\n<p>Ce dimanche, l&rsquo;UFOLEP organisait une \u00e9preuve de XCountry de haut niveau, et nous \u00e9tions trois \u00e0 nous\u00a0 d\u00e9placer \u00e0 Septfonds: Sam, Manu et J\u00e9rome.<\/p>\n<p>Fred\u00a0 peut regretter de ne pas \u00eatre venu car la m\u00e9t\u00e9o\u00a0 et le terrain \u00e9taient parfaits<\/p>\n<p>Il y en avait pour tous les niveaux et nous n&rsquo;avons g\u00ean\u00e9 personne ni \u00e9t\u00e9 g\u00ean\u00e9s: un beau parcours, de 5,2 kilom\u00e8tres , \u00e0 faire 6 fois , du sinueux entre les arbres , du single caillouteux , encore du single technique , des mont\u00e9es caillouteuses\u00a0 pour se s\u00e9cher physiquement ( J\u00e9rome ) , et du roulant pour se refaire ou doubler pour les plus frais ( Samuel ! ). Manu pour sa premi\u00e8re a bien profit\u00e9 !\u00a0 apr\u00e8s s&rsquo; \u00eatre fait depass\u00e9 par les premiers dans leur sixi\u00e8me tour , il n&rsquo; a pas h\u00e9sit\u00e9\u00a0 \u00e0 refaire un tour malgr\u00e9 la fin\u00a0 de la course, surpris et en plein \u00e9ffort ,\u00a0 surement comme moi par les \u00a0\u00bb d\u00e9tails \u00a0\u00bb du r\u00e8glement de la rando <strong><em>, <\/em><\/strong> euh non &#8230; de la course !<\/p>\n<p><a href=\"https:\/\/i0.wp.com\/fontenillesvtt.fr\/wp\/wp-content\/uploads\/2011\/04\/05-04-2011-10-47-32.jpg\"><img data-recalc-dims=\"1\" loading=\"lazy\" decoding=\"async\" data-attachment-id=\"893\" data-permalink=\"https:\/\/fontenilles-vtt.fr\/wp\/?attachment_id=893\" data-orig-file=\"https:\/\/i0.wp.com\/fontenilles-vtt.fr\/wp\/wp-content\/uploads\/2011\/04\/05-04-2011-10-47-32.jpg?fit=764%2C536&amp;ssl=1\" data-orig-size=\"764,536\" data-comments-opened=\"1\" data-image-meta=\"{&quot;aperture&quot;:&quot;0&quot;,&quot;credit&quot;:&quot;&quot;,&quot;camera&quot;:&quot;&quot;,&quot;caption&quot;:&quot;&quot;,&quot;created_timestamp&quot;:&quot;0&quot;,&quot;copyright&quot;:&quot;&quot;,&quot;focal_length&quot;:&quot;0&quot;,&quot;iso&quot;:&quot;0&quot;,&quot;shutter_speed&quot;:&quot;0&quot;,&quot;title&quot;:&quot;&quot;}\" data-image-title=\"Samuel 3e\" data-image-description=\"\" data-image-caption=\"\" data-medium-file=\"https:\/\/i0.wp.com\/fontenilles-vtt.fr\/wp\/wp-content\/uploads\/2011\/04\/05-04-2011-10-47-32.jpg?fit=300%2C210&amp;ssl=1\" data-large-file=\"https:\/\/i0.wp.com\/fontenilles-vtt.fr\/wp\/wp-content\/uploads\/2011\/04\/05-04-2011-10-47-32.jpg?fit=590%2C414&amp;ssl=1\" class=\"alignnone size-medium wp-image-893\" title=\"Samuel 3e\" src=\"https:\/\/i0.wp.com\/fontenillesvtt.fr\/wp\/wp-content\/uploads\/2011\/04\/05-04-2011-10-47-32-300x210.jpg?resize=300%2C210\" alt=\"\" width=\"300\" height=\"210\" srcset=\"https:\/\/i0.wp.com\/fontenilles-vtt.fr\/wp\/wp-content\/uploads\/2011\/04\/05-04-2011-10-47-32.jpg?resize=300%2C210&amp;ssl=1 300w, https:\/\/i0.wp.com\/fontenilles-vtt.fr\/wp\/wp-content\/uploads\/2011\/04\/05-04-2011-10-47-32.jpg?w=764&amp;ssl=1 764w\" sizes=\"(max-width: 300px) 100vw, 300px\" \/><\/a><\/p>\n<p><a href=\"http:\/\/ufolep.cd31.free.fr\/crbst_10.html#anchor-VTT\">http:\/\/ufolep.cd31.free.fr\/crbst_10.html#anchor-VTT<\/a><\/p>\n<p>J&rsquo; apprend \u00e0 l&rsquo; instant les r\u00e9sultats ufolep , et Samuel ( qui n&rsquo; en savait rien !) fait podium des seniors A , dommage pour la photo sur le podium ! mais bravo Samuel<\/p>\n<p><img decoding=\"async\" src=\"file:\/\/\/D:\/Users\/lcrespel\/AppData\/Local\/Temp\/moz-screenshot.png\" alt=\"\" \/><\/p>\n<p>Vivement la prochaine !<\/p>\n<p>J\u00e9rome .<\/p>\n<p>En parall\u00e8le, le Prez, encadr\u00e9 par ses gardes du corps Fred et Lionel, faisait d\u00e9couvrir les collines du 31\u00e0 Nicolas, un petit nouveau au palmar\u00e8s non n\u00e9gligeable.<\/p>\n<p>D\u00e9part du stade mythique, nous sommes mont\u00e9s vers Bonrepos et la voie romaine, puis redescendus c\u00f4t\u00e9 Saint Lys, for\u00eat de Saigu\u00e8de, pour tourner dans les champs verdoyants autour de Foix.<\/p>\n<p>Temps cl\u00e9ment, sols boueux mais pas trop, le Prez a vite impos\u00e9 son rythme jusqu&rsquo;\u00e0 faire d\u00e9raper Fred sur le petit pont de bois qui ne tenait plus gu\u00e8re. Celui-ci \u00e0 d&rsquo;ailleurs a promis de porter plainte pour blessure aggrav\u00e9e au genou et chute dans le fleuve torrentiel (voir la photo du pont, pas de Fred car il d\u00e9tenait l&rsquo;appareil le petit malin).<\/p>\n<p><a href=\"https:\/\/i0.wp.com\/fontenillesvtt.fr\/wp\/wp-content\/uploads\/2011\/04\/IMGP0026.jpg\"><img data-recalc-dims=\"1\" loading=\"lazy\" decoding=\"async\" data-attachment-id=\"887\" data-permalink=\"https:\/\/fontenilles-vtt.fr\/wp\/?attachment_id=887\" data-orig-file=\"https:\/\/i0.wp.com\/fontenilles-vtt.fr\/wp\/wp-content\/uploads\/2011\/04\/IMGP0026.jpg?fit=3648%2C2736&amp;ssl=1\" data-orig-size=\"3648,2736\" data-comments-opened=\"1\" data-image-meta=\"{&quot;aperture&quot;:&quot;3.5&quot;,&quot;credit&quot;:&quot;&quot;,&quot;camera&quot;:&quot;PENTAX Optio W60&quot;,&quot;caption&quot;:&quot;&quot;,&quot;created_timestamp&quot;:&quot;1212495586&quot;,&quot;copyright&quot;:&quot;&quot;,&quot;focal_length&quot;:&quot;5&quot;,&quot;iso&quot;:&quot;64&quot;,&quot;shutter_speed&quot;:&quot;0.02&quot;,&quot;title&quot;:&quot;&quot;}\" data-image-title=\"encore frais au d\u00e9part\" data-image-description=\"\" data-image-caption=\"\" data-medium-file=\"https:\/\/i0.wp.com\/fontenilles-vtt.fr\/wp\/wp-content\/uploads\/2011\/04\/IMGP0026.jpg?fit=300%2C225&amp;ssl=1\" data-large-file=\"https:\/\/i0.wp.com\/fontenilles-vtt.fr\/wp\/wp-content\/uploads\/2011\/04\/IMGP0026.jpg?fit=590%2C443&amp;ssl=1\" class=\"alignnone size-medium wp-image-887\" title=\"encore frais au d\u00e9part\" src=\"https:\/\/i0.wp.com\/fontenillesvtt.fr\/wp\/wp-content\/uploads\/2011\/04\/IMGP0026-300x225.jpg?resize=300%2C225\" alt=\"\" width=\"300\" height=\"225\" srcset=\"https:\/\/i0.wp.com\/fontenilles-vtt.fr\/wp\/wp-content\/uploads\/2011\/04\/IMGP0026.jpg?resize=300%2C225&amp;ssl=1 300w, https:\/\/i0.wp.com\/fontenilles-vtt.fr\/wp\/wp-content\/uploads\/2011\/04\/IMGP0026.jpg?resize=1024%2C768&amp;ssl=1 1024w, https:\/\/i0.wp.com\/fontenilles-vtt.fr\/wp\/wp-content\/uploads\/2011\/04\/IMGP0026.jpg?w=1180&amp;ssl=1 1180w, https:\/\/i0.wp.com\/fontenilles-vtt.fr\/wp\/wp-content\/uploads\/2011\/04\/IMGP0026.jpg?w=1770&amp;ssl=1 1770w\" sizes=\"(max-width: 300px) 100vw, 300px\" \/><\/a><a href=\"https:\/\/i0.wp.com\/fontenillesvtt.fr\/wp\/wp-content\/uploads\/2011\/04\/IMGP00281.jpg\"><img data-recalc-dims=\"1\" loading=\"lazy\" decoding=\"async\" data-attachment-id=\"889\" data-permalink=\"https:\/\/fontenilles-vtt.fr\/wp\/?attachment_id=889\" data-orig-file=\"https:\/\/i0.wp.com\/fontenilles-vtt.fr\/wp\/wp-content\/uploads\/2011\/04\/IMGP00281.jpg?fit=2736%2C3648&amp;ssl=1\" data-orig-size=\"2736,3648\" data-comments-opened=\"1\" data-image-meta=\"{&quot;aperture&quot;:&quot;3.5&quot;,&quot;credit&quot;:&quot;&quot;,&quot;camera&quot;:&quot;PENTAX Optio W60&quot;,&quot;caption&quot;:&quot;&quot;,&quot;created_timestamp&quot;:&quot;1212501879&quot;,&quot;copyright&quot;:&quot;&quot;,&quot;focal_length&quot;:&quot;5&quot;,&quot;iso&quot;:&quot;125&quot;,&quot;shutter_speed&quot;:&quot;0.02&quot;,&quot;title&quot;:&quot;&quot;}\" data-image-title=\"le pont\" data-image-description=\"\" data-image-caption=\"\" data-medium-file=\"https:\/\/i0.wp.com\/fontenilles-vtt.fr\/wp\/wp-content\/uploads\/2011\/04\/IMGP00281.jpg?fit=180%2C240&amp;ssl=1\" data-large-file=\"https:\/\/i0.wp.com\/fontenilles-vtt.fr\/wp\/wp-content\/uploads\/2011\/04\/IMGP00281.jpg?fit=576%2C768&amp;ssl=1\" class=\"alignnone size-medium wp-image-889\" title=\"le pont\" src=\"https:\/\/i0.wp.com\/fontenillesvtt.fr\/wp\/wp-content\/uploads\/2011\/04\/IMGP00281-180x240.jpg?resize=180%2C240\" alt=\"\" width=\"180\" height=\"240\" srcset=\"https:\/\/i0.wp.com\/fontenilles-vtt.fr\/wp\/wp-content\/uploads\/2011\/04\/IMGP00281.jpg?resize=180%2C240&amp;ssl=1 180w, https:\/\/i0.wp.com\/fontenilles-vtt.fr\/wp\/wp-content\/uploads\/2011\/04\/IMGP00281.jpg?resize=576%2C768&amp;ssl=1 576w, https:\/\/i0.wp.com\/fontenilles-vtt.fr\/wp\/wp-content\/uploads\/2011\/04\/IMGP00281.jpg?w=1180&amp;ssl=1 1180w, https:\/\/i0.wp.com\/fontenilles-vtt.fr\/wp\/wp-content\/uploads\/2011\/04\/IMGP00281.jpg?w=1770&amp;ssl=1 1770w\" sizes=\"(max-width: 180px) 100vw, 180px\" \/><\/a><a href=\"https:\/\/i0.wp.com\/fontenillesvtt.fr\/wp\/wp-content\/uploads\/2011\/04\/IMGP0029.jpg\"><img data-recalc-dims=\"1\" loading=\"lazy\" decoding=\"async\" data-attachment-id=\"890\" data-permalink=\"https:\/\/fontenilles-vtt.fr\/wp\/?attachment_id=890\" data-orig-file=\"https:\/\/i0.wp.com\/fontenilles-vtt.fr\/wp\/wp-content\/uploads\/2011\/04\/IMGP0029.jpg?fit=3648%2C2736&amp;ssl=1\" data-orig-size=\"3648,2736\" data-comments-opened=\"1\" data-image-meta=\"{&quot;aperture&quot;:&quot;3.5&quot;,&quot;credit&quot;:&quot;&quot;,&quot;camera&quot;:&quot;PENTAX Optio W60&quot;,&quot;caption&quot;:&quot;&quot;,&quot;created_timestamp&quot;:&quot;1212501911&quot;,&quot;copyright&quot;:&quot;&quot;,&quot;focal_length&quot;:&quot;5&quot;,&quot;iso&quot;:&quot;50&quot;,&quot;shutter_speed&quot;:&quot;0.02&quot;,&quot;title&quot;:&quot;&quot;}\" data-image-title=\"IMGP0029\" data-image-description=\"\" data-image-caption=\"\" data-medium-file=\"https:\/\/i0.wp.com\/fontenilles-vtt.fr\/wp\/wp-content\/uploads\/2011\/04\/IMGP0029.jpg?fit=300%2C225&amp;ssl=1\" data-large-file=\"https:\/\/i0.wp.com\/fontenilles-vtt.fr\/wp\/wp-content\/uploads\/2011\/04\/IMGP0029.jpg?fit=590%2C443&amp;ssl=1\" class=\"alignnone size-medium wp-image-890\" title=\"IMGP0029\" src=\"https:\/\/i0.wp.com\/fontenillesvtt.fr\/wp\/wp-content\/uploads\/2011\/04\/IMGP0029-300x225.jpg?resize=300%2C225\" alt=\"\" width=\"300\" height=\"225\" srcset=\"https:\/\/i0.wp.com\/fontenilles-vtt.fr\/wp\/wp-content\/uploads\/2011\/04\/IMGP0029.jpg?resize=300%2C225&amp;ssl=1 300w, https:\/\/i0.wp.com\/fontenilles-vtt.fr\/wp\/wp-content\/uploads\/2011\/04\/IMGP0029.jpg?resize=1024%2C768&amp;ssl=1 1024w, https:\/\/i0.wp.com\/fontenilles-vtt.fr\/wp\/wp-content\/uploads\/2011\/04\/IMGP0029.jpg?w=1180&amp;ssl=1 1180w, https:\/\/i0.wp.com\/fontenilles-vtt.fr\/wp\/wp-content\/uploads\/2011\/04\/IMGP0029.jpg?w=1770&amp;ssl=1 1770w\" sizes=\"(max-width: 300px) 100vw, 300px\" \/><\/a><\/p>\n<p>Lionel<\/p>\n","protected":false},"excerpt":{"rendered":"<p>Cette ann\u00e9e, VTTFontenilles est pr\u00e9sent aux grands \u00e9v\u00e8nements. Ce dimanche, l&rsquo;UFOLEP organisait une \u00e9preuve de XCountry de haut niveau, et nous \u00e9tions trois \u00e0 nous\u00a0 d\u00e9placer \u00e0 Septfonds: Sam, Manu&#8230; <\/p>\n<div class=\"read-more\"><a href=\"https:\/\/fontenilles-vtt.fr\/wp\/?p=886\">Lire la suite<\/a><\/div>\n","protected":false},"author":1,"featured_media":0,"comment_status":"open","ping_status":"closed","sticky":false,"template":"","format":"standard","meta":{"om_disable_all_campaigns":false,"_monsterinsights_skip_tracking":false,"_monsterinsights_sitenote_active":false,"_monsterinsights_sitenote_note":"","_monsterinsights_sitenote_category":0,"ngg_post_thumbnail":0,"jetpack_post_was_ever_published":false,"_jetpack_newsletter_access":"","_jetpack_dont_email_post_to_subs":false,"_jetpack_newsletter_tier_id":0,"_jetpack_memberships_contains_paywalled_content":false,"_jetpack_memberships_contains_paid_content":false,"footnotes":"","jetpack_publicize_message":"","jetpack_publicize_feature_enabled":true,"jetpack_social_post_already_shared":false,"jetpack_social_options":{"image_generator_settings":{"template":"highway","enabled":false},"version":2}},"categories":[4],"tags":[],"jetpack_publicize_connections":[],"aioseo_notices":[],"jetpack_featured_media_url":"","jetpack_sharing_enabled":true,"jetpack_shortlink":"https:\/\/wp.me\/p9SYmx-ei","jetpack-related-posts":[],"post_mailing_queue_ids":[],"_links":{"self":[{"href":"https:\/\/fontenilles-vtt.fr\/wp\/index.php?rest_route=\/wp\/v2\/posts\/886"}],"collection":[{"href":"https:\/\/fontenilles-vtt.fr\/wp\/index.php?rest_route=\/wp\/v2\/posts"}],"about":[{"href":"https:\/\/fontenilles-vtt.fr\/wp\/index.php?rest_route=\/wp\/v2\/types\/post"}],"author":[{"embeddable":true,"href":"https:\/\/fontenilles-vtt.fr\/wp\/index.php?rest_route=\/wp\/v2\/users\/1"}],"replies":[{"embeddable":true,"href":"https:\/\/fontenilles-vtt.fr\/wp\/index.php?rest_route=%2Fwp%2Fv2%2Fcomments&post=886"}],"version-history":[{"count":4,"href":"https:\/\/fontenilles-vtt.fr\/wp\/index.php?rest_route=\/wp\/v2\/posts\/886\/revisions"}],"predecessor-version":[{"id":894,"href":"https:\/\/fontenilles-vtt.fr\/wp\/index.php?rest_route=\/wp\/v2\/posts\/886\/revisions\/894"}],"wp:attachment":[{"href":"https:\/\/fontenilles-vtt.fr\/wp\/index.php?rest_route=%2Fwp%2Fv2%2Fmedia&parent=886"}],"wp:term":[{"taxonomy":"category","embeddable":true,"href":"https:\/\/fontenilles-vtt.fr\/wp\/index.php?rest_route=%2Fwp%2Fv2%2Fcategories&post=886"},{"taxonomy":"post_tag","embeddable":true,"href":"https:\/\/fontenilles-vtt.fr\/wp\/index.php?rest_route=%2Fwp%2Fv2%2Ftags&post=886"}],"curies":[{"name":"wp","href":"https:\/\/api.w.org\/{rel}","templated":true}]}}