{"id":896,"date":"2011-04-15T11:47:02","date_gmt":"2011-04-15T09:47:02","guid":{"rendered":"http:\/\/fontenillesvtt.fr\/wp\/?p=896"},"modified":"2011-04-15T11:47:02","modified_gmt":"2011-04-15T09:47:02","slug":"crss-et-crsd-des-9-et-10-avril-2011-la-croix-falgarde-et-lisle-jourdain","status":"publish","type":"post","link":"https:\/\/fontenilles-vtt.fr\/wp\/?p=896","title":{"rendered":"CRSS et CRSD des 9 et 10 avril 2011: La croix Falgarde et L&rsquo;isle Jourdain"},"content":{"rendered":"<p><span style=\"text-decoration: underline;\"><strong>Compte Rendu de la Sortie du Samedi<\/strong><\/span><\/p>\n<p>Le rendez vous est donn\u00e9 \u00e0 8h30 \u00e0 l&rsquo;\u00e9glise de Lacroix Falgarde.<\/p>\n<p>Lionel, Nicolas, Sam et fr\u00e9d\u00e9ric \u00e9taient de la partie, et surprise, ils ont vu un vieux Slide d\u00e9bouler.<\/p>\n<p><a href=\"https:\/\/i0.wp.com\/fontenillesvtt.fr\/wp\/wp-content\/uploads\/2011\/04\/IMGP0032.jpg\"><img data-recalc-dims=\"1\" loading=\"lazy\" decoding=\"async\" data-attachment-id=\"898\" data-permalink=\"https:\/\/fontenilles-vtt.fr\/wp\/?attachment_id=898\" data-orig-file=\"https:\/\/i0.wp.com\/fontenilles-vtt.fr\/wp\/wp-content\/uploads\/2011\/04\/IMGP0032.jpg?fit=3648%2C2736&amp;ssl=1\" data-orig-size=\"3648,2736\" data-comments-opened=\"1\" data-image-meta=\"{&quot;aperture&quot;:&quot;5.3&quot;,&quot;credit&quot;:&quot;&quot;,&quot;camera&quot;:&quot;PENTAX Optio W60&quot;,&quot;caption&quot;:&quot;&quot;,&quot;created_timestamp&quot;:&quot;1213022151&quot;,&quot;copyright&quot;:&quot;&quot;,&quot;focal_length&quot;:&quot;9.1&quot;,&quot;iso&quot;:&quot;64&quot;,&quot;shutter_speed&quot;:&quot;0.0025&quot;,&quot;title&quot;:&quot;&quot;}\" data-image-title=\"IMGP0032\" data-image-description=\"\" data-image-caption=\"\" data-medium-file=\"https:\/\/i0.wp.com\/fontenilles-vtt.fr\/wp\/wp-content\/uploads\/2011\/04\/IMGP0032.jpg?fit=300%2C225&amp;ssl=1\" data-large-file=\"https:\/\/i0.wp.com\/fontenilles-vtt.fr\/wp\/wp-content\/uploads\/2011\/04\/IMGP0032.jpg?fit=590%2C443&amp;ssl=1\" class=\"alignnone size-medium wp-image-898\" title=\"IMGP0032\" src=\"https:\/\/i0.wp.com\/fontenillesvtt.fr\/wp\/wp-content\/uploads\/2011\/04\/IMGP0032-300x225.jpg?resize=300%2C225\" alt=\"\" width=\"300\" height=\"225\" srcset=\"https:\/\/i0.wp.com\/fontenilles-vtt.fr\/wp\/wp-content\/uploads\/2011\/04\/IMGP0032.jpg?resize=300%2C225&amp;ssl=1 300w, https:\/\/i0.wp.com\/fontenilles-vtt.fr\/wp\/wp-content\/uploads\/2011\/04\/IMGP0032.jpg?resize=1024%2C768&amp;ssl=1 1024w, https:\/\/i0.wp.com\/fontenilles-vtt.fr\/wp\/wp-content\/uploads\/2011\/04\/IMGP0032.jpg?w=1180&amp;ssl=1 1180w, https:\/\/i0.wp.com\/fontenilles-vtt.fr\/wp\/wp-content\/uploads\/2011\/04\/IMGP0032.jpg?w=1770&amp;ssl=1 1770w\" sizes=\"(max-width: 300px) 100vw, 300px\" \/><\/a><\/p>\n<p>Que dire: super parcours, super temps et super mal aux jambons aujourd&rsquo;hui, merci Fr\u00e9d\u00e9ric. 38kms au compteur pour 850m de d\u00e9nivel\u00e9 et \u00e0 part un petit souci de cales de Lionel tout a roul\u00e9. Nous avons commenc\u00e9 par de belles mont\u00e9es bien raides pour rejoindre le golf, puis de colline en colline, nous rejoignons le splendide single de Notre Dame. Une atmosph\u00e8re exotique nous entourait avec le soleil, le d\u00e9cor verdoyant et une odeur agr\u00e9able, on se serait cru au milieu d&rsquo;une jungle en Asie. Ensuite, nous finissons le tour par le tr\u00e8s ludique chemin le long de l&rsquo;Ari\u00e8ge, bien sec et remuant comme il faut. Rajoutons dans les \u00e9v\u00e8nements notables le fait que Fred avait oubli\u00e9 sa t\u00eate ce matin: une seule chaussure, pas de gants, pas de casques, un sac \u00e0 dos oubli\u00e9 lors d&rsquo;une pose: heureusement les jambes \u00e9taient l\u00e0.<\/p>\n<p><a href=\"https:\/\/i0.wp.com\/fontenillesvtt.fr\/wp\/wp-content\/uploads\/2011\/04\/IMGP0030.jpg\"><img data-recalc-dims=\"1\" loading=\"lazy\" decoding=\"async\" data-attachment-id=\"897\" data-permalink=\"https:\/\/fontenilles-vtt.fr\/wp\/?attachment_id=897\" data-orig-file=\"https:\/\/i0.wp.com\/fontenilles-vtt.fr\/wp\/wp-content\/uploads\/2011\/04\/IMGP0030.jpg?fit=3648%2C2736&amp;ssl=1\" data-orig-size=\"3648,2736\" data-comments-opened=\"1\" data-image-meta=\"{&quot;aperture&quot;:&quot;4.2&quot;,&quot;credit&quot;:&quot;&quot;,&quot;camera&quot;:&quot;PENTAX Optio W60&quot;,&quot;caption&quot;:&quot;&quot;,&quot;created_timestamp&quot;:&quot;1213015175&quot;,&quot;copyright&quot;:&quot;&quot;,&quot;focal_length&quot;:&quot;5&quot;,&quot;iso&quot;:&quot;50&quot;,&quot;shutter_speed&quot;:&quot;0.002&quot;,&quot;title&quot;:&quot;&quot;}\" data-image-title=\"IMGP0030\" data-image-description=\"\" data-image-caption=\"\" data-medium-file=\"https:\/\/i0.wp.com\/fontenilles-vtt.fr\/wp\/wp-content\/uploads\/2011\/04\/IMGP0030.jpg?fit=300%2C225&amp;ssl=1\" data-large-file=\"https:\/\/i0.wp.com\/fontenilles-vtt.fr\/wp\/wp-content\/uploads\/2011\/04\/IMGP0030.jpg?fit=590%2C443&amp;ssl=1\" class=\"alignnone size-medium wp-image-897\" title=\"IMGP0030\" src=\"https:\/\/i0.wp.com\/fontenillesvtt.fr\/wp\/wp-content\/uploads\/2011\/04\/IMGP0030-300x225.jpg?resize=300%2C225\" alt=\"\" width=\"300\" height=\"225\" srcset=\"https:\/\/i0.wp.com\/fontenilles-vtt.fr\/wp\/wp-content\/uploads\/2011\/04\/IMGP0030.jpg?resize=300%2C225&amp;ssl=1 300w, https:\/\/i0.wp.com\/fontenilles-vtt.fr\/wp\/wp-content\/uploads\/2011\/04\/IMGP0030.jpg?resize=1024%2C768&amp;ssl=1 1024w, https:\/\/i0.wp.com\/fontenilles-vtt.fr\/wp\/wp-content\/uploads\/2011\/04\/IMGP0030.jpg?w=1180&amp;ssl=1 1180w, https:\/\/i0.wp.com\/fontenilles-vtt.fr\/wp\/wp-content\/uploads\/2011\/04\/IMGP0030.jpg?w=1770&amp;ssl=1 1770w\" sizes=\"(max-width: 300px) 100vw, 300px\" \/><\/a><\/p>\n<p>Tout le monde a bien suivi, Fred essayait en vain de coller \u00e0 Sam dans les mont\u00e9es pendant que Lionel et Slide jouaient des coudes pour \u00e9viter de finir dans la voiture balais.<\/p>\n<p>Une tr\u00e8s belle sortie de Fred, comme d&rsquo;hab.<\/p>\n<p><strong><span style=\"text-decoration: underline;\">Compte Rendu de la Sortie du Dimanche<\/span><\/strong><\/p>\n<p>Comme pr\u00e9vu, J\u00e9rome, Pat, Nico et Fred se sont retrouv\u00e9s au stade de Fontenilles\u00a0\u00e0 9 h00. Au moment de s&rsquo;\u00e9lancer pour de nouvelles aventures, malgr\u00e9 la pluie fine, voila que surgit au bout du stade le fourgon blanc du Pr\u00e9sident. La sortie est vite prise en main, direction Lisle Jourdain pour une\u00a0reconnaissance. Au vieux pont sur la Save, deux VTTistes passionn\u00e9s\u00a0admirent notre franchissement de l&rsquo;obstacle, et en guise de r\u00e9compense nous am\u00e8nent dans leurs singles secrets du bord de Save\u00a0( rive gauche, en amont de Lisle sur Tarn ), prot\u00e9g\u00e9s par un passage souterrain !<\/p>\n<p>Une derni\u00e8re \u00a0remont\u00e9e vers Fontenilles permet de boucler les 34 km de la sortie, sous les \u00e9claircies.<\/p>\n","protected":false},"excerpt":{"rendered":"<p>Compte Rendu de la Sortie du Samedi Le rendez vous est donn\u00e9 \u00e0 8h30 \u00e0 l&rsquo;\u00e9glise de Lacroix Falgarde. Lionel, Nicolas, Sam et fr\u00e9d\u00e9ric \u00e9taient de la partie, et surprise,&#8230; <\/p>\n<div class=\"read-more\"><a href=\"https:\/\/fontenilles-vtt.fr\/wp\/?p=896\">Lire la suite<\/a><\/div>\n","protected":false},"author":1,"featured_media":0,"comment_status":"open","ping_status":"closed","sticky":false,"template":"","format":"standard","meta":{"om_disable_all_campaigns":false,"_monsterinsights_skip_tracking":false,"_monsterinsights_sitenote_active":false,"_monsterinsights_sitenote_note":"","_monsterinsights_sitenote_category":0,"ngg_post_thumbnail":0,"jetpack_post_was_ever_published":false,"_jetpack_newsletter_access":"","_jetpack_dont_email_post_to_subs":false,"_jetpack_newsletter_tier_id":0,"_jetpack_memberships_contains_paywalled_content":false,"_jetpack_memberships_contains_paid_content":false,"footnotes":"","jetpack_publicize_message":"","jetpack_publicize_feature_enabled":true,"jetpack_social_post_already_shared":false,"jetpack_social_options":{"image_generator_settings":{"template":"highway","enabled":false},"version":2}},"categories":[4,3],"tags":[],"jetpack_publicize_connections":[],"aioseo_notices":[],"jetpack_featured_media_url":"","jetpack_sharing_enabled":true,"jetpack_shortlink":"https:\/\/wp.me\/p9SYmx-es","jetpack-related-posts":[],"post_mailing_queue_ids":[],"_links":{"self":[{"href":"https:\/\/fontenilles-vtt.fr\/wp\/index.php?rest_route=\/wp\/v2\/posts\/896"}],"collection":[{"href":"https:\/\/fontenilles-vtt.fr\/wp\/index.php?rest_route=\/wp\/v2\/posts"}],"about":[{"href":"https:\/\/fontenilles-vtt.fr\/wp\/index.php?rest_route=\/wp\/v2\/types\/post"}],"author":[{"embeddable":true,"href":"https:\/\/fontenilles-vtt.fr\/wp\/index.php?rest_route=\/wp\/v2\/users\/1"}],"replies":[{"embeddable":true,"href":"https:\/\/fontenilles-vtt.fr\/wp\/index.php?rest_route=%2Fwp%2Fv2%2Fcomments&post=896"}],"version-history":[{"count":3,"href":"https:\/\/fontenilles-vtt.fr\/wp\/index.php?rest_route=\/wp\/v2\/posts\/896\/revisions"}],"predecessor-version":[{"id":901,"href":"https:\/\/fontenilles-vtt.fr\/wp\/index.php?rest_route=\/wp\/v2\/posts\/896\/revisions\/901"}],"wp:attachment":[{"href":"https:\/\/fontenilles-vtt.fr\/wp\/index.php?rest_route=%2Fwp%2Fv2%2Fmedia&parent=896"}],"wp:term":[{"taxonomy":"category","embeddable":true,"href":"https:\/\/fontenilles-vtt.fr\/wp\/index.php?rest_route=%2Fwp%2Fv2%2Fcategories&post=896"},{"taxonomy":"post_tag","embeddable":true,"href":"https:\/\/fontenilles-vtt.fr\/wp\/index.php?rest_route=%2Fwp%2Fv2%2Ftags&post=896"}],"curies":[{"name":"wp","href":"https:\/\/api.w.org\/{rel}","templated":true}]}}