{"id":964,"date":"2011-06-06T14:53:36","date_gmt":"2011-06-06T12:53:36","guid":{"rendered":"http:\/\/fontenillesvtt.fr\/wp\/?p=964"},"modified":"2011-06-06T14:53:36","modified_gmt":"2011-06-06T12:53:36","slug":"finalisation-des-traces-29-mai-2011","status":"publish","type":"post","link":"https:\/\/fontenilles-vtt.fr\/wp\/?p=964","title":{"rendered":"Finalisation des trac\u00e9s: 29 mai 2011"},"content":{"rendered":"<p>Le Dimanche 29 mai, un gros groupe se retrouve au stade, \u00e0 8h p\u00e9tante, pour une reco pr\u00e9cise des trac\u00e9s des CG 2011.<\/p>\n<p>J\u00e9rome et Samuel se pr\u00e9parent pour la grande boucle, pendant que DDP, Lionel, Pascal, Patrick, Christophe, Philippe Prat, Guillaume et le Prez se lancent vers le 49km. Il fait beau, pas encore trop chaud, et le terrain est sec et roulant.<\/p>\n<p>Premi\u00e8re partie du trac\u00e9 bien dynamique, avec les raidillons du Gers, qui termine en bord de Save sans la moindre anicroche. Le rythme est soutenu, et GG nous guide avec Maestria.<\/p>\n<p>Nous nous lan\u00e7ons ensuite sur le chemin plat mais traitre du bord de Save, avec de la vitesse et de nombreuses \u00e9gratignures et piqures d&rsquo;orties. Un peu de d\u00e9broussaillage va \u00eatre n\u00e9cessaire. En fin de partie, quelle surprise de retrouver J\u00e9rome et Sam, qui, pour des raisons de m\u00e9canique et de lecture de traces, se sont retrouv\u00e9s derri\u00e8re nous, et nous rejoignent pour finir le parcours.<\/p>\n<p>Troisi\u00e8me partie moins ludique mais n\u00e9cessaire, avec remont\u00e9e le long des champs d&rsquo;Endoufielle, pour prendre finalement les jolis singles sur les hauteurs de Goudourvielle et la descente finale vers Fontenilles.<\/p>\n<p>Le kilom\u00e9trage est bon, le d\u00e9nivel\u00e9 au rendez-vous, reste \u00e0 esp\u00e9rer que le terrain reste sec pour \u00e9viter la boue le 26.<\/p>\n","protected":false},"excerpt":{"rendered":"<p>Le Dimanche 29 mai, un gros groupe se retrouve au stade, \u00e0 8h p\u00e9tante, pour une reco pr\u00e9cise des trac\u00e9s des CG 2011. J\u00e9rome et Samuel se pr\u00e9parent pour la&#8230; <\/p>\n<div class=\"read-more\"><a href=\"https:\/\/fontenilles-vtt.fr\/wp\/?p=964\">Lire la suite<\/a><\/div>\n","protected":false},"author":1,"featured_media":0,"comment_status":"open","ping_status":"closed","sticky":false,"template":"","format":"standard","meta":{"om_disable_all_campaigns":false,"_monsterinsights_skip_tracking":false,"_monsterinsights_sitenote_active":false,"_monsterinsights_sitenote_note":"","_monsterinsights_sitenote_category":0,"ngg_post_thumbnail":0,"jetpack_post_was_ever_published":false,"_jetpack_newsletter_access":"","_jetpack_dont_email_post_to_subs":false,"_jetpack_newsletter_tier_id":0,"_jetpack_memberships_contains_paywalled_content":false,"_jetpack_memberships_contains_paid_content":false,"footnotes":"","jetpack_publicize_message":"","jetpack_publicize_feature_enabled":true,"jetpack_social_post_already_shared":false,"jetpack_social_options":{"image_generator_settings":{"template":"highway","enabled":false},"version":2}},"categories":[4],"tags":[],"jetpack_publicize_connections":[],"aioseo_notices":[],"jetpack_featured_media_url":"","jetpack_sharing_enabled":true,"jetpack_shortlink":"https:\/\/wp.me\/p9SYmx-fy","jetpack-related-posts":[],"post_mailing_queue_ids":[],"_links":{"self":[{"href":"https:\/\/fontenilles-vtt.fr\/wp\/index.php?rest_route=\/wp\/v2\/posts\/964"}],"collection":[{"href":"https:\/\/fontenilles-vtt.fr\/wp\/index.php?rest_route=\/wp\/v2\/posts"}],"about":[{"href":"https:\/\/fontenilles-vtt.fr\/wp\/index.php?rest_route=\/wp\/v2\/types\/post"}],"author":[{"embeddable":true,"href":"https:\/\/fontenilles-vtt.fr\/wp\/index.php?rest_route=\/wp\/v2\/users\/1"}],"replies":[{"embeddable":true,"href":"https:\/\/fontenilles-vtt.fr\/wp\/index.php?rest_route=%2Fwp%2Fv2%2Fcomments&post=964"}],"version-history":[{"count":2,"href":"https:\/\/fontenilles-vtt.fr\/wp\/index.php?rest_route=\/wp\/v2\/posts\/964\/revisions"}],"predecessor-version":[{"id":966,"href":"https:\/\/fontenilles-vtt.fr\/wp\/index.php?rest_route=\/wp\/v2\/posts\/964\/revisions\/966"}],"wp:attachment":[{"href":"https:\/\/fontenilles-vtt.fr\/wp\/index.php?rest_route=%2Fwp%2Fv2%2Fmedia&parent=964"}],"wp:term":[{"taxonomy":"category","embeddable":true,"href":"https:\/\/fontenilles-vtt.fr\/wp\/index.php?rest_route=%2Fwp%2Fv2%2Fcategories&post=964"},{"taxonomy":"post_tag","embeddable":true,"href":"https:\/\/fontenilles-vtt.fr\/wp\/index.php?rest_route=%2Fwp%2Fv2%2Ftags&post=964"}],"curies":[{"name":"wp","href":"https:\/\/api.w.org\/{rel}","templated":true}]}}