{"id":967,"date":"2011-06-06T15:09:12","date_gmt":"2011-06-06T13:09:12","guid":{"rendered":"http:\/\/fontenillesvtt.fr\/wp\/?p=967"},"modified":"2011-06-06T15:09:12","modified_gmt":"2011-06-06T13:09:12","slug":"week-end-de-lascension-le-club-au-diapason","status":"publish","type":"post","link":"https:\/\/fontenilles-vtt.fr\/wp\/?p=967","title":{"rendered":"Week-End de l&rsquo;ascension, le club au diapason"},"content":{"rendered":"<p>Et oui, ce Week End, nous nous sommes retrouv\u00e9s pour une vir\u00e9e en groupe (hommes, femmes et enfants) en Espagne, \u00e0 l&rsquo;Escala.<\/p>\n<p>4 jours de VTT, Bi\u00e8res, Culture (si,si), Plage, Orage aussi, et surtout, de camaraderie.<\/p>\n<p>Une page sp\u00e9ciale sera publi\u00e9e prochainement pour r\u00e9sumer ce moment tant attendu.<\/p>\n<p>Au total, 3 sorties VTT, 2 de 25 km et une de 70km, avec 9 membres du club pr\u00e9sents: GG, Chris, DDP, Fred, Pascal, J\u00e9rome, Lionel, Eric, Castor.<\/p>\n<p>Un grand bravo aux ados qui nous ont accompagn\u00e9s sur la premi\u00e8re sortie dans la caillasse de la Costa Brava.<\/p>\n<p>Merci \u00e0 nos femmes qui se sont occup\u00e9es des enfants pendant nos vir\u00e9es et au club pour les ap\u00e9ritifs charg\u00e9s.<\/p>\n<p>Le camping \u00e9tait tr\u00e8s bien, bravo Fred pour le choix de l&rsquo;endroit et la r\u00e9servation. Oublions la qualit\u00e9 de la cuisine du resto du camping pour retenir une ambiance r\u00e9ussie et une int\u00e9gration des nouveaux et nouvelles.<\/p>\n<p>La Palme d&rsquo;or est r\u00e9serv\u00e9e \u00e0 nos 2 blondinets pour leur vir\u00e9e nocturne d\u00e9nud\u00e9e en bord de mer.<\/p>\n<p>La Palme rose est elle d\u00e9cern\u00e9e \u00e0 Castor et GG conjointement pour avoir ouvertement fait leur coming out&#8230;<\/p>\n","protected":false},"excerpt":{"rendered":"<p>Et oui, ce Week End, nous nous sommes retrouv\u00e9s pour une vir\u00e9e en groupe (hommes, femmes et enfants) en Espagne, \u00e0 l&rsquo;Escala. 4 jours de VTT, Bi\u00e8res, Culture (si,si), Plage,&#8230; <\/p>\n<div class=\"read-more\"><a href=\"https:\/\/fontenilles-vtt.fr\/wp\/?p=967\">Lire la suite<\/a><\/div>\n","protected":false},"author":1,"featured_media":0,"comment_status":"open","ping_status":"closed","sticky":false,"template":"","format":"standard","meta":{"om_disable_all_campaigns":false,"_monsterinsights_skip_tracking":false,"_monsterinsights_sitenote_active":false,"_monsterinsights_sitenote_note":"","_monsterinsights_sitenote_category":0,"ngg_post_thumbnail":0,"jetpack_post_was_ever_published":false,"_jetpack_newsletter_access":"","_jetpack_dont_email_post_to_subs":false,"_jetpack_newsletter_tier_id":0,"_jetpack_memberships_contains_paywalled_content":false,"_jetpack_memberships_contains_paid_content":false,"footnotes":"","jetpack_publicize_message":"","jetpack_publicize_feature_enabled":true,"jetpack_social_post_already_shared":false,"jetpack_social_options":{"image_generator_settings":{"template":"highway","enabled":false},"version":2}},"categories":[4],"tags":[],"jetpack_publicize_connections":[],"aioseo_notices":[],"jetpack_featured_media_url":"","jetpack_sharing_enabled":true,"jetpack_shortlink":"https:\/\/wp.me\/p9SYmx-fB","jetpack-related-posts":[],"post_mailing_queue_ids":[],"_links":{"self":[{"href":"https:\/\/fontenilles-vtt.fr\/wp\/index.php?rest_route=\/wp\/v2\/posts\/967"}],"collection":[{"href":"https:\/\/fontenilles-vtt.fr\/wp\/index.php?rest_route=\/wp\/v2\/posts"}],"about":[{"href":"https:\/\/fontenilles-vtt.fr\/wp\/index.php?rest_route=\/wp\/v2\/types\/post"}],"author":[{"embeddable":true,"href":"https:\/\/fontenilles-vtt.fr\/wp\/index.php?rest_route=\/wp\/v2\/users\/1"}],"replies":[{"embeddable":true,"href":"https:\/\/fontenilles-vtt.fr\/wp\/index.php?rest_route=%2Fwp%2Fv2%2Fcomments&post=967"}],"version-history":[{"count":2,"href":"https:\/\/fontenilles-vtt.fr\/wp\/index.php?rest_route=\/wp\/v2\/posts\/967\/revisions"}],"predecessor-version":[{"id":969,"href":"https:\/\/fontenilles-vtt.fr\/wp\/index.php?rest_route=\/wp\/v2\/posts\/967\/revisions\/969"}],"wp:attachment":[{"href":"https:\/\/fontenilles-vtt.fr\/wp\/index.php?rest_route=%2Fwp%2Fv2%2Fmedia&parent=967"}],"wp:term":[{"taxonomy":"category","embeddable":true,"href":"https:\/\/fontenilles-vtt.fr\/wp\/index.php?rest_route=%2Fwp%2Fv2%2Fcategories&post=967"},{"taxonomy":"post_tag","embeddable":true,"href":"https:\/\/fontenilles-vtt.fr\/wp\/index.php?rest_route=%2Fwp%2Fv2%2Ftags&post=967"}],"curies":[{"name":"wp","href":"https:\/\/api.w.org\/{rel}","templated":true}]}}